{"id":138883,"date":"2025-09-25T22:45:10","date_gmt":"2025-09-25T22:45:10","guid":{"rendered":"https:\/\/www.europesays.com\/es\/138883\/"},"modified":"2025-09-25T22:45:10","modified_gmt":"2025-09-25T22:45:10","slug":"la-cantera-de-la-ufc-llega-a-tenerife-de-la-mano-de-fight2one","status":"publish","type":"post","link":"https:\/\/www.europesays.com\/es\/138883\/","title":{"rendered":"La &#8216;cantera&#8217; de la UFC llega a Tenerife de la mano de Fight2One"},"content":{"rendered":"<p>La <strong>Legacy Fighting Alliance (LFA)<\/strong> la promotora que sirve de verdadero trampol\u00edn y semillero para la UFC llega a Tenerife de la mano de la promotora canaria es una promotora Fight2One, que sigue apostando por el crecimiento de los deportes de contacto en las Islas.<\/p>\n<p>El Santiago Mart\u00edn acoge el s\u00e1bado, 27 de septiembre, el combate estrella entre Nascimento y Makaev, del peso ligero de la promotora estadounidense en alianza con Fight2One.<\/p>\n<p>Nacida en 2017, tras la fusi\u00f3n de <strong>Legacy FC<\/strong> y <strong>Resurrection Fighting Alliance<\/strong>, una de las muestras del alcance de la la LFA es su acuerdo para emitir en directo y  <strong>en exclusiva por UFC Fight Pass<\/strong>, el mayor canal de deportes de contacto de todo el mundo. Nunca antes la LFA hab\u00eda participado en un evento en Espa\u00f1a.<\/p>\n<p><img loading=\"lazy\" decoding=\"async\" width=\"1024\" height=\"640\" alt=\"\" class=\"wp-image-828746 perfmatters-lazy\" src=\"https:\/\/www.europesays.com\/es\/wp-content\/uploads\/2025\/09\/MMA-1024x640.jpg\"  data-\/><\/p>\n<p>LAS PELEAS<\/p>\n<p><strong>MMA<\/strong> <strong>Amateurs<\/strong>: Taylor contra Magassa (peso welter), Burone contra Trujillo (peso pluma) y De la Cruz contra Ram\u00edrez (peso pluma).<\/p>\n<p><strong>Muay Thai<\/strong>: Trujillo contra Attohoe (peso ligero), Gal\u00e1n contra Laamiri (peso pluma).<\/p>\n<p><strong>K1:<\/strong>\u00a0Pe Meis contra Mej\u00eda (peso pluma), Catalin contra Mej\u00eda (peso pluma), G\u00e1lvez contra Farrahy (peso gallo), Llad\u00f3 contra Tosco (peso welter), Perera contra Florenti (peso mosca dorado).<\/p>\n<p>ENTRADAS Y APERTURA DE PUERTAS<\/p>\n<p>Las localidades tendr\u00e1n un precio \u00fanico de 25 euros por persona para poder presenciar toda la velada.\u00a0<a href=\"https:\/\/www.bacantix.com\/Entradas\/WebForms\/Forms\/Venta.aspx?id=psantiagomartin&amp;codigo=000101020000004000139&amp;fbclid=PAZXh0bgNhZW0CMTEAAafScGBvSJ8OUXHCa4aV_Ngrz4bLmMBFIyV83gEIdWlP6B1bIO9CnYWqO1cgtg_aem_6BxBJhv6xllj2eJkwboLGA\" rel=\"nofollow noopener\" target=\"_blank\">Puedes adquirirlas en el siguiente enlace<\/a>. Las\u00a0<strong>puertas se abrir\u00e1n a las 15.00 horas<\/strong>, comenzando el espect\u00e1culo a las 16.00.<\/p>\n","protected":false},"excerpt":{"rendered":"La Legacy Fighting Alliance (LFA) la promotora que sirve de verdadero trampol\u00edn y semillero para la UFC llega&hellip;\n","protected":false},"author":2,"featured_media":138884,"comment_status":"","ping_status":"","sticky":false,"template":"","format":"standard","meta":{"footnotes":""},"categories":[276],"tags":[168,25,24,23,167,343],"class_list":{"0":"post-138883","1":"post","2":"type-post","3":"status-publish","4":"format-standard","5":"has-post-thumbnail","7":"category-ufc","8":"tag-deportes","9":"tag-es","10":"tag-espana","11":"tag-spain","12":"tag-sports","13":"tag-ufc"},"share_on_mastodon":{"url":"","error":""},"_links":{"self":[{"href":"https:\/\/www.europesays.com\/es\/wp-json\/wp\/v2\/posts\/138883","targetHints":{"allow":["GET"]}}],"collection":[{"href":"https:\/\/www.europesays.com\/es\/wp-json\/wp\/v2\/posts"}],"about":[{"href":"https:\/\/www.europesays.com\/es\/wp-json\/wp\/v2\/types\/post"}],"author":[{"embeddable":true,"href":"https:\/\/www.europesays.com\/es\/wp-json\/wp\/v2\/users\/2"}],"replies":[{"embeddable":true,"href":"https:\/\/www.europesays.com\/es\/wp-json\/wp\/v2\/comments?post=138883"}],"version-history":[{"count":0,"href":"https:\/\/www.europesays.com\/es\/wp-json\/wp\/v2\/posts\/138883\/revisions"}],"wp:featuredmedia":[{"embeddable":true,"href":"https:\/\/www.europesays.com\/es\/wp-json\/wp\/v2\/media\/138884"}],"wp:attachment":[{"href":"https:\/\/www.europesays.com\/es\/wp-json\/wp\/v2\/media?parent=138883"}],"wp:term":[{"taxonomy":"category","embeddable":true,"href":"https:\/\/www.europesays.com\/es\/wp-json\/wp\/v2\/categories?post=138883"},{"taxonomy":"post_tag","embeddable":true,"href":"https:\/\/www.europesays.com\/es\/wp-json\/wp\/v2\/tags?post=138883"}],"curies":[{"name":"wp","href":"https:\/\/api.w.org\/{rel}","templated":true}]}}