{"id":138885,"date":"2025-09-25T22:46:08","date_gmt":"2025-09-25T22:46:08","guid":{"rendered":"https:\/\/www.europesays.com\/es\/138885\/"},"modified":"2025-09-25T22:46:08","modified_gmt":"2025-09-25T22:46:08","slug":"rahm-repetira-con-hatton-para-estrenar-la-ryder-cup","status":"publish","type":"post","link":"https:\/\/www.europesays.com\/es\/138885\/","title":{"rendered":"Rahm repetir\u00e1 con Hatton para estrenar la Ryder Cup"},"content":{"rendered":"<p data-gtm-element-container=\"modulo-texto-link\" class=\"paragraph\">Como dicen los americanos: &#8216;It&#8217;s all set&#8217;. Es decir, ya est\u00e1 todo preparado. En Bethpage Black, en el coraz\u00f3n de Long Island. est\u00e1 todo listo para que la Ryder Cup 2025 d\u00e9 sus primeros pasos. S\u00f3lo quedaba conocer los primeros emparejamientos y Keegan Bradley y Luke Donald, capitanes de Estados Unidos y Europa, respectivamente, ya han desvelado las inc\u00f3gnitas.<\/p>\n<p data-gtm-element-container=\"modulo-texto-link\" class=\"paragraph\">La competici\u00f3n comenzar\u00e1 este viernes, a primer\u00edsima hora de la ma\u00f1ana (7.10, 7.26, 7.42 y 7.58, hora local, seis menos que en Espa\u00f1a), con los primeros cuatro puntos en juego, los cuatro primeros foursomes (golpe alterno).<\/p>\n<p>Luke Donald prefiere no tocar lo que funciona y repite la f\u00f3rmula de Roma<\/p>\n<p data-gtm-element-container=\"modulo-texto-link\" class=\"paragraph\">Tras muchas semanas dise\u00f1ando el mejor plan posible para empezar fuerte, uno de los puntos cuya importancia siempre ha remarcado Luke Donald, el ingl\u00e9s ha optado, como se esperaba, por la continuidad, por no tocar lo que funciona.<\/p>\n<p data-gtm-element-container=\"modulo-texto-link\" class=\"paragraph\">Y no hay nada que funcione mejor en los foursomes europeos que la conexi\u00f3n que mantienen Jon\u00a0 Rahm y Tyrrell Hatton, la pareja elegida para jugarse el primer punto, como ya sucedi\u00f3 (con \u00e9xito) hace dos a\u00f1os en Roma. Esta vez, enfrente tendr\u00e1n a dos rivales de a\u00fapa, Bryson DeChambeau y Justin Thomas, dos de los pesos pesados del equipo estadounidense, una gran apuesta del capit\u00e1n Keegan Bradley.<\/p>\n<p data-gtm-element-container=\"modulo-texto-link\" class=\"paragraph\">Tras ellos, saltar\u00e1n al campo Ludvig Aberg y Matt Fitzpatrick por Europa, con Scottie Scheffler y Russell Henley como temibles rivales. El tercer duelo de la primera sesi\u00f3n lo protagonizar\u00e1n Rory McIlroy y Tommy Fleetwood, otra de las parejas m\u00e1s fiables de las que dispone Donald, frente a Colin Morikawa y Harris English. El cuarto y \u00faltimo duelo matinal que vivir\u00e1 Bethpage ser\u00e1 el que mida a Robert MacIntyre y Viktor Hovland a Xander Schauffele y Patrick Cantlay, otra de las parejas que puede marcar el destino norteamericano en esta Ryder Cup.<\/p>\n<p>        Lee tambi\u00e9n<\/p>\n<p>    Luis Buxeres | Farmingdale (NY)<\/p>\n<p>             <img loading=\"lazy\" decoding=\"async\" data-full-src=\"https:\/\/www.lavanguardia.com\/uploads\/2025\/09\/25\/68d52c76693dc.jpeg\" alt=\"Horizontal\" width=\"104\" height=\"108\" src=\"https:\/\/www.europesays.com\/es\/wp-content\/uploads\/2025\/09\/68d52c76693dc.jpeg\" class=\"lazy\"\/><\/p>\n","protected":false},"excerpt":{"rendered":"Como dicen los americanos: &#8216;It&#8217;s all set&#8217;. Es decir, ya est\u00e1 todo preparado. En Bethpage Black, en el&hellip;\n","protected":false},"author":2,"featured_media":138886,"comment_status":"","ping_status":"","sticky":false,"template":"","format":"standard","meta":{"footnotes":""},"categories":[275],"tags":[168,25,24,329,23,167],"class_list":{"0":"post-138885","1":"post","2":"type-post","3":"status-publish","4":"format-standard","5":"has-post-thumbnail","7":"category-golf","8":"tag-deportes","9":"tag-es","10":"tag-espana","11":"tag-golf","12":"tag-spain","13":"tag-sports"},"share_on_mastodon":{"url":"","error":""},"_links":{"self":[{"href":"https:\/\/www.europesays.com\/es\/wp-json\/wp\/v2\/posts\/138885","targetHints":{"allow":["GET"]}}],"collection":[{"href":"https:\/\/www.europesays.com\/es\/wp-json\/wp\/v2\/posts"}],"about":[{"href":"https:\/\/www.europesays.com\/es\/wp-json\/wp\/v2\/types\/post"}],"author":[{"embeddable":true,"href":"https:\/\/www.europesays.com\/es\/wp-json\/wp\/v2\/users\/2"}],"replies":[{"embeddable":true,"href":"https:\/\/www.europesays.com\/es\/wp-json\/wp\/v2\/comments?post=138885"}],"version-history":[{"count":0,"href":"https:\/\/www.europesays.com\/es\/wp-json\/wp\/v2\/posts\/138885\/revisions"}],"wp:featuredmedia":[{"embeddable":true,"href":"https:\/\/www.europesays.com\/es\/wp-json\/wp\/v2\/media\/138886"}],"wp:attachment":[{"href":"https:\/\/www.europesays.com\/es\/wp-json\/wp\/v2\/media?parent=138885"}],"wp:term":[{"taxonomy":"category","embeddable":true,"href":"https:\/\/www.europesays.com\/es\/wp-json\/wp\/v2\/categories?post=138885"},{"taxonomy":"post_tag","embeddable":true,"href":"https:\/\/www.europesays.com\/es\/wp-json\/wp\/v2\/tags?post=138885"}],"curies":[{"name":"wp","href":"https:\/\/api.w.org\/{rel}","templated":true}]}}