{"id":138925,"date":"2025-09-25T23:13:09","date_gmt":"2025-09-25T23:13:09","guid":{"rendered":"https:\/\/www.europesays.com\/es\/138925\/"},"modified":"2025-09-25T23:13:09","modified_gmt":"2025-09-25T23:13:09","slug":"el-chalet-de-los-malaga-como-kilometro-0-de-dos-fichajes-del-caceres","status":"publish","type":"post","link":"https:\/\/www.europesays.com\/es\/138925\/","title":{"rendered":"El \u2018chalet de los M\u00e1laga\u2019 como kil\u00f3metro 0 de dos fichajes del C\u00e1ceres"},"content":{"rendered":"<p class=\"ft-text\">Ir al sal\u00f3n de actos de la oficina central de Cajalmendralejo en C\u00e1ceres, ubicada en el popularmente conocido como <a class=\"ft-link ft-link--decoration\" href=\"https:\/\/www.elperiodicoextremadura.com\/caceres-local\/2018\/02\/21\/chalet-malaga-44188402.html\" target=\"_blank\" rel=\"nofollow noopener\">\u2018chalet de los M\u00e1laga\u2019<\/a>, siempre es bien. All\u00ed convoc\u00f3 este jueves<strong> el C\u00e1ceres Patrimonio la presentaci\u00f3n de dos de sus caras nuevas, Albert Lafuente y Luis Garc\u00eda.<\/strong><\/p>\n<p class=\"ft-text\"><strong>En fin,<\/strong><a class=\"ft-link ft-link--decoration\" href=\"https:\/\/www.elperiodicoextremadura.com\/deportes\/2025\/07\/03\/albert-lafuente-retorna-caceres-patrimonio-albert-lafuente-caceres-baloncesto-segunda-feb-regreso-119336196.html\" target=\"_blank\" rel=\"nofollow noopener\"><strong> la de Lafuente<\/strong><\/a><strong> no es exactamente nueva. <\/strong>Ya estuvo en el club hace tres temporadas, una llena de dificultades en la que se alcanz\u00f3 la permanencia por los pelos. \u00abTengo la misma o m\u00e1s ilusi\u00f3n todav\u00eda que en la primera etapa\u00bb, coment\u00f3 el base. S\u00ed dijo que es diferente \u00aben todos los sentidos, con m\u00e1s experiencia, con m\u00e1s a\u00f1os, que tiene que ser positiva\u00bb, coment\u00f3.<\/p>\n<p class=\"ft-text\">A su favor est\u00e1 que sabe <strong>\u00ablo que es jugar en el Multiusos y c\u00f3mo lo vive esta ciudad y el aficionado\u00bb.<\/strong> \u00abCreo que el C\u00e1ceres puede estar en una liga superior, pero esto es paso a paso, un largo proceso en el que hay que ir quemando etapas. Estoy ilusionado de estar aqu\u00ed, apasionado por el reto y ojal\u00e1 todo vaya bien\u00bb, explic\u00f3.<\/p>\n<p class=\"ft-text\">Viene de jugar muchos minutos y de hacer buenos n\u00fameros en otro equipo de Segunda FEB como el Archena. \u00abEn este tiempo me he asentado m\u00e1s en la posici\u00f3n de base, de director de juego, sin quitar mis virtudes de poder anotar. <strong>Voy a hacer lo que me pide me pide Jacinto [Carbajal, el entrenador] para intentar ayudar al equipo para ganar<\/strong>\u00bb, apunt\u00f3. El pr\u00f3ximo reto es este s\u00e1bado en la pista del Getafe para intentar amarrar un puesto en los dieciseisavos de la Copa Espa\u00f1a.<\/p>\n<p>Luis Garc\u00eda<\/p>\n<p class=\"ft-text\">Menos ubicado tiene el seguidor medio a <a class=\"ft-link ft-link--decoration\" href=\"https:\/\/www.elperiodicoextremadura.com\/deportes\/2025\/07\/21\/ala-pivot-luis-garcia-penultima-119905110.html\" target=\"_blank\" rel=\"nofollow noopener\">Luis Garc\u00eda, que llega desde el Tarragona <\/a>y que puede presumir de ser campe\u00f3n de Europa sub-18 y del mundo sub-19 con Espa\u00f1a. Entonces era m\u00e1s un \u20184\u2019 abierto y ahora est\u00e1 tendiendo a ser un \u20185\u2019.<\/p>\n<p class=\"ft-text\">\u00abTengo 21 a\u00f1os ya. Al final voy cogiendo kilos, me voy haciendo m\u00e1s hombre, y ahora mismo estoy tomando un rol m\u00e1s interior. He trabajado mi f\u00edsico sin perder explosividad y esa velocidad que pod\u00eda tener cuando pesaba menos. Puedo aguantar mejor los contactos y entrar m\u00e1s fuerte al rebote\u00bb, cont\u00f3. Tras apuntarse a la \u2018doctrina Lafuente\u2019 de adaptarse a lo que le pida Carbajal, mencion\u00f3 <strong>su relaci\u00f3n con Jos\u00e9 Mar\u00eda Panadero -exjugador y su actual agente- para llegar a C\u00e1ceres.<\/strong> \u00abNada m\u00e1s decirme que hab\u00eda esta posibilidad me pareci\u00f3 una gran idea. Estuvimos hablando de que era un sitio ideal para intentar dar un salto de nivel\u00bb, desvel\u00f3.<\/p>\n","protected":false},"excerpt":{"rendered":"Ir al sal\u00f3n de actos de la oficina central de Cajalmendralejo en C\u00e1ceres, ubicada en el popularmente conocido&hellip;\n","protected":false},"author":2,"featured_media":138926,"comment_status":"","ping_status":"","sticky":false,"template":"","format":"standard","meta":{"footnotes":""},"categories":[269],"tags":[299,298,3976,43569,168,25,24,285,4758,3855,3977,23,167],"class_list":{"0":"post-138925","1":"post","2":"type-post","3":"status-publish","4":"format-standard","5":"has-post-thumbnail","7":"category-baloncesto","8":"tag-baloncesto","9":"tag-basketball","10":"tag-caceres-basket","11":"tag-chalet","12":"tag-deportes","13":"tag-es","14":"tag-espana","15":"tag-fichajes","16":"tag-kilometro","17":"tag-malaga","18":"tag-segunda-feb","19":"tag-spain","20":"tag-sports"},"share_on_mastodon":{"url":"","error":""},"_links":{"self":[{"href":"https:\/\/www.europesays.com\/es\/wp-json\/wp\/v2\/posts\/138925","targetHints":{"allow":["GET"]}}],"collection":[{"href":"https:\/\/www.europesays.com\/es\/wp-json\/wp\/v2\/posts"}],"about":[{"href":"https:\/\/www.europesays.com\/es\/wp-json\/wp\/v2\/types\/post"}],"author":[{"embeddable":true,"href":"https:\/\/www.europesays.com\/es\/wp-json\/wp\/v2\/users\/2"}],"replies":[{"embeddable":true,"href":"https:\/\/www.europesays.com\/es\/wp-json\/wp\/v2\/comments?post=138925"}],"version-history":[{"count":0,"href":"https:\/\/www.europesays.com\/es\/wp-json\/wp\/v2\/posts\/138925\/revisions"}],"wp:featuredmedia":[{"embeddable":true,"href":"https:\/\/www.europesays.com\/es\/wp-json\/wp\/v2\/media\/138926"}],"wp:attachment":[{"href":"https:\/\/www.europesays.com\/es\/wp-json\/wp\/v2\/media?parent=138925"}],"wp:term":[{"taxonomy":"category","embeddable":true,"href":"https:\/\/www.europesays.com\/es\/wp-json\/wp\/v2\/categories?post=138925"},{"taxonomy":"post_tag","embeddable":true,"href":"https:\/\/www.europesays.com\/es\/wp-json\/wp\/v2\/tags?post=138925"}],"curies":[{"name":"wp","href":"https:\/\/api.w.org\/{rel}","templated":true}]}}