{"id":138954,"date":"2025-09-25T23:40:28","date_gmt":"2025-09-25T23:40:28","guid":{"rendered":"https:\/\/www.europesays.com\/es\/138954\/"},"modified":"2025-09-25T23:40:28","modified_gmt":"2025-09-25T23:40:28","slug":"asi-fue-realmente-la-retirada-de-bmw-de-la-formula-1","status":"publish","type":"post","link":"https:\/\/www.europesays.com\/es\/138954\/","title":{"rendered":"As\u00ed fue realmente la retirada de BMW de la F\u00f3rmula 1"},"content":{"rendered":"<p>\u00bfEra inevitable la desaparici\u00f3n de BMW-Sauber en la temporada 2009 de F\u00f3rmula 1? En la mesa de los miembros habituales del <a href=\"https:\/\/www.youtube.com\/c\/Formel1De\/?sub_confirmation=1\" target=\"_blank\" rel=\"nofollow noopener\">canal de YouTube Formula1.de<\/a>, el ex jefe deportivo de BMW, Mario Theissen, describi\u00f3 c\u00f3mo vivi\u00f3 la situaci\u00f3n.<\/p>\n<p>\u00abHay que ver una decisi\u00f3n como \u00e9sta desde diferentes perspectivas\u00bb, explic\u00f3 Theissen. \u00abPara m\u00ed, como director del equipo, fue desafortunado: era el momento equivocado y dif\u00edcil de digerir para todo el equipo. En este sentido, [la retirada] puede describirse como un error, especialmente porque por primera vez est\u00e1bamos por detr\u00e1s de nuestros objetivos.\u00bb<\/p>\n<p>En 2009, BMW-Sauber hab\u00eda progresado r\u00e1pidamente en algunas \u00e1reas y se hab\u00eda transformado de un s\u00f3lido equipo de mediocampo en un serio aspirante al podio y a la victoria.<\/p>\n<p>Famosa es la \u00fanica victoria en el Gran Premio de 2008 en la carrera de F\u00f3rmula 1 en Canad\u00e1, una doble victoria de <a href=\"https:\/\/lat.motorsport.com\/driver\/robert-kubica\/464781\/\" target=\"_blank\" rel=\"noopener nofollow\">Robert Kubica<\/a> y <a href=\"https:\/\/lat.motorsport.com\/driver\/nick-heidfeld\/465202\/\" target=\"_blank\" rel=\"noopener nofollow\">Nick Heidfeld<\/a>. El jefe del equipo, Theissen, tambi\u00e9n subi\u00f3 al podio en aquella ocasi\u00f3n.<\/p>\n<p>BMW-Sauber cae en un bache de forma en 2009<\/p>\n<p>Sin embargo, BMW-Sauber no consigui\u00f3 mejorar su forma en la temporada 2009 bajo la nueva normativa de la F\u00f3rmula 1: La curva de desempe\u00f1o ya no subi\u00f3, sino que cay\u00f3.<\/p>\n<p>\u00a0<br \/>\n<img decoding=\"async\" class=\"sizer\" draggable=\"false\" src=\"data:image\/png;base64,iVBORw0KGgoAAAANSUhEUgAAABAAAAAJCAYAAAA7KqwyAAAAGXRFWHRTb2Z0d2FyZQBBZG9iZSBJbWFnZVJlYWR5ccllPAAAABpJREFUeNpi\/P\/\/PwMlgImBQjBqwLAwACDAAOVfAw9\/ZDvcAAAAAElFTkSuQmCC\" alt=\"\" loading=\"lazy\"\/><\/p>\n<p>\u00a0<\/p>\n<p class=\"title\">\u00a0<\/p>\n<p>No obstante, Theissen estaba convencido del rumbo que se hab\u00eda tomado: \u00abEstaba absolutamente seguro de que ten\u00edamos el potencial y las herramientas para volver a estar en el juego en los pr\u00f3ximos a\u00f1os.\u00bb<\/p>\n<p>Una rueda de prensa lo cambia todo<\/p>\n<p>Pero no fue as\u00ed: en el verano de 2009, BMW organiz\u00f3 una rueda de prensa con poca antelaci\u00f3n y anunci\u00f3 su retirada de la F\u00f3rmula 1 a finales de a\u00f1o. El propio Theissen se enter\u00f3 \u00abmuy poco tiempo\u00bb antes de la fecha de que el proyecto llegar\u00eda a su fin, debido a la tensa situaci\u00f3n de crisis econ\u00f3mica mundial que se viv\u00eda en aquel momento.<\/p>\n<p>No hab\u00eda mucho margen de negociaci\u00f3n. \u00abEl Grupo tiene muchos proyectos\u00bb, explica Theissen. \u00abY cuando el Consejo de Administraci\u00f3n dice: &#8216;Este ya no es el lugar donde queremos presentar la marca&#8217;, hay pocos argumentos en contra\u00bb.<\/p>\n<p><img decoding=\"async\" src=\"https:\/\/www.europesays.com\/es\/wp-content\/uploads\/2025\/09\/85819796bfde4215a9ad2455af05832a.gif\" alt=\"\" width=\"1\" height=\"1\" loading=\"lazy\"\/><\/p>\n","protected":false},"excerpt":{"rendered":"\u00bfEra inevitable la desaparici\u00f3n de BMW-Sauber en la temporada 2009 de F\u00f3rmula 1? En la mesa de los&hellip;\n","protected":false},"author":2,"featured_media":138955,"comment_status":"","ping_status":"","sticky":false,"template":"","format":"standard","meta":{"footnotes":""},"categories":[270],"tags":[168,25,24,306,271,272,1230,43574,43571,43573,43572,2093,23,167],"class_list":{"0":"post-138954","1":"post","2":"type-post","3":"status-publish","4":"format-standard","5":"has-post-thumbnail","7":"category-formula-1","8":"tag-deportes","9":"tag-es","10":"tag-espana","11":"tag-f1","12":"tag-formula-1","13":"tag-formula1","14":"tag-fu00f3rmula-1","15":"tag-mario-theissen","16":"tag-mario-theissen-revela-asu00ed-fue-realmente-la-retirada-de-bmw-de-la-fu00f3rmula-1","17":"tag-nick-heidfeld","18":"tag-robert-kubica","19":"tag-sauber-f1-team","20":"tag-spain","21":"tag-sports"},"share_on_mastodon":{"url":"","error":""},"_links":{"self":[{"href":"https:\/\/www.europesays.com\/es\/wp-json\/wp\/v2\/posts\/138954","targetHints":{"allow":["GET"]}}],"collection":[{"href":"https:\/\/www.europesays.com\/es\/wp-json\/wp\/v2\/posts"}],"about":[{"href":"https:\/\/www.europesays.com\/es\/wp-json\/wp\/v2\/types\/post"}],"author":[{"embeddable":true,"href":"https:\/\/www.europesays.com\/es\/wp-json\/wp\/v2\/users\/2"}],"replies":[{"embeddable":true,"href":"https:\/\/www.europesays.com\/es\/wp-json\/wp\/v2\/comments?post=138954"}],"version-history":[{"count":0,"href":"https:\/\/www.europesays.com\/es\/wp-json\/wp\/v2\/posts\/138954\/revisions"}],"wp:featuredmedia":[{"embeddable":true,"href":"https:\/\/www.europesays.com\/es\/wp-json\/wp\/v2\/media\/138955"}],"wp:attachment":[{"href":"https:\/\/www.europesays.com\/es\/wp-json\/wp\/v2\/media?parent=138954"}],"wp:term":[{"taxonomy":"category","embeddable":true,"href":"https:\/\/www.europesays.com\/es\/wp-json\/wp\/v2\/categories?post=138954"},{"taxonomy":"post_tag","embeddable":true,"href":"https:\/\/www.europesays.com\/es\/wp-json\/wp\/v2\/tags?post=138954"}],"curies":[{"name":"wp","href":"https:\/\/api.w.org\/{rel}","templated":true}]}}