{"id":138956,"date":"2025-09-25T23:41:08","date_gmt":"2025-09-25T23:41:08","guid":{"rendered":"https:\/\/www.europesays.com\/es\/138956\/"},"modified":"2025-09-25T23:41:08","modified_gmt":"2025-09-25T23:41:08","slug":"bilbao-basket-y-baskonia-rinden-homenaje-a-mumbru-en-la-euskal-kopa-que-se-va-a-gasteiz-91-95-baloncesto","status":"publish","type":"post","link":"https:\/\/www.europesays.com\/es\/138956\/","title":{"rendered":"Bilbao Basket y Baskonia rinden homenaje a Mumbr\u00fa en la Euskal Kopa que se va a Gasteiz (91-95) | Baloncesto"},"content":{"rendered":"<p>        <img decoding=\"async\" alt=\"Jugadores y t\u00e9cnicos de Baskonia, con el trofeo de la Euskal Kopa.\" height=\"800\" loading=\"lazy\"  src=\"https:\/\/www.europesays.com\/es\/wp-content\/uploads\/2025\/09\/Baskonia-EuskalKopa.jpg\"  width=\"1200\"\/>Jugadores y t\u00e9cnicos de Baskonia, con el trofeo de la Euskal Kopa. (SASKI BASKONIA)<\/p>\n<p>Surne Bilbao Basket y Saski Baskonia han disputado este jueves en el polideportivo Lasesarre de Barakaldo la final de la Euskal Kopa, que se ha ido por s\u00e9ptima vez a Gasteiz (91-95).<\/p>\n<p>M\u00e1s all\u00e1 del primer t\u00edtulo del curso antes de que comience lo importante, cabe destacar el homenaje que le han tendido ambos clubes a \u00c1lex Mumbr\u00fa, exjugador y t\u00e9cnico de los bilbainos <a href=\"https:\/\/www.naiz.eus\/eu\/info\/noticia\/20250916\/alex-mumbru-hospitalizado-de-nuevo-a-su-llegada-a-barcelona-por-una-pancreatitis-aguda\" rel=\"nofollow noopener\" target=\"_blank\">que se recupera de una pancreatitis aguda sufrida en el Eurobasket<\/a>.<\/p>\n<p>Respecto al encuentro, el equipo gasteiztarra ha decantado el partido a su favor en una segunda parte m\u00e1s larga de lo habitual ya que se le han a\u00f1adido los casi dos minutos que le han faltado a la primera, cuando se ha decidido parar el partido por la rotura de una canasta en una acci\u00f3n a falta de 1:49 minutos para la media parte.<\/p>\n<blockquote class=\"twitter-tweet\"><p>&#13;<\/p>\n<p dir=\"ltr\" lang=\"es\">Eutsi gogor <a href=\"https:\/\/twitter.com\/Alexmumbru15?ref_src=twsrc%5Etfw\" rel=\"nofollow noopener\" target=\"_blank\">@Alexmumbru15<\/a> <br \/>Estamos contigo \uf4aa<a href=\"https:\/\/twitter.com\/bilbaobasket?ref_src=twsrc%5Etfw\" rel=\"nofollow noopener\" target=\"_blank\">@bilbaobasket<\/a> \uf91d <a href=\"https:\/\/twitter.com\/Baskonia?ref_src=twsrc%5Etfw\" rel=\"nofollow noopener\" target=\"_blank\">@Baskonia<\/a> <a href=\"https:\/\/t.co\/CwyHvfYqHI\" rel=\"nofollow\">pic.twitter.com\/CwyHvfYqHI<\/a><\/p>\n<p>&#13;<br \/>\n\u2014 Surne Bilbao Basket \uf60e (@bilbaobasket) <a href=\"https:\/\/twitter.com\/bilbaobasket\/status\/1971270246570029397?ref_src=twsrc%5Etfw\" rel=\"nofollow noopener\" target=\"_blank\">September 25, 2025<\/a>\n<\/p><\/blockquote>\n<p>Tras el 0-4 inicial a favor del Baskonia, Bilbao Basket ha tomado el mando gracias al tiro exterior de Justin Jaworski y ha dominado hasta que, ya entrado el tercer cuarto, el cuadro de Paolo Galbiati le ha dado definitivamente la vuelta (48-49).<\/p>\n<p>El partido ha entrado en un intercambio de canastas pr\u00e1cticamente hasta el final cuando un triple del reci\u00e9n llegado Markquis Nowell, a 40 segundos con 88-90 en el marcador, ha sentenciado el partido.<\/p>\n<p>Los vizcainos han encarado el partido con la baja de Bassala Bagayoko, aquejado de una subluxaci\u00f3n en su hombro, y el Baskonia con las de Markus Howard, Tadas Sedekerskis, Rodion Kurucs, Mamadi Diakat\u00e9 y Tim Luwawu-Cabarrot, lo que ha obligado a Galbiati a echar mano de los canteranos Joksimovic, I\u00f1igo Royo y Chiek Tidiane.<\/p>\n<p>Adem\u00e1s, en el \u00faltimo cuarto el baskonista Diallo \u2013con 24 puntos y 7 rebotes, para 34 de valoraci\u00f3n\u2013 se ha tenido que retirar lesionado del tobillo y habr\u00e1 que ver c\u00f3mo evoluciona antes del primer encuentro de Euroliga de este mates ante Olympiacos.<\/p>\n<p><strong>FICHA DEL PARTIDO:<\/strong><\/p>\n<p><strong>91 &#8211; Surne Bilbao Basket:<\/strong> Frey (10), Normantas (6), Hilliard (14), Petrasek (4) y Hlinason (15) -cinco inicial-; Jaworski (14), Krampelj (14), Pantzar (12), Sylla (2), Font, Zecevic y Lazarevic.<\/p>\n<p><strong>95 &#8211; Saski Baskonia:<\/strong> Forrest (11), Diallo (24), Joksimovic (4), Frisch y Khalifa Diop (6) -cinco inicial-; Nowell (14), Rafa Villar, Spagnolo (3), Samanic (22), I\u00f1igo Royo (11) y Chiek Tidiane.<\/p>\n<p><strong>Polonara completa su trasplante de m\u00e9dula<\/strong><\/p>\n<p>El italiano Achille Polonara, alero del Dinamo Sassari y exjugador del Baskonia, que sufre de leucemia mieloide, se ha sometido este jueves al trasplante de m\u00e9dula \u00f3sea en Bolonia (norte).<\/p>\n<p>\u00abTrasplante hecho. Todo ok\u00bb, ha publicado en su cuenta de Instagram, con una foto suya desde el Hospital Sant&#8217;Orsola.<\/p>\n<p>Polonara recibi\u00f3 la m\u00e9dula de una mujer estadounidense compatible al 90% y este mismo martes lanz\u00f3 un mensaje de optimismo. \u00abEstoy deseando comenzar. Nos vemos pronto en la pista. Muchas gracias\u00bb, declar\u00f3 en un v\u00eddeo publicado en redes sociales por el propio jugador.<\/p>\n<p>Antes de ingresar el pasado 16 septiembre en el hospital bolo\u00f1\u00e9s, el jugador pas\u00f3 dos meses en un hospital de Valencia, en el que se someti\u00f3 a un tratamiento para frenar la velocidad de progresi\u00f3n de la patolog\u00eda.<\/p>\n<p>Polonara, que pas\u00f3 por el Baskonia, termin\u00f3 su contrato con el Virtus Bolonia este mercado de verano y firm\u00f3, pese a su enfermedad, con el Dinamo Sassari sardo, donde ya milit\u00f3 entre 2017 y 2019.<\/p>\n<p>El alero, al que la selecci\u00f3n italiana de baloncesto llam\u00f3 antes de cada partido del Eurobasket, ya fue operado en octubre de 2023 para que le extirpasen una neoplasia testicular. En esa ocasi\u00f3n, se recuper\u00f3 r\u00e1pidamente y reapareci\u00f3 menos de dos meses despu\u00e9s.<\/p>\n<p>  <script async src=\"https:\/\/platform.twitter.com\/widgets.js\" charset=\"utf-8\"><\/script><\/p>\n","protected":false},"excerpt":{"rendered":"Jugadores y t\u00e9cnicos de Baskonia, con el trofeo de la Euskal Kopa. (SASKI BASKONIA) Surne Bilbao Basket y&hellip;\n","protected":false},"author":2,"featured_media":138957,"comment_status":"","ping_status":"","sticky":false,"template":"","format":"standard","meta":{"footnotes":""},"categories":[269],"tags":[43577,15434,299,1918,298,4714,2601,168,25,24,15668,3934,6552,43576,25164,43575,23,167,379,1511],"class_list":{"0":"post-138956","1":"post","2":"type-post","3":"status-publish","4":"format-standard","5":"has-post-thumbnail","7":"category-baloncesto","8":"tag-43577","9":"tag-15434","10":"tag-baloncesto","11":"tag-basket","12":"tag-basketball","13":"tag-baskonia","14":"tag-bilbao","15":"tag-deportes","16":"tag-es","17":"tag-espana","18":"tag-euskal","19":"tag-gasteiz","20":"tag-homenaje","21":"tag-kopa","22":"tag-mumbru","23":"tag-rinden","24":"tag-spain","25":"tag-sports","26":"tag-va","27":"tag-y"},"share_on_mastodon":{"url":"","error":""},"_links":{"self":[{"href":"https:\/\/www.europesays.com\/es\/wp-json\/wp\/v2\/posts\/138956","targetHints":{"allow":["GET"]}}],"collection":[{"href":"https:\/\/www.europesays.com\/es\/wp-json\/wp\/v2\/posts"}],"about":[{"href":"https:\/\/www.europesays.com\/es\/wp-json\/wp\/v2\/types\/post"}],"author":[{"embeddable":true,"href":"https:\/\/www.europesays.com\/es\/wp-json\/wp\/v2\/users\/2"}],"replies":[{"embeddable":true,"href":"https:\/\/www.europesays.com\/es\/wp-json\/wp\/v2\/comments?post=138956"}],"version-history":[{"count":0,"href":"https:\/\/www.europesays.com\/es\/wp-json\/wp\/v2\/posts\/138956\/revisions"}],"wp:featuredmedia":[{"embeddable":true,"href":"https:\/\/www.europesays.com\/es\/wp-json\/wp\/v2\/media\/138957"}],"wp:attachment":[{"href":"https:\/\/www.europesays.com\/es\/wp-json\/wp\/v2\/media?parent=138956"}],"wp:term":[{"taxonomy":"category","embeddable":true,"href":"https:\/\/www.europesays.com\/es\/wp-json\/wp\/v2\/categories?post=138956"},{"taxonomy":"post_tag","embeddable":true,"href":"https:\/\/www.europesays.com\/es\/wp-json\/wp\/v2\/tags?post=138956"}],"curies":[{"name":"wp","href":"https:\/\/api.w.org\/{rel}","templated":true}]}}