{"id":138966,"date":"2025-09-25T23:47:09","date_gmt":"2025-09-25T23:47:09","guid":{"rendered":"https:\/\/www.europesays.com\/es\/138966\/"},"modified":"2025-09-25T23:47:09","modified_gmt":"2025-09-25T23:47:09","slug":"rita-rosa-ruesga-a-los-grammy-latinos-en-una-jirafa","status":"publish","type":"post","link":"https:\/\/www.europesays.com\/es\/138966\/","title":{"rendered":"Rita Rosa Ruesga: A los Grammy Latinos en una jirafa\u00a0"},"content":{"rendered":"<p>Ella es Rita Rosa Ruesga, y su omisi\u00f3n resulta mucho m\u00e1s escandalosa si se tiene en cuenta que, con esta, suma ya cinco nominaciones, en la misma cantidad de a\u00f1os, al Grammy Latino. Tal vez el hecho de que tan poco reconocimiento se le otorgue en las abundantes rese\u00f1as de prensa sobre los nominados a este tan importante premio sea el lamentable hecho de que la categor\u00eda en que concursa, M\u00fasica para ni\u00f1os, frecuentemente es considerada de menor relevancia y poco atractivo econ\u00f3mico.\u00a0<\/p>\n<p>Aqu\u00ed se las dejo:<\/p>\n<p><b>Pres\u00e9ntate a nuestros lectores, Rita Rosa.<\/b><\/p>\n<p>Soy cantautora infantil, autora de libros para ni\u00f1os y pedagoga en m\u00fasica y educaci\u00f3n temprana. Nac\u00ed en Palma Soriano, Santiago de Cuba. Viv\u00ed en Las Tunas y en La Habana del Este, luego en M\u00e9xico y en Miami. De ni\u00f1a y joven grab\u00e9 varias canciones para Escenario Escolar y Arcoiris Musical bajo la tutela e inspiraci\u00f3n de Jes\u00fas Caldas.<\/p>\n<p>Como autora, tengo varios libros publicados para ni\u00f1os con la editorial Scholastic y tambi\u00e9n con mi propia empresa, Pikitin Learning Projects. Uno de esos t\u00edtulos, Los Mariachis, obtuvo varios premios y a\u00fan sigue siendo un \u00e9xito de ventas de la editorial.<\/p>\n<p><img loading=\"lazy\" decoding=\"async\" class=\"size-full wp-image-613476 aligncenter\" src=\"https:\/\/www.europesays.com\/es\/wp-content\/uploads\/2025\/09\/jirafas-grammy.jpg\" alt=\"\" width=\"512\" height=\"640\"  \/><\/p>\n<p><b>\u00bfC\u00f3mo fue tu formaci\u00f3n en Cuba? <\/b><br \/>Me gradu\u00e9 como Directora de Coros en la Escuela Nacional de Artes. Cant\u00e9 en la agrupaci\u00f3n Coralina dirigida por Alina Orraca.\u00a0<\/p>\n<p><b>\u00bfDesde cu\u00e1ndo vives fuera del pa\u00eds? <\/b><br \/>Hace 33 a\u00f1os que sal\u00ed de Cuba. He regresado solo en dos ocasiones.<\/p>\n<p>A los 21 a\u00f1os me fui a vivir a Quer\u00e9taro, M\u00e9xico, para trabajar en conservatorios de m\u00fasica. Despu\u00e9s me traslad\u00e9 a Estados Unidos, donde resido hasta hoy. <\/p>\n<p>He trabajado principalmente en escuelas como educadora de m\u00fasica y tambi\u00e9n durante muchos a\u00f1os en televisi\u00f3n, en producciones internacionales. Adem\u00e1s, he participado en varias ferias internacionales del libro representando a Estados Unidos como autora hispana, impartiendo talleres y realizando presentaciones musicales y literarias.<\/p>\n<p><b>Enumera los fonogramas por los que has sido nominada anteriormente a los premios <\/b><b>Grammy.\u00a0<\/b><\/p>\n<p>Rita Rosa en el patio de tu casa (2009), Insectos y bicharracos (2010), Canciones de agua (2012), Rumba Flora (2014) y, ahora, Jirafas (2025).<\/p>\n<p><img loading=\"lazy\" decoding=\"async\" class=\"size-full wp-image-613478\" src=\"https:\/\/www.europesays.com\/es\/wp-content\/uploads\/2025\/09\/RITA-ROSA-5.jpg\" alt=\"\" width=\"1080\" height=\"720\"  \/>Camerata de Las Tunas, dirigida por el maestro Samuel Segura. Fotos: Cortes\u00eda de la entrevistada.<\/p>\n<p><b>\u00bfHan participado m\u00fasicos cubanos en todos ellos?\u00a0<\/b><\/p>\n<p>S\u00ed, siempre. M\u00fasicos cubanos de dentro y de fuera de la isla<\/p>\n<p><b>\u00bfTienes discos para adultos?<\/b><\/p>\n<p>No. Solo grabo para el p\u00fablico infantil.<\/p>\n<p><img loading=\"lazy\" decoding=\"async\" class=\"size-full wp-image-613491\" src=\"https:\/\/www.europesays.com\/es\/wp-content\/uploads\/2025\/09\/RITA-ROSA-1.jpg\" alt=\"\" width=\"1190\" height=\"1600\"  \/>Festival Zun-Zun, Miami. Fotos: Cortes\u00eda de la entrevistada.<\/p>\n<p><b>\u00bfC\u00f3mo fue la concepci\u00f3n y realizaci\u00f3n de <\/b><b>Jirafas?<\/b><br \/>Un d\u00eda compr\u00e9 en un anticuario un adorno de la India: una jirafa hecha con retazos de tela. Me encant\u00f3 porque es un animal noble que nos impresiona por su tama\u00f1o. Los ni\u00f1os las adoran porque tambi\u00e9n las encuentran diferentes y sorprendentes.\u00a0<\/p>\n<p>El d\u00eda que hice la compra se me ocurri\u00f3 la historia, pero no me convenc\u00eda el final. Pas\u00e9 aproximadamente dos a\u00f1os buscando la manera de resolverlo, al tiempo que terminaba las canciones.<\/p>\n<p>La producci\u00f3n en Cuba estuvo a cargo de Julio Samuel Segura, hijo de mi mejor amiga de la infancia y actual director de la Orquesta Sinf\u00f3nica de Las Tunas. <\/p>\n<p>Junto a Yunior Larrea, productor e ingeniero, grabamos las cuerdas y algunos instrumentos de viento, como la flauta y el fagot. <\/p>\n<p>Con Jorge Luis Sosa, guantanamero, trabaj\u00e9 la producci\u00f3n e ingenier\u00eda completa. Y con Veleleta Roja, Carlos Cano (flautista cubano), Hern\u00e1n Milla (pianista espa\u00f1ol) y Aldo M\u00e9ndez (cuentacuentos cubano), se sum\u00f3 la magia de la m\u00fasica incidental que acompa\u00f1\u00f3 los di\u00e1logos interpretados por mi hermana Mar\u00eda Ruesga, Tamara Meli\u00e1n y el actor peruano Steven Salgado.<\/p>\n<p>El trabajo de ilustraci\u00f3n, que dio cuerpo y vida a los animales de la historia, fue realizado por la afamada ilustradora cubana Iranidis \u201cIris\u201d Fundora. El libro, que deber\u00e1 presentarse en el primer trimestre del pr\u00f3ximo a\u00f1o, fue \u00edntegramente ilustrado por ella. \u00a1No puedo pedir m\u00e1s!<\/p>\n<p><img loading=\"lazy\" decoding=\"async\" class=\"size-full wp-image-613486\" src=\"https:\/\/www.europesays.com\/es\/wp-content\/uploads\/2025\/09\/RITA-ROSA-4j.jpg\" alt=\"\" width=\"1258\" height=\"1616\"  \/>Cuadro de la obra \u201cJirafa\u201d, pr\u00f3xima a estrenarse. En la foto, Belkis Proenza, Tamara Meli\u00e1n y Steven Salgado. Fotos: Cortes\u00eda de la entrevistada.<\/p>\n<p>\u00a0<\/p>\n<p><b>\u00bfQui\u00e9nes son tus paradigmas en el g\u00e9nero de m\u00fasica para ni\u00f1os y j\u00f3venes en espa\u00f1ol?<\/b><\/p>\n<p>De peque\u00f1a, mi madre \u2014que era pianista y educadora\u2014 siempre nos pon\u00eda discos infantiles de Isolina Carrillo y Cri-Cri (Gavilondo Soler). Tambi\u00e9n recuerdo con cari\u00f1o a Gabi, Fof\u00f3 y Miliki. Entre artistas m\u00e1s actuales, me gusta mucho el d\u00fao Karma; y de Brasil, Palavra Cantada, que me parece incre\u00edble.<\/p>\n<p><b>\u00bfQu\u00e9 es el Pikitin Learning Projects? \u00bfSus libros y discos forman parte de los programas de estudios de alg\u00fan pa\u00eds?<\/b><br \/>Pikitin es una compa\u00f1\u00eda que fund\u00e9 en 2019 para crear contenido educativo inspirado en la m\u00fasica y el arte. Hasta hoy, es mi sustento y mi compa\u00f1era de trabajo diario.\u00a0<\/p>\n<p>Hemos creado numerosos libros, programas suplementarios y recursos de apoyo para educadores de la primera infancia, adem\u00e1s de juguetes educativos para ni\u00f1os peque\u00f1os y para aquellos con necesidades especiales.<\/p>\n<p>Recientemente, uno de nuestros juguetes recibi\u00f3 un importante premio otorgado por padres que recomiendan productos apropiados para la infancia. <\/p>\n<p>En algunas escuelas de Santo Domingo, Per\u00fa y M\u00e9xico se utilizan programas suplementarios de Pikitin, y en muchas escuelas y centros de cuidado infantil de Estados Unidos, tambi\u00e9n.<\/p>\n<p><img loading=\"lazy\" decoding=\"async\" class=\"size-full wp-image-613489\" src=\"https:\/\/www.europesays.com\/es\/wp-content\/uploads\/2025\/09\/RITA-ROSA-2.jpg\" alt=\"\" width=\"2160\" height=\"1423\"  \/>Car\u00e1tulas de libros escritos por Rita Rosa y producidos por Pikitin. Fotos: Cortes\u00eda de la entrevistada.<\/p>\n<p><b>\u00bfCu\u00e1les ser\u00e1n tus pr\u00f3ximos empe\u00f1os?<\/b><\/p>\n<p>Me encantar\u00eda llegar a m\u00e1s educadores de distintos pa\u00edses con nuestros materiales. Creo que la m\u00fasica y las artes pl\u00e1sticas son herramientas imprescindibles para la educaci\u00f3n temprana, especialmente en un mundo donde las pantallas y lo audiovisual compiten constantemente por la atenci\u00f3n de los ni\u00f1os. Hace falta m\u00e1s material tangible y educativo.<\/p>\n<p>Quisiera llevar Pikitin a Cuba. Lo regalar\u00eda a los maestros de una a otra punta del caim\u00e1n. Ya encontrar\u00eda la forma de hacerlo llegar.<\/p>\n<p>Mis sue\u00f1os incluyen abrir una f\u00e1brica de juguetes donde puedan trabajar j\u00f3venes con habilidades especiales y discapacidades. En lo creativo, quiero seguir produciendo m\u00fasica y libros, siempre con la prioridad de educar primero y entretener despu\u00e9s.<\/p>\n<p><img loading=\"lazy\" decoding=\"async\" class=\"size-full wp-image-613494\" src=\"https:\/\/www.europesays.com\/es\/wp-content\/uploads\/2025\/09\/PROMO-Jirafas.jpg\" alt=\"\" width=\"1000\" height=\"1258\"  \/>Foto: Cortes\u00eda de la entrevistada.<\/p>\n","protected":false},"excerpt":{"rendered":"Ella es Rita Rosa Ruesga, y su omisi\u00f3n resulta mucho m\u00e1s escandalosa si se tiene en cuenta que,&hellip;\n","protected":false},"author":2,"featured_media":138967,"comment_status":"","ping_status":"","sticky":false,"template":"","format":"standard","meta":{"footnotes":""},"categories":[170],"tags":[146,147,25,24,43580,17992,184,185,338,23],"class_list":{"0":"post-138966","1":"post","2":"type-post","3":"status-publish","4":"format-standard","5":"has-post-thumbnail","7":"category-musica","8":"tag-entertainment","9":"tag-entretenimiento","10":"tag-es","11":"tag-espana","12":"tag-gramm","13":"tag-grammy-latino","14":"tag-music","15":"tag-musica","16":"tag-portada","17":"tag-spain"},"share_on_mastodon":{"url":"","error":""},"_links":{"self":[{"href":"https:\/\/www.europesays.com\/es\/wp-json\/wp\/v2\/posts\/138966","targetHints":{"allow":["GET"]}}],"collection":[{"href":"https:\/\/www.europesays.com\/es\/wp-json\/wp\/v2\/posts"}],"about":[{"href":"https:\/\/www.europesays.com\/es\/wp-json\/wp\/v2\/types\/post"}],"author":[{"embeddable":true,"href":"https:\/\/www.europesays.com\/es\/wp-json\/wp\/v2\/users\/2"}],"replies":[{"embeddable":true,"href":"https:\/\/www.europesays.com\/es\/wp-json\/wp\/v2\/comments?post=138966"}],"version-history":[{"count":0,"href":"https:\/\/www.europesays.com\/es\/wp-json\/wp\/v2\/posts\/138966\/revisions"}],"wp:featuredmedia":[{"embeddable":true,"href":"https:\/\/www.europesays.com\/es\/wp-json\/wp\/v2\/media\/138967"}],"wp:attachment":[{"href":"https:\/\/www.europesays.com\/es\/wp-json\/wp\/v2\/media?parent=138966"}],"wp:term":[{"taxonomy":"category","embeddable":true,"href":"https:\/\/www.europesays.com\/es\/wp-json\/wp\/v2\/categories?post=138966"},{"taxonomy":"post_tag","embeddable":true,"href":"https:\/\/www.europesays.com\/es\/wp-json\/wp\/v2\/tags?post=138966"}],"curies":[{"name":"wp","href":"https:\/\/api.w.org\/{rel}","templated":true}]}}