{"id":138990,"date":"2025-09-26T00:08:16","date_gmt":"2025-09-26T00:08:16","guid":{"rendered":"https:\/\/www.europesays.com\/es\/138990\/"},"modified":"2025-09-26T00:08:16","modified_gmt":"2025-09-26T00:08:16","slug":"la-gran-promesa-brasilena-que-se-bajo-de-la-formula-1","status":"publish","type":"post","link":"https:\/\/www.europesays.com\/es\/138990\/","title":{"rendered":"La gran promesa brasile\u00f1a que se baj\u00f3 de la F\u00f3rmula 1"},"content":{"rendered":"<p>&#13;<br \/>\n                    &#13;<br \/>\n                        &#13;<br \/>\n&#13;<\/p>\n<p>Supo ser campe\u00f3n de la F2, pero no logr\u00f3 dar el salto y le pondr\u00e1 fin a su etapa como piloto de reserva en Aston Martin para correr en F\u00f3rmula E.<\/p>\n<p>&#13;<br \/>\n<a onclick=\"vApp.ga4SelectContentEvent(&quot;Verstappen ya tiene fecha para debutar en GT3&quot;, &quot;Automovilismo&quot;, &quot;Interlinking&quot;);\" href=\"https:\/\/www.tycsports.com\/automovilismo\/max-verstappen-ya-tiene-fecha-para-debutar-en-gt3-id688237\" rel=\"nofollow noopener\" target=\"_blank\">&#13;<br \/>\n                    &#13;<br \/>\n                    &#13;<br \/>\n                    Verstappen ya tiene fecha para debutar en GT3<\/a> <a onclick=\"vApp.ga4SelectContentEvent(&quot;Grosjean vuelve a subirse a un F\\u00f3rmula 1&quot;, &quot;Automovilismo&quot;, &quot;Interlinking&quot;);\" href=\"https:\/\/www.tycsports.com\/automovilismo\/romain-grosjean-vuelve-a-subirse-a-un-formula-1-id688477\" rel=\"nofollow noopener\" target=\"_blank\">&#13;<br \/>\n                    &#13;<br \/>\n                    &#13;<br \/>\n                    Grosjean vuelve a subirse a un F\u00f3rmula 1<\/a> <img decoding=\"async\" class=\"mainImg r16x9\" width=\"416\" height=\"234\" fetchpriority=\"high\" src=\"https:\/\/www.europesays.com\/es\/wp-content\/uploads\/2025\/09\/drugovich-bortoleto-y-verstappen_416x234.webp\"  alt=\"Drugovich, Bortoleto y Verstappen\" title=\"Drugovich, Bortoleto y Verstappen\"\/> Drugovich, como piloto de reserva de Aston Martin, en una charla junto a su compatriota Gabriel Bortoleto (Sauber) y el campe\u00f3n Max Verstappen (Red Bull). (Rudy Carezzevoli\/Getty Images)<\/p>\n<p>Despu\u00e9s de un largo tiempo a la espera de una oportunidad concreta en la F1 que nunca llego, <b>el talentoso brasile\u00f1o Felipe Drugovich encontr\u00f3 su destino en la F\u00f3rmula E<\/b> y ser\u00e1 piloto del equipo Andretti a partir del 6 de diciembre, como local, en el e-Prix de San Pablo.<\/p>\n<p>&#13;<\/p>\n<p>        El salto a la categor\u00eda el\u00e9ctrica, donde compartir\u00e1 escuder\u00eda con Jake Dennis y tomar\u00e1 el lugar del suizo Nico M\u00fcller, llega tras un largo per\u00edodo en el que<b> quien fue campe\u00f3n de la F2 en 2022, de 25 a\u00f1os, no logr\u00f3 asegurarse un asiento en la m\u00e1xima categor\u00eda.<\/b><\/p>\n<p>Durante este tiempo, <b>actu\u00f3 como piloto de pruebas y reserva en Aston Martin<\/b>, donde fue parte de siete entrenamientos oficiales y reemplaz\u00f3 a Lance Stroll en m\u00e1s de una ocasi\u00f3n debido a lesiones del canadiense, aunque nunca para un GP.<\/p>\n<p>En paralelo, <b>Drugovich se mantuvo en actividad en el mundo de la resistencia,<\/b> como las \u00faltimas dos ediciones de las 24 Horas de Le Mans con el equipo Cadillac, pero la F\u00f3rmula E ser\u00e1 su primer campeonato a tiempo completo desde 2022.<\/p>\n<p>        <img decoding=\"async\" class=\"mainImg\" fetchpriority=\"low\" loading=\"lazy\" src=\"https:\/\/www.europesays.com\/es\/wp-content\/uploads\/2025\/09\/drugovich_w862.webp.webp\" alt=\"Drugovich\" title=\"Drugovich\"\/> El F\u00f3rmula E del equipo Andretti al que se subir\u00e1 Drugovich. (@andrettife)<img decoding=\"async\" class=\"mainImg\" fetchpriority=\"low\" loading=\"lazy\" src=\"https:\/\/www.europesays.com\/es\/wp-content\/uploads\/2025\/09\/1758845292_936_drugovich_w862.webp.webp\" alt=\"Drugovich\" title=\"Drugovich\"\/> Drugovich, presentado por Andretti para la F\u00f3rmula E. (@andrettife)<\/p>\n<p>    &#13;<br \/>\n    &gt;&#13;<\/p>\n<p>        \u201cEstoy muy contento de tener este asiento\u00bb, afirm\u00f3 en declaraciones a Motorsport.com. \u00abEs un placer estar en un equipo de este calibre, en un campeonato mundial, con pilotos y equipos de este nivel, especialmente un equipo con resultados como estos. As\u00ed que estoy realmente feliz. Creo que es el paso correcto\u00bb, ampli\u00f3.<\/p>\n<p><b>El v\u00ednculo con Andretti ser\u00e1 a largo plazo<\/b>: el brasile\u00f1o firm\u00f3 un contrato que asegura su continuidad hasta, al menos, la temporada 2026-2027, que marcar\u00e1 a su vez la llegada del nuevo monoplaza Gen4.<\/p>\n<p>Al mismo tiempo, <b>aclar\u00f3 que su futuro en la F1 no est\u00e1 totalmente descartado<\/b>. \u00abPrimero queremos ver c\u00f3mo evolucionan las cosas con Andretti antes de dar el siguiente paso\u00bb, concluy\u00f3.<\/p>\n<p>        <img decoding=\"async\" loading=\"lazy\" src=\"https:\/\/www.europesays.com\/es\/wp-content\/uploads\/2025\/07\/automovilismo.png\" width=\"50\" heigth=\"50\" alt=\"Logo de Automovilismo\"\/><\/p>\n<p class=\"subs-tag\">&#13;<br \/>\n            &#13;<br \/>\n            &#13;<br \/>\n            &#13;<br \/>\n            &#13;<br \/>\n            &#13;<br \/>\n         No te pierdas nada<\/p>\n<p>        &#13;<br \/>\n            Recib\u00ed las \u00faltimas noticias de Automovilismo \u00a1y m\u00e1s!    &#13;<br \/>\n    &#13;<\/p>\n<p>&#13;<br \/>\n    &#13;<br \/>\n       &#13;<br \/>\n&#13;<br \/>\n        Te puede interesar<a href=\"https:\/\/www.tycsports.com\/automovilismo\/romain-grosjean-vuelve-a-subirse-a-un-formula-1-id688477.html\" onclick=\"ga4SelectContentEvent(&quot;Grosjean vuelve a subirse a un F\\u00f3rmula 1&quot;,&quot;Automovilismo&quot;,&quot;page_nota-comun-2024-blo_4109&quot;,&quot;Juan Manuel Collazo&quot;);\" class=\"cardImageHolder\" rel=\"nofollow noopener\" target=\"_blank\"><img decoding=\"async\" class=\"cardImage r16x9\" width=\"416\" height=\"234\" fetchpriority=\"low\" loading=\"lazy\" src=\"https:\/\/www.europesays.com\/es\/wp-content\/uploads\/2025\/09\/grosjean_416x234.webp\"  alt=\"Grosjean vuelve a subirse a un F\u00f3rmula 1\" title=\"Grosjean vuelve a subirse a un F\u00f3rmula 1\"\/><\/a><a href=\"https:\/\/www.tycsports.com\/automovilismo\/franco-colapinto-explico-costo-adaptarse-alpine-enfocado-pierre-gasly-formula-1-id688273.html\" onclick=\"ga4SelectContentEvent(&quot;Colapinto revel\\u00f3 el motivo por el que le cost\\u00f3 adaptarse al Alpine: \\u201cEst\\u00e1 muy enfocado en Gasly\\u201d&quot;,&quot;Automovilismo&quot;,&quot;page_nota-comun-2024-blo_4109&quot;,&quot;Mat\\u00edas Besana&quot;);\" class=\"cardImageHolder\" rel=\"nofollow noopener\" target=\"_blank\"><img decoding=\"async\" class=\"cardImage r16x9\" width=\"416\" height=\"234\" fetchpriority=\"low\" loading=\"lazy\" src=\"https:\/\/www.europesays.com\/es\/wp-content\/uploads\/2025\/09\/1758845294_198_franco-colapinto-piloto-de-alpine_416x234.webp\"  alt=\"Colapinto revel\u00f3 el motivo por el que le cost\u00f3 adaptarse al Alpine: \u201cEst\u00e1 muy enfocado en Gasly\u201d\" title=\"Colapinto revel\u00f3 el motivo por el que le cost\u00f3 adaptarse al Alpine: \u201cEst\u00e1 muy enfocado en Gasly\u201d\"\/><\/a><a href=\"https:\/\/www.tycsports.com\/automovilismo\/el-mensaje-de-alpine-con-franco-colapinto-como-bandera-para-el-fin-de-semana-id688255.html\" onclick=\"ga4SelectContentEvent(&quot;El mensaje de Alpine con Colapinto como bandera&quot;,&quot;Automovilismo&quot;,&quot;page_nota-comun-2024-blo_4109&quot;,&quot;Federico Gullo&quot;);\" class=\"cardImageHolder\" rel=\"nofollow noopener\" target=\"_blank\">&#13;<br \/>\n                    &#13;<br \/>\n                    &#13;<br \/>\n                <img decoding=\"async\" class=\"cardImage r16x9\" width=\"416\" height=\"234\" fetchpriority=\"low\" loading=\"lazy\" src=\"https:\/\/www.europesays.com\/es\/wp-content\/uploads\/2025\/09\/1758845294_420_franco-colapinto_416x234.webp\"  alt=\"El mensaje de Alpine con Colapinto como bandera\" title=\"El mensaje de Alpine con Colapinto como bandera\"\/><\/a><a href=\"https:\/\/www.tycsports.com\/automovilismo\/max-verstappen-ya-tiene-fecha-para-debutar-en-gt3-id688237.html\" onclick=\"ga4SelectContentEvent(&quot;Verstappen ya tiene fecha para debutar en GT3&quot;,&quot;Automovilismo&quot;,&quot;page_nota-comun-2024-blo_4109&quot;,&quot;Juan Manuel Collazo&quot;);\" class=\"cardImageHolder\" rel=\"nofollow noopener\" target=\"_blank\"><img decoding=\"async\" class=\"cardImage r16x9\" width=\"416\" height=\"234\" fetchpriority=\"low\" loading=\"lazy\" src=\"https:\/\/www.europesays.com\/es\/wp-content\/uploads\/2025\/09\/max-verstappen-tetracampeon-del-mundo_416x234.webp\"  alt=\"Verstappen ya tiene fecha para debutar en GT3\" title=\"Verstappen ya tiene fecha para debutar en GT3\"\/><\/a><a href=\"https:\/\/www.tycsports.com\/automovilismo\/la-f1-decidio-aumentar-el-limite-de-presupuesto-para-2026-id688233.html\" onclick=\"ga4SelectContentEvent(&quot;La F1 decidi\\u00f3 aumentar el l\\u00edmite de presupuesto para 2026&quot;,&quot;Automovilismo&quot;,&quot;page_nota-comun-2024-blo_4109&quot;,&quot;Juan Manuel Collazo&quot;);\" class=\"cardImageHolder\" rel=\"nofollow noopener\" target=\"_blank\"><img decoding=\"async\" class=\"cardImage r16x9\" width=\"416\" height=\"234\" fetchpriority=\"low\" loading=\"lazy\" src=\"https:\/\/www.europesays.com\/es\/wp-content\/uploads\/2025\/09\/1758134351_19_alpine_416x234.webp\"  alt=\"La F1 decidi\u00f3 aumentar el l\u00edmite de presupuesto para 2026\" title=\"La F1 decidi\u00f3 aumentar el l\u00edmite de presupuesto para 2026\"\/><\/a><a href=\"https:\/\/www.tycsports.com\/automovilismo\/juan-tomas-catalan-magni-vuelve-al-turismo-carretera-en-2026-id688207.html\" onclick=\"ga4SelectContentEvent(&quot;Catal\\u00e1n Magni vuelve al TC en 2026&quot;,&quot;Automovilismo&quot;,&quot;page_nota-comun-2024-blo_4109&quot;,&quot;Juan Manuel Collazo&quot;);\" class=\"cardImageHolder\" rel=\"nofollow noopener\" target=\"_blank\"><img decoding=\"async\" class=\"cardImage r16x9\" width=\"416\" height=\"234\" fetchpriority=\"low\" loading=\"lazy\" src=\"https:\/\/www.europesays.com\/es\/wp-content\/uploads\/2025\/09\/tc_416x234.webp.webp\"  alt=\"Catal\u00e1n Magni vuelve al TC en 2026\" title=\"Catal\u00e1n Magni vuelve al TC en 2026\"\/><\/a>&#13;<br \/>\n&#13;<br \/>\n    &#13;<br \/>\n&#13;<br \/>\n&#13;<br \/>\n                  &#13;<\/p>\n","protected":false},"excerpt":{"rendered":"&#13; &#13; &#13; &#13; Supo ser campe\u00f3n de la F2, pero no logr\u00f3 dar el salto y le&hellip;\n","protected":false},"author":2,"featured_media":138991,"comment_status":"","ping_status":"","sticky":false,"template":"","format":"standard","meta":{"footnotes":""},"categories":[270],"tags":[1763,168,25,24,306,271,272,23,167],"class_list":{"0":"post-138990","1":"post","2":"type-post","3":"status-publish","4":"format-standard","5":"has-post-thumbnail","7":"category-formula-1","8":"tag-automovilismo","9":"tag-deportes","10":"tag-es","11":"tag-espana","12":"tag-f1","13":"tag-formula-1","14":"tag-formula1","15":"tag-spain","16":"tag-sports"},"share_on_mastodon":{"url":"","error":""},"_links":{"self":[{"href":"https:\/\/www.europesays.com\/es\/wp-json\/wp\/v2\/posts\/138990","targetHints":{"allow":["GET"]}}],"collection":[{"href":"https:\/\/www.europesays.com\/es\/wp-json\/wp\/v2\/posts"}],"about":[{"href":"https:\/\/www.europesays.com\/es\/wp-json\/wp\/v2\/types\/post"}],"author":[{"embeddable":true,"href":"https:\/\/www.europesays.com\/es\/wp-json\/wp\/v2\/users\/2"}],"replies":[{"embeddable":true,"href":"https:\/\/www.europesays.com\/es\/wp-json\/wp\/v2\/comments?post=138990"}],"version-history":[{"count":0,"href":"https:\/\/www.europesays.com\/es\/wp-json\/wp\/v2\/posts\/138990\/revisions"}],"wp:featuredmedia":[{"embeddable":true,"href":"https:\/\/www.europesays.com\/es\/wp-json\/wp\/v2\/media\/138991"}],"wp:attachment":[{"href":"https:\/\/www.europesays.com\/es\/wp-json\/wp\/v2\/media?parent=138990"}],"wp:term":[{"taxonomy":"category","embeddable":true,"href":"https:\/\/www.europesays.com\/es\/wp-json\/wp\/v2\/categories?post=138990"},{"taxonomy":"post_tag","embeddable":true,"href":"https:\/\/www.europesays.com\/es\/wp-json\/wp\/v2\/tags?post=138990"}],"curies":[{"name":"wp","href":"https:\/\/api.w.org\/{rel}","templated":true}]}}