{"id":138996,"date":"2025-09-26T00:11:20","date_gmt":"2025-09-26T00:11:20","guid":{"rendered":"https:\/\/www.europesays.com\/es\/138996\/"},"modified":"2025-09-26T00:11:20","modified_gmt":"2025-09-26T00:11:20","slug":"su-debut-como-princesa-de-viana-y-lo-que-nunca-podra-hacer-alli-pese-a-ser-quien-es","status":"publish","type":"post","link":"https:\/\/www.europesays.com\/es\/138996\/","title":{"rendered":"su debut como princesa de Viana y lo que nunca podr\u00e1 hacer all\u00ed pese a ser quien es"},"content":{"rendered":"<p>La princesa Leonor sigue viviendo primeras veces. Lejos queda ya su primera intervenci\u00f3n p\u00fablica el d\u00eda de su 13 cumplea\u00f1os, cuando ley\u00f3 el Art\u00edculo I de la Constituci\u00f3n Espa\u00f1ola para celebrar los 40 a\u00f1os de su aprobaci\u00f3n por el Congreso de los Diputados. Tambi\u00e9n<b> ha llovido mucho desde que <a href=\"https:\/\/www.huffingtonpost.es\/entry\/el-estreno-de-leonor-en-los-princesa-de-asturias-en-imagenes_es_5da9f11ce4b08cfcc31ad8ef.html\" rel=\"nofollow noopener\" target=\"_blank\">debut\u00f3 en los Premios Princesa de Asturias<\/a> y en los Princesa de Girona<\/b>, donde ha ido cogiendo peso a\u00f1o tras a\u00f1o. Ambos galardones suponen visitas obligadas a Asturias y a Catalunya, lugares a los que acude encantada y orgullosa.<\/p>\n<p>Cuando <a href=\"https:\/\/www.huffingtonpost.es\/2014\/06\/19\/coronacion-felipe-vi-directo_n_5498522.html\" rel=\"nofollow noopener\" target=\"_blank\">Felipe VI subi\u00f3 al trono el 19 de junio de 2014<\/a>, su hija mayor, Leonor, dej\u00f3 de ser infanta de Espa\u00f1a para convertirse en princesa de Asturias, princesa de Viana, princesa de Girona, duquesa de Montblanch, condesa de Cervera y se\u00f1ora de Balaguer. El primer t\u00edtulo, el principal y con el que se le conoce, era el que ostentaban los herederos de la corona de Castilla desde 1388. Los \u00faltimos son de los siglos XIV y XV y derivan de la corona de Arag\u00f3n. El segundo, <b>el de princesa de Viana, era el que llevaban los herederos del reino de Navarra<\/b>.<\/p>\n<p><img decoding=\"async\" loading=\"lazy\" src=\"https:\/\/img2.huffingtonpost.es\/files\/image_720\/uploads\/2022\/12\/10\/63948fd63aa29.jpeg\" width=\"720\" height=\"0\"  data-full-src=\"https:\/\/www.europesays.com\/es\/wp-content\/uploads\/2025\/09\/63948fd63aa29.jpeg\" \/><\/p>\n<p>            \u00a0<\/p>\n<p>        La princesa Leonor tras su discurso de los premios Princesa de Asturias 2019<\/p>\n<p>Todos esos t\u00edtulos pertenecen a Leonor, pero hasta el momento, <b>solo ha podido lucirse como princesa de Asturias y de Girona en los citados galardones<\/b>, donde a\u00f1o tras a\u00f1o gana soltura y relevancia en las entregas y en todos los actos relacionados. Adem\u00e1s, ostenta la presidencia de honor de ambas fundaciones porque estos premios dependen de ellas y no de gobiernos auton\u00f3micos. Y ah\u00ed est\u00e1 la clave de por qu\u00e9 Navarra se le resiste, m\u00e1s o menos.<\/p>\n<p>Leonor debuta como princesa de Viana<\/p>\n<p>Leonor hace un alto en\u00a0<a href=\"https:\/\/www.huffingtonpost.es\/life\/influencers-celebrities\/contenta-azul-princesa-leonor-ingresa-academia-aire-san-javier-final-formacion-militar.html\" rel=\"nofollow noopener\" target=\"_blank\">su formaci\u00f3n militar en la Academia de San Javier<\/a> para debutar como princesa de Viana por fin. El viernes 26 de septiembre de 2025, la princesa Leonor se desplaza a la comunidad foral junto a los reyes Felipe y Letizia para <b>la primera visita oficial de la heredera a este territorio<\/b>. La acci\u00f3n comienza en el palacio del Gobierno de Navarra en Pamplona, para continuar despu\u00e9s con una visita al Ayuntamiento de Viana. En esta localidad que da nombre a la dignidad navarra de la princesa tambi\u00e9n <b>va a contemplar la exposici\u00f3n por el 600 aniversario del t\u00edtulo de pr\u00edncipe de Viana<\/b> en las ruinas de la iglesia de San Pedro. Es precisamente esta efem\u00e9ride lo que lleva a la heredera de la corona a estas tierras.<\/p>\n<p><img decoding=\"async\" loading=\"lazy\" src=\"https:\/\/img2.huffingtonpost.es\/files\/image_720\/uploads\/2025\/09\/01\/la-princesa-leonor-subida-a-un-avion-pilatus-pc-21-en-su-primer-dia-en-la-academia-del-aire-y-del-espacio-de-san-javier.jpeg\" width=\"720\" height=\"0\"  data-full-src=\"https:\/\/www.europesays.com\/es\/wp-content\/uploads\/2025\/09\/1758845478_858_la-princesa-leonor-subida-a-un-avion-pilatus-pc-21-en-su-primer-dia-en-la-academia-del-aire-y-del-es.jpeg\" \/><\/p>\n<p>            \u00a0<\/p>\n<p>        La princesa Leonor subida a un avi\u00f3n Pilatus PC-21 en su primer d\u00eda en la Academia del Aire y del Espacio de San Javier.Jesus Briones<\/p>\n<p>Por supuesto el viaje incluye<b> un homenaje a los reyes y al reino de Navarra en el monasterio de San Salvador de Leyre<\/b>, en Yesa, lugar de enterramiento de los monarcas navarros. Eso ocurre en la tarde del mencionado viernes. Era ah\u00ed precisamente donde don Felipe acud\u00eda cada a\u00f1o para la entrega del Pr\u00edncipe de Viana de la Cultura.<\/p>\n<p>Al d\u00eda siguiente hay m\u00e1s. En la ma\u00f1ana del s\u00e1bado, la familia real se traslada al palacio real de Olite, construido en el siglo XIV y que fue residencia de los reyes de Navarra. Para terminar, los reyes y su hija viajan a Tudela, donde les esperan en el ayuntamiento y en el palacio del marqu\u00e9s de San Adri\u00e1n. Y <b>as\u00ed es el gran debut de Leonor en la comunidad foral, porque la cosa se queda ah\u00ed<\/b>.<\/p>\n<p>Sin cambios para el Pr\u00edncipe de Viana de la Cultura<\/p>\n<p>Cuando era el heredero, Felipe visit\u00f3 Viana en 1998 atendiendo a la petici\u00f3n consistorial, haciendo as\u00ed uso del segundo de sus t\u00edtulos por aquel entonces. Adem\u00e1s, se encarg\u00f3 de entregar el Premio Pr\u00edncipe de Viana de la Cultura. Pero <b>todo cambi\u00f3 en 2015:<\/b>\u00a0poco antes de subir al trono otorg\u00f3 el galard\u00f3n por \u00faltima vez como pr\u00edncipe de Viana. Al a\u00f1o siguiente volvi\u00f3 ya como rey junto do\u00f1a Letizia, pero esa fue la \u00faltima edici\u00f3n porque\u00a0<b>desde 2016 ning\u00fan miembro de casa real se ha ocupado de dar el galard\u00f3n al premiado o premiada.<\/b>\u00a0Ni siquiera cuando Leonor se ha ido haciendo mayor se ha vuelto a contactar con La Zarzuela.<\/p>\n<p><img decoding=\"async\" loading=\"lazy\" src=\"https:\/\/img2.huffingtonpost.es\/files\/image_720\/uploads\/2025\/09\/25\/los-reyes-felipe-y-letizia-en-la-entrega-del-premio-principe-de-viana-de-la-cultura-2015-la-ultima-edicion-a-la-que-acudieron.jpeg\" width=\"720\" height=\"0\"  data-full-src=\"https:\/\/www.europesays.com\/es\/wp-content\/uploads\/2025\/09\/los-reyes-felipe-y-letizia-en-la-entrega-del-premio-principe-de-viana-de-la-cultura-2015-la-ultima-e.jpeg\" \/><\/p>\n<p>            \u00a0<\/p>\n<p>        Los reyes Felipe y Letizia en la entrega del Premio Pr\u00edncipe de Viana de la Cultura 2015, la \u00faltima edici\u00f3n a la que acudieron.Carlos Alvarez<\/p>\n<p>En su momento, el gobierno de Uxue Barcos, de ideolog\u00eda nacionalista, <b>opt\u00f3 por desvincular a la corona de este premio<\/b>. Tampoco se cambi\u00f3 el nombre, lo que s\u00ed se hizo con los galardones que se entregan en Oviedo y en Catalunya. Se qued\u00f3 as\u00ed incluso cuando lleg\u00f3 el PSOE al poder en la comunidad foral y no parece que vaya a cambiar.<\/p>\n<p>El Huff Post se puso en contacto con La Zarzuela, que se\u00f1al\u00f3 que no tienen constancia de que haya cambios a este respecto. Por tanto, <b>nadie les ha informado de que casa real vuelva a ocuparse de la entrega del Premio Pr\u00edncipe de Viana de la Cultura<\/b>, ni tampoco que se vaya a proceder a un cambio de nombre. Y efectivamente, no les han avisado de nada, porque no hay cambio.<\/p>\n<p>As\u00ed lo pudo confirmar este medio con la consejer\u00eda de Cultura, Deporte y Turismo de Navarra, desde donde se nos hizo saber que \u00ab<b>no hay previsto ning\u00fan cambio en lo que respecta al Premio Pr\u00edncipe de Viana en la comunidad<\/b> y a c\u00f3mo se viene desarrollando en los \u00faltimos a\u00f1os\u00bb. Es decir, la princesa Leonor no ha entregado nunca el galard\u00f3n, y va a seguir sin hacerlo.<\/p>\n<p><img decoding=\"async\" loading=\"lazy\" src=\"https:\/\/img2.huffingtonpost.es\/files\/image_720\/uploads\/2025\/07\/23\/la-familia-real-en-los-premios-princesa-de-girona.jpeg\" width=\"720\" height=\"0\"  data-full-src=\"https:\/\/www.europesays.com\/es\/wp-content\/uploads\/2025\/09\/la-familia-real-en-los-premios-princesa-de-girona.jpeg\" \/><\/p>\n<p>            \u00a0<\/p>\n<p>        La familia real en los Premios Princesa de GironaGTRES<\/p>\n<p>\u00bfPor qu\u00e9 se cambi\u00f3 el nombre en los otros dos premios y no en el de Viana y por qu\u00e9 en el caso navarro se apart\u00f3 a la casa real? La respuesta es tan sencilla como que <b>los Premios Princesa de Asturias y los Premios Princesa de Girona los otorgan fundaciones<\/b> que cuentan con Leonor como su presidenta de honor y con contacto estrecho con la casa real. En el caso del galard\u00f3n cultural, depende del gobierno foral. <b>En su momento el ejecutivo despoj\u00f3 a la corona de su implicaci\u00f3n y una d\u00e9cada despu\u00e9s no tienen pensado que la cosa cambie<\/b>. El Premio Pr\u00edncipe de Viana se seguir\u00e1 entregando a\u00f1o a a\u00f1o, pero no veremos ah\u00ed a Leonor, princesa de Viana pese a todo.<\/p>\n","protected":false},"excerpt":{"rendered":"La princesa Leonor sigue viviendo primeras veces. Lejos queda ya su primera intervenci\u00f3n p\u00fablica el d\u00eda de su&hellip;\n","protected":false},"author":2,"featured_media":138997,"comment_status":"","ping_status":"","sticky":false,"template":"","format":"standard","meta":{"footnotes":""},"categories":[174],"tags":[255,5437,146,147,25,24,256,11646,708,1650,23],"class_list":{"0":"post-138996","1":"post","2":"type-post","3":"status-publish","4":"format-standard","5":"has-post-thumbnail","7":"category-famosos","8":"tag-celebrities","9":"tag-debut","10":"tag-entertainment","11":"tag-entretenimiento","12":"tag-es","13":"tag-espana","14":"tag-famosos","15":"tag-leonor","16":"tag-navarra","17":"tag-princesa","18":"tag-spain"},"share_on_mastodon":{"url":"","error":""},"_links":{"self":[{"href":"https:\/\/www.europesays.com\/es\/wp-json\/wp\/v2\/posts\/138996","targetHints":{"allow":["GET"]}}],"collection":[{"href":"https:\/\/www.europesays.com\/es\/wp-json\/wp\/v2\/posts"}],"about":[{"href":"https:\/\/www.europesays.com\/es\/wp-json\/wp\/v2\/types\/post"}],"author":[{"embeddable":true,"href":"https:\/\/www.europesays.com\/es\/wp-json\/wp\/v2\/users\/2"}],"replies":[{"embeddable":true,"href":"https:\/\/www.europesays.com\/es\/wp-json\/wp\/v2\/comments?post=138996"}],"version-history":[{"count":0,"href":"https:\/\/www.europesays.com\/es\/wp-json\/wp\/v2\/posts\/138996\/revisions"}],"wp:featuredmedia":[{"embeddable":true,"href":"https:\/\/www.europesays.com\/es\/wp-json\/wp\/v2\/media\/138997"}],"wp:attachment":[{"href":"https:\/\/www.europesays.com\/es\/wp-json\/wp\/v2\/media?parent=138996"}],"wp:term":[{"taxonomy":"category","embeddable":true,"href":"https:\/\/www.europesays.com\/es\/wp-json\/wp\/v2\/categories?post=138996"},{"taxonomy":"post_tag","embeddable":true,"href":"https:\/\/www.europesays.com\/es\/wp-json\/wp\/v2\/tags?post=138996"}],"curies":[{"name":"wp","href":"https:\/\/api.w.org\/{rel}","templated":true}]}}