{"id":138998,"date":"2025-09-26T00:13:06","date_gmt":"2025-09-26T00:13:06","guid":{"rendered":"https:\/\/www.europesays.com\/es\/138998\/"},"modified":"2025-09-26T00:13:06","modified_gmt":"2025-09-26T00:13:06","slug":"mircea-cartarescu-recibe-hoy-en-murcia-el-premio-exlibris","status":"publish","type":"post","link":"https:\/\/www.europesays.com\/es\/138998\/","title":{"rendered":"Mircea C\u00e3rt\u00e3rescu recibe hoy en Murcia el premio ExLibris"},"content":{"rendered":"<p class=\"v-mdl-ath__p v-mdl-ath__p--6\">\nViernes, 26 de septiembre 2025, 00:14<\/p>\n<p class=\"v-p\">La octava edici\u00f3n de la Semana Internacional de las Letras &#8216;ExLibris Murcia&#8217;, que concluye el 28 de septiembre, otorga esta noche sus premios 2025 al escritor rumano Mircea C\u00e3rt\u00e3rescu, a la editorial Larousse y a la agencia literaria Carmen Balcells. Los premios ser\u00e1n entregados en un acto que tendr\u00e1 lugar hoy, conducido por Antonio Bot\u00edas y Marta Robles, con actuaciones de AMAGO, El Otro Para\u00edso, Ada Ulises y la Cuadrilla de Torreag\u00fcera. Ser\u00e1 a las 20:30 horas en el Auditorio de la Fundaci\u00f3n Mediterr\u00e1neo (frente Soportales).<\/p>\n<p class=\"v-p\">Mircea C\u00e3rt\u00e3rescu, poeta, narrador y ensayista, es considerado el m\u00e1s importante escritor rumano de la actualidad. Su trilog\u00eda &#8216;Cegador&#8217; supuso su consagraci\u00f3n literaria y le ha procurado premios como el Gregor von Rezzori y el Thomas Mann. Cabe mencionar su libro de cuentos &#8216;Las Bellas Extranjeras&#8217;, as\u00ed como &#8216;El ojo casta\u00f1o de nuestro amor&#8217;, volumen de relatos autobiogr\u00e1ficos. &#8216;Solenoide&#8217;, de 2015, fue incluida en el listado de los mejores libros del a\u00f1o por la prensa cultural espa\u00f1ola e iberoamericana. En oto\u00f1o de 2024 se public\u00f3 en Espa\u00f1a su novela &#8216;Theodoros&#8217;. Sus textos han sido vertidos a m\u00e1s de una decena de idiomas. Es el autor rumano m\u00e1s apreciado en el extranjero y es candidato al Premio Nobel de Literatura. Su obra en Espa\u00f1a est\u00e1 publicada por Impedimenta, la editorial fundada por Enrique Redel y Pilar Ad\u00f3n.<\/p>\n<p class=\"v-p\">Cartarescu participa a la 18 horas en la Biblioteca Regional en un encuentro abierto con Juanjo Lara.<\/p>\n<p class=\"v-p\">El Premio Fomento a la Lectura ha sido otorgado a la Agencia Literaria Carmen Balcells, fundada hace m\u00e1s de sesenta a\u00f1os con el prop\u00f3sito de dignificar la profesi\u00f3n del escritor y defender sus derechos en todo el mundo. Recoger\u00e1 el premio en Murcia su hijo Luis Miguel Palomares Balcells. La editorial Larousse, desde su fundaci\u00f3n en 1852, ha sido un pilar esencial en la difusi\u00f3n del conocimiento y la cultura. La CEO del grupo Anaya, Marta Mart\u00ednez, recoger\u00e1 hoy el galard\u00f3n a la labor editorial. <\/p>\n<p class=\"v-p\">ExLibris, que organiza la asociaci\u00f3n &#8216;Hay un tigre detr\u00e1s de ti&#8217; con el patrocinio de la Comunidad Aut\u00f3noma, consta de m\u00e1s de 70 actos en 16 sedes, con m\u00e1s de 150 autores y personalidades de la cultura, conciertos, exposiciones, cine y otras actividades.<\/p>\n<p>Comenta<\/p>\n<p>Reporta un error<\/p>\n","protected":false},"excerpt":{"rendered":"Viernes, 26 de septiembre 2025, 00:14 La octava edici\u00f3n de la Semana Internacional de las Letras &#8216;ExLibris Murcia&#8217;,&hellip;\n","protected":false},"author":2,"featured_media":138999,"comment_status":"","ping_status":"","sticky":false,"template":"","format":"standard","meta":{"footnotes":""},"categories":[172],"tags":[224,43582,146,147,25,24,43583,315,225,43581,1478,843,3684,23],"class_list":{"0":"post-138998","1":"post","2":"type-post","3":"status-publish","4":"format-standard","5":"has-post-thumbnail","7":"category-libros","8":"tag-books","9":"tag-cartarescu","10":"tag-entertainment","11":"tag-entretenimiento","12":"tag-es","13":"tag-espana","14":"tag-exlibris","15":"tag-hoy","16":"tag-libros","17":"tag-mircea","18":"tag-murcia","19":"tag-premio","20":"tag-recibe","21":"tag-spain"},"share_on_mastodon":{"url":"","error":""},"_links":{"self":[{"href":"https:\/\/www.europesays.com\/es\/wp-json\/wp\/v2\/posts\/138998","targetHints":{"allow":["GET"]}}],"collection":[{"href":"https:\/\/www.europesays.com\/es\/wp-json\/wp\/v2\/posts"}],"about":[{"href":"https:\/\/www.europesays.com\/es\/wp-json\/wp\/v2\/types\/post"}],"author":[{"embeddable":true,"href":"https:\/\/www.europesays.com\/es\/wp-json\/wp\/v2\/users\/2"}],"replies":[{"embeddable":true,"href":"https:\/\/www.europesays.com\/es\/wp-json\/wp\/v2\/comments?post=138998"}],"version-history":[{"count":0,"href":"https:\/\/www.europesays.com\/es\/wp-json\/wp\/v2\/posts\/138998\/revisions"}],"wp:featuredmedia":[{"embeddable":true,"href":"https:\/\/www.europesays.com\/es\/wp-json\/wp\/v2\/media\/138999"}],"wp:attachment":[{"href":"https:\/\/www.europesays.com\/es\/wp-json\/wp\/v2\/media?parent=138998"}],"wp:term":[{"taxonomy":"category","embeddable":true,"href":"https:\/\/www.europesays.com\/es\/wp-json\/wp\/v2\/categories?post=138998"},{"taxonomy":"post_tag","embeddable":true,"href":"https:\/\/www.europesays.com\/es\/wp-json\/wp\/v2\/tags?post=138998"}],"curies":[{"name":"wp","href":"https:\/\/api.w.org\/{rel}","templated":true}]}}