{"id":139006,"date":"2025-09-26T00:17:06","date_gmt":"2025-09-26T00:17:06","guid":{"rendered":"https:\/\/www.europesays.com\/es\/139006\/"},"modified":"2025-09-26T00:17:06","modified_gmt":"2025-09-26T00:17:06","slug":"muere-un-excanterano-del-arsenal-tras-una-lesion-cerebral-en-un-partido","status":"publish","type":"post","link":"https:\/\/www.europesays.com\/es\/139006\/","title":{"rendered":"muere un excanterano del Arsenal tras una lesi\u00f3n cerebral en un partido"},"content":{"rendered":"<p class=\"ft-text\">Luto en el mundo del f\u00fatbol. <strong>Billy Vigar<\/strong>, excanterano del <strong>Arsenal <\/strong>y jugador del <strong>Chichester FC<\/strong>, ha fallecido esta semana tras sufrir una grave lesi\u00f3n cerebral en un partido el pasado fin de semana. El jugador de 21 a\u00f1os se encontraba en coma inducido desde el pasado s\u00e1bado, cuando sufri\u00f3 un golpe en la cabeza con un muro en el partido contra el <strong>Finchley <\/strong>en la <strong>Isthmian League Premier Division<\/strong>, es decir, la s\u00e9ptima divisi\u00f3n del f\u00fatbol ingl\u00e9s. Billy finalmente <strong>no ha podido superar sus lesiones cerebrales<\/strong> y ha terminado falleciendo esta semana en una nueva noticia tr\u00e1gica para el deporte.<\/p>\n<p class=\"ft-text\">\u00abDespu\u00e9s de sufrir una grave lesi\u00f3n cerebral el s\u00e1bado, <strong>Billy Vigar fue puesto en coma inducido<\/strong>. El martes necesit\u00f3 una operaci\u00f3n para aumentar sus posibilidades de recuperarse. Aunque esto ayud\u00f3, la lesi\u00f3n ha sido demasiado para \u00e9l y <strong>ha fallecido este martes por la ma\u00f1ana<\/strong>\u00ab, dijo su familia en un comunicado.<\/p>\n<p class=\"ft-text\">El canterano del <strong>Arsenal <\/strong>se incorpor\u00f3 a la disciplina &#8216;gunner&#8217; con apenas 14 a\u00f1os donde coincidi\u00f3 en las categor\u00edas inferiores con jugadores como Charles Sagoe Jr, Remy Mitchell, Omari Hutchinson, Charlie Pati\u00f1o o Brook Norton-Cuffy. Estuvo cedido en el <strong>Derby County<\/strong> y el <strong>Eastbourne Borough<\/strong> y al final de la temporada 2023\/24, regres\u00f3 a su costa sur natal, firmando por Hastings United, antes de mudarse a Chichester el mes pasado.<\/p>\n<p class=\"ft-text\">\u00abAdem\u00e1s de su gran talento, <strong>Billy <\/strong>siempre ser\u00e1 recordado por su amor por el juego, su orgullo por representar a nuestro club de f\u00fatbol (una vez llam\u00f3 al d\u00eda en que nuestros cazatalentos lo descubrieron \u00abel m\u00e1s importante de su vida\u00bb) y un personaje querido por sus compa\u00f1eros de equipo y entrenadores por igual\u00bb, recuerda el Arsenal en su comunicado. \u00ab<strong>Nuestro m\u00e1s sentido p\u00e9same a la familia Vigar y a sus numerosos amigos en este momento extremadamente dif\u00edcil<\/strong>\u00ab.<\/p>\n<p>El comunicado del Arsenal<\/p>\n<p class=\"ft-text\"><strong>Todos en el Arsenal Football Club lamentamos profundamente el tr\u00e1gico fallecimiento del delantero del Chichester City y ex jugador de la academia del Arsenal, Billy Vigar.<\/strong><\/p>\n<p class=\"ft-text\">Billy se uni\u00f3 a nuestra academia a los 14 a\u00f1os, tras ser descubierto en el club de su ciudad natal, el Hove Rivervale FC, y brill\u00f3 como delantero en el Hale End, anotando 17 goles en su temporada de debut. En 2020, sus buenas actuaciones le valieron una beca y se uni\u00f3 a nosotros a tiempo completo para la temporada 2020\/21. Entre sus jugadores se encontraban Charles Sagoe Jr., Remy Mitchell y otros como Omari Hutchinson, Charlie Patino y Brook Norton-Cuffy.<\/p>\n<p class=\"ft-text\">R\u00e1pido, potente y ferozmente decidido, su primera temporada como estudiante se vio empa\u00f1ada por una grave lesi\u00f3n en el tend\u00f3n de la corva, pero lo compens\u00f3 en la segunda, anotando cuatro goles en 18 apariciones sub-18 y firm\u00f3 t\u00e9rminos profesionales para el club al final de esa temporada 2021\/22.<\/p>\n<p class=\"ft-text\">Billy continu\u00f3 apareciendo para nosotros en el PL2 y el EFL Trophy y demostr\u00f3 ser un activo en todas las posiciones de ataque e incluso suplente en defensa; su versatilidad ilustra su compromiso con el cuerpo t\u00e9cnico y su equipo.<\/p>\n<p class=\"ft-text\">Disfrut\u00f3 de per\u00edodos de pr\u00e9stamo en Derby County y Eastbourne Borough y al final de la temporada 2023\/24, regres\u00f3 a su costa sur natal, firmando por Hastings United, antes de mudarse a Chichester el mes pasado.<\/p>\n<p class=\"ft-text\">Adem\u00e1s de su gran talento, Billy siempre ser\u00e1 recordado por su amor por el juego, su orgullo por representar a nuestro club de f\u00fatbol (una vez llam\u00f3 al d\u00eda en que nuestros cazatalentos lo descubrieron \u00abel m\u00e1s importante de su vida\u00bb) y un personaje querido por sus compa\u00f1eros de equipo y entrenadores por igual.<\/p>\n<p class=\"ft-text\">Nuestro m\u00e1s sentido p\u00e9same a la familia Vigar y a sus numerosos amigos en este momento extremadamente dif\u00edcil.<\/p>\n","protected":false},"excerpt":{"rendered":"Luto en el mundo del f\u00fatbol. Billy Vigar, excanterano del Arsenal y jugador del Chichester FC, ha fallecido&hellip;\n","protected":false},"author":2,"featured_media":139007,"comment_status":"","ping_status":"","sticky":false,"template":"","format":"standard","meta":{"footnotes":""},"categories":[93],"tags":[5031,168,25,24,43584,282,15296,8938,23,167],"class_list":{"0":"post-139006","1":"post","2":"type-post","3":"status-publish","4":"format-standard","5":"has-post-thumbnail","7":"category-deportes","8":"tag-arsenal","9":"tag-deportes","10":"tag-es","11":"tag-espana","12":"tag-excanterano","13":"tag-futbol","14":"tag-luto","15":"tag-muere","16":"tag-spain","17":"tag-sports"},"share_on_mastodon":{"url":"","error":""},"_links":{"self":[{"href":"https:\/\/www.europesays.com\/es\/wp-json\/wp\/v2\/posts\/139006","targetHints":{"allow":["GET"]}}],"collection":[{"href":"https:\/\/www.europesays.com\/es\/wp-json\/wp\/v2\/posts"}],"about":[{"href":"https:\/\/www.europesays.com\/es\/wp-json\/wp\/v2\/types\/post"}],"author":[{"embeddable":true,"href":"https:\/\/www.europesays.com\/es\/wp-json\/wp\/v2\/users\/2"}],"replies":[{"embeddable":true,"href":"https:\/\/www.europesays.com\/es\/wp-json\/wp\/v2\/comments?post=139006"}],"version-history":[{"count":0,"href":"https:\/\/www.europesays.com\/es\/wp-json\/wp\/v2\/posts\/139006\/revisions"}],"wp:featuredmedia":[{"embeddable":true,"href":"https:\/\/www.europesays.com\/es\/wp-json\/wp\/v2\/media\/139007"}],"wp:attachment":[{"href":"https:\/\/www.europesays.com\/es\/wp-json\/wp\/v2\/media?parent=139006"}],"wp:term":[{"taxonomy":"category","embeddable":true,"href":"https:\/\/www.europesays.com\/es\/wp-json\/wp\/v2\/categories?post=139006"},{"taxonomy":"post_tag","embeddable":true,"href":"https:\/\/www.europesays.com\/es\/wp-json\/wp\/v2\/tags?post=139006"}],"curies":[{"name":"wp","href":"https:\/\/api.w.org\/{rel}","templated":true}]}}