{"id":139008,"date":"2025-09-26T00:19:09","date_gmt":"2025-09-26T00:19:09","guid":{"rendered":"https:\/\/www.europesays.com\/es\/139008\/"},"modified":"2025-09-26T00:19:09","modified_gmt":"2025-09-26T00:19:09","slug":"pablo-motos-pide-perdon-tras-un-comentario-a-alex-gonzalez-a-veces-va-mas-deprisa-la-boca-que-la-cabeza","status":"publish","type":"post","link":"https:\/\/www.europesays.com\/es\/139008\/","title":{"rendered":"Pablo Motos pide perd\u00f3n tras un comentario a \u00c1lex Gonz\u00e1lez: \u00abA veces va m\u00e1s deprisa la boca que la cabeza\u00bb"},"content":{"rendered":"<p class=\"v-mdl-ath__p v-mdl-ath__p--6\">\nJueves, 25 de septiembre 2025, 22:19<\/p>\n<p>| Actualizado 22:46h.<\/p>\n<p class=\"v-p\">&#8216;El Hormiguero&#8217; cerraba este jueves otra exitosa semana en la que sigue como <a href=\"https:\/\/www.lasprovincias.es\/culturas\/revuelta-homiguero-ganado-batalla-audiencias-miercoles-20250925091103-nt.html\" title=\"www.lasprovincias.es\" data-voc-vtm-id=\"in-text-traffic\" data-mrf-link=\"www.lasprovincias.es\" rel=\"nofollow noopener\" target=\"_blank\">l\u00edder indiscutible del &#8216;acces prime time&#8217;<\/a>. Pese a que &#8216;La Revuelta&#8217; ten\u00eda un potente invitado como el exjugador de baloncesto Scottie Pippen, no fue suficiente para superarlos. Este 25 de septiembre, Pablo Motos recib\u00eda la visita del actor <a href=\"https:\/\/www.lasprovincias.es\/culturas\/tv\/rutina-sigue-alex-gonzalez-invitado-jueves-hormiguero-20250925173731-nt.html\" title=\"www.lasprovincias.es\" data-voc-vtm-id=\"in-text-traffic\" data-mrf-link=\"www.lasprovincias.es\" rel=\"nofollow noopener\" target=\"_blank\">\u00c1lex Gonz\u00e1lez<\/a>.<\/p>\n<p class=\"v-p\">Pablo Motos ha arrancado fuerte la entrevista y le ha preguntado al invitado por la reciente operaci\u00f3n de nariz que ha tenido. Y en ese mismo momento, ha hecho una broma haciendo una referencia el mal resultado que tuvo Lucas, de Andy y Lucas, con su cirug\u00eda: \u00abTe ha quedado mejor que el de Andy y Lucas, te tengo que decir\u00bb. <\/p>\n<p><a href=\"http:\/\/www.lasprovincias.es\/culturas\/tv\/lidia-santos-nueva-camarera-first-dates-20250925211231-nt.html#vtm_modulosEngag=mod-rel:culturas:noticia:1:cmp:1-not\" class=\"v-a-link\" aria-label=\"Imagen\" rel=\"nofollow noopener\" target=\"_blank\"><\/p>\n<p><img decoding=\"async\" loading=\"lazy\" src=\"https:\/\/www.europesays.com\/es\/wp-content\/uploads\/2025\/09\/dlidia-santos-kLmF--366x256@Las Provincias.JPG\" class=\"v-a-img\" width=\"258\" height=\"180\" alt=\"\" data-voc-vtm-id=\"in-text-traffic\"\/><\/p>\n<p><\/a><\/p>\n<p class=\"v-p\">El int\u00e9rprete quedaba sorprendido y contestaba: \u00abQu\u00e9 cabr\u00f3n, empezamos fuerte\u00bb. El presentador ha querido entonces recular consciente de que no hab\u00eda estado demasiado afortunado: \u00abPerd\u00f3n, perd\u00f3n. A veces va m\u00e1s deprisa la boca que la cabeza\u00bb.<\/p>\n<p class=\"v-p\">Posteriormente, Gonz\u00e1lez explicaba por qu\u00e9 se hab\u00eda tenido que operar la nariz: \u00abPor trabajo solo me pod\u00eda operar este d\u00eda. No es por est\u00e9tica, es para respirar mejor. Tengo los puntos todav\u00eda, as\u00ed que si se me escapa alguno d\u00edmelo. No me hag\u00e1is un plano eh\u00ab.<\/p>\n<p class=\"v-p\">Motos tambi\u00e9n comentaba los problemas que ha tenido con su nariz: \u00abYo tambi\u00e9n la tengo rota del boxeo, tengo el puente que parece hecho por Calatrava. Lo tengo fatal. Me pas\u00f3 que al sonarme los mocos sonaba distinto. No ten\u00eda bastante desgracia. Me pas\u00f3 que al sonarme los mocos sonaba distinto. No ten\u00eda bastante desgracia\u00bb, aseguraba mientras ense\u00f1\u00f3 una foto de c\u00f3mo le qued\u00f3 en aquel momento. <\/p>\n<p class=\"v-p\">\u00ab<\/p>\n<p>Comenta<\/p>\n<p>Reporta un error<\/p>\n","protected":false},"excerpt":{"rendered":"Jueves, 25 de septiembre 2025, 22:19 | Actualizado 22:46h. &#8216;El Hormiguero&#8217; cerraba este jueves otra exitosa semana en&hellip;\n","protected":false},"author":2,"featured_media":139009,"comment_status":"","ping_status":"","sticky":false,"template":"","format":"standard","meta":{"footnotes":""},"categories":[91],"tags":[2865,16221,8601,26417,1067,43585,146,147,25,24,5976,7357,13882,618,5821,34,57,23,575,3106],"class_list":{"0":"post-139008","1":"post","2":"type-post","3":"status-publish","4":"format-standard","5":"has-post-thumbnail","7":"category-entretenimiento","8":"tag-alex","9":"tag-andy","10":"tag-boca","11":"tag-broma","12":"tag-cabeza","13":"tag-deprisa","14":"tag-entertainment","15":"tag-entretenimiento","16":"tag-es","17":"tag-espana","18":"tag-gonzalez","19":"tag-lucas","20":"tag-motos","21":"tag-pablo","22":"tag-perdon","23":"tag-pide","24":"tag-sobre","25":"tag-spain","26":"tag-tras","27":"tag-veces"},"share_on_mastodon":{"url":"","error":""},"_links":{"self":[{"href":"https:\/\/www.europesays.com\/es\/wp-json\/wp\/v2\/posts\/139008","targetHints":{"allow":["GET"]}}],"collection":[{"href":"https:\/\/www.europesays.com\/es\/wp-json\/wp\/v2\/posts"}],"about":[{"href":"https:\/\/www.europesays.com\/es\/wp-json\/wp\/v2\/types\/post"}],"author":[{"embeddable":true,"href":"https:\/\/www.europesays.com\/es\/wp-json\/wp\/v2\/users\/2"}],"replies":[{"embeddable":true,"href":"https:\/\/www.europesays.com\/es\/wp-json\/wp\/v2\/comments?post=139008"}],"version-history":[{"count":0,"href":"https:\/\/www.europesays.com\/es\/wp-json\/wp\/v2\/posts\/139008\/revisions"}],"wp:featuredmedia":[{"embeddable":true,"href":"https:\/\/www.europesays.com\/es\/wp-json\/wp\/v2\/media\/139009"}],"wp:attachment":[{"href":"https:\/\/www.europesays.com\/es\/wp-json\/wp\/v2\/media?parent=139008"}],"wp:term":[{"taxonomy":"category","embeddable":true,"href":"https:\/\/www.europesays.com\/es\/wp-json\/wp\/v2\/categories?post=139008"},{"taxonomy":"post_tag","embeddable":true,"href":"https:\/\/www.europesays.com\/es\/wp-json\/wp\/v2\/tags?post=139008"}],"curies":[{"name":"wp","href":"https:\/\/api.w.org\/{rel}","templated":true}]}}