{"id":139018,"date":"2025-09-26T00:30:17","date_gmt":"2025-09-26T00:30:17","guid":{"rendered":"https:\/\/www.europesays.com\/es\/139018\/"},"modified":"2025-09-26T00:30:17","modified_gmt":"2025-09-26T00:30:17","slug":"mecalia-guardes-y-bera-bera-se-juegan-el-liderato-en-a-sangrina","status":"publish","type":"post","link":"https:\/\/www.europesays.com\/es\/139018\/","title":{"rendered":"Mecalia Guard\u00e9s y Bera Bera se juegan el liderato en A Sangri\u00f1a"},"content":{"rendered":"<p class=\"ft-text ft-helper-align-justify\">El <a class=\"ft-link ft-link--decoration\" href=\"https:\/\/www.farodevigo.es\/tags\/mecalia-guardes\/\" rel=\"nofollow noopener\" target=\"_blank\">Mecalia Atl\u00e9tico Guard\u00e9s<\/a> retoma la Liga con un duelo de altos vuelos. Tras una semana de par\u00f3n internacional muy activa para el equipo mi\u00f1oto, el <strong>Bera Bera<\/strong> visitar\u00e1 <strong>A Sangri\u00f1a<\/strong> este <strong>viernes <\/strong>a las <strong>20.00 horas <\/strong>en el partido que decidir\u00e1 al l\u00edder de la clasificaci\u00f3n al t\u00e9rmino de esta cuarta jornada. Con ambos conjuntos empatados a puntos, el Guard\u00e9s buscar\u00e1 tirar de afici\u00f3n y har\u00e1 uso de su plantilla al completo para tratar de vencer a su eterno rival vasco. El encuentro ser\u00e1 retransmitido en directo por <strong>Teledeporte <\/strong>y estar\u00e1 patrocinado por ORPAGU.<\/p>\n<p class=\"ft-text ft-helper-align-justify\">El Mecalia llega al partido tras una semana de par\u00f3n internacional, que no de descanso, pues se ha hecho notar en distintos eventos. A nivel espa\u00f1ol, <strong>Mar\u00eda Palomo <\/strong>particip\u00f3 en los dos encuentros amistosos de las Guerreras contra la Selecci\u00f3n de Eslovaquia; mientras que <strong>Amandine Balzinc<\/strong> obtuvo un segundo puesto representando al Congo en el Torneo Internacional que conmemoraba los 50 a\u00f1os de independencia de Angola. Por \u00faltimo, tambi\u00e9n el cuerpo t\u00e9cnico se mantuvo activo, pues la entrenadora<strong> Ana Seabra <\/strong>se estren\u00f3 en su nueva labor de<a class=\"ft-link ft-link--decoration\" href=\"https:\/\/www.farodevigo.es\/deportes\/2025\/09\/10\/ana-seabra-nueva-seleccionadora-iran-balonmano-121443467.html\" rel=\"nofollow noopener\" target=\"_blank\"> seleccionadora del equipo nacional femenino de Ir\u00e1n <\/a>durante este periodo. Todo ello, mientras el resto de la plantilla repasaba el gran desempe\u00f1o coral del equipo en su \u00faltima cita liguera, que se sald\u00f3 con goleada en Logro\u00f1o (19-26).<\/p>\n<p class=\"ft-text ft-helper-align-justify\">El objetivo este viernes ser\u00e1 tratar de recuperar esas buenas sensaciones, si bien las de A Guarda son conscientes de que se topar\u00e1n de frente con un rival con m\u00e1s tablas y seguridad que el riojano, que recuper\u00f3 su lugar en la categor\u00eda el curso pasado. El Bera Bera, v<strong>igente campe\u00f3n de Liga y Copa de la Reina<\/strong>, es viejo conocido para el Guard\u00e9s, y ya le ha dado varios problemas incluso antes de comenzar la temporada. Primero, imponi\u00e9ndose con una victoria con car\u00e1cter en el mismo Inferno en el <a class=\"ft-link ft-link--decoration\" href=\"https:\/\/www.farodevigo.es\/redactor\/2025\/08\/17\/mecalia-guardes-cae-pista-bera-120692532.html\" rel=\"nofollow noopener\" target=\"_blank\">Memorial Juan Rodr\u00edguez P\u00e9rez<\/a> del pasado mes de agosto <strong>(19-23)<\/strong>. Y despu\u00e9s, la semana siguiente con un triunfo que dio a las donostiarras el primer puesto del <strong>Summer Bag <\/strong>de Villacelama <strong>(28-26)<\/strong>, aunque no sin tener que reponerse de una esperanzadora remontada guardesa en la segunda parte. Esta contestaci\u00f3n es la que el Mecalia tratar\u00e1 de repetir ma\u00f1ana, aupado por el calor de su afici\u00f3n y con la seguridad que le permite contar de nuevo con todas las jugadoras de su plantilla.<\/p>\n<p>Inicio a gran ritmo<\/p>\n<p class=\"ft-text ft-helper-align-justify\">Por su parte, el conjunto dirigido por Imanol Arias llega al Baixo Mi\u00f1o con un historial id\u00e9ntico al guard\u00e9s: pleno de tres victorias en tres partidos. Sin embargo, las vascas disfrutan de n\u00fameros algo distintos, pues inauguraron la competici\u00f3n con un vapuleo al <strong>Porri\u00f1o (35-20)<\/strong> que demostraba que encadenar\u00edan otro curso m\u00e1s al m\u00e1s alto nivel. La jornada siguiente no decay\u00f3 el ritmo con un imponente<strong> 20-26<\/strong> a domicilio en <strong>Elche<\/strong>, mientras que <strong>Rocasa <\/strong>s\u00ed que puso las cosas algo m\u00e1s dif\u00edciles al cuadro vasco hace dos semanas, pues para hacerse con los dos puntos finales el Bera Bera debi\u00f3 remontar un marcador que hab\u00edan liderado las canarias hasta pasado el descanso <strong>(30-27)<\/strong>.<\/p>\n<p class=\"ft-text ft-helper-align-justify\">Con todo, el campe\u00f3n acumula unos resultados que lo sostienen como el equipo m\u00e1s goleador de este a\u00f1o, con una impresionante media que supera los 30 goles por encuentro y que le permite defender una diferencia positiva de 24, once m\u00e1s que el Guard\u00e9s y el motivo por el que sustenta el liderato en su lugar. S\u00edntoma de la buena forma de un conjunto que no parece tener a\u00f1os malos, menos a\u00fan cuando se ha reforzado durante el verano con la adquisici\u00f3n de nombres importantes, tales como Ester Somaza, Nicole Wiggins o la exguardesa Elena Amores.<\/p>\n<p><img decoding=\"async\" src=\"https:\/\/www.europesays.com\/es\/wp-content\/uploads\/2025\/09\/7ab269b7-5d21-4294-b5c4-087605dcd431_alta-libre-aspect-ratio_default_0.jpg\" width=\"1200\" height=\"800\" alt=\"Cecilia Cacheda.\" class=\"ft-helper-img-rd\" loading=\"lazy\" hasdataaida=\"true\"\/><\/p>\n<p class=\"ft-helper-fontColor-quaternary ft-helper-fontSize-body-S ft-helper-spacer-t-xxs\">Cecilia Cacheda.  \/ Tamara Alonso (SportCoeco)<\/p>\n<p class=\"ft-text ft-helper-align-justify\">El Bera Bera fue el \u00fanico rival al que el Mecalia no logr\u00f3 vencer el curso pasado, responsable de dos de las \u00fanicas cuatro derrotas acumuladas por las de Seabra. Las vascas se impusieron por la m\u00ednima en su \u00faltima visita liguera a A Sangri\u00f1a (26-27, noviembre) y con m\u00e1s holgura en el Gasca (27-21, abril), y no cabe duda en el pabell\u00f3n mi\u00f1oto de que har\u00e1n todo lo posible por continuar con el historial entre ambos. El Guard\u00e9s deber\u00e1 tirar de su afici\u00f3n si quiere sacarse la espina de una vez por todas.<\/p>\n<p>\u201cNecesitamo buen nivel defensivo y ofensivo\u201d<\/p>\n<p class=\"ft-text ft-helper-align-justify\">Para la entrenadora del <a class=\"ft-link ft-link--decoration\" href=\"https:\/\/balonmanatleticoguardes.com\/\" rel=\"nofollow noopener\" target=\"_blank\">Guard\u00e9s<\/a>, el Bera Bera es un equipo del que \u201cconocemos todas su calidad individual y colectiva\u201d, por lo que esperan que sea \u201cun partido muy duro por la intensidad que impone y por todos sus recursos\u201d.<\/p>\n<p class=\"ft-text ft-helper-align-justify\">Con las nuevas incorporaciones a su plantilla y el mantenimiento de sus activos habituales, Seabra describe al conjunto vasco como \u201cun equipo que corre mucho, que es fuerte f\u00edsicamente, que tiene buen tiro exterior y jugadoras de mucha calidad\u201d. La receta perfecta para poner las cosas dif\u00edciles al <a class=\"ft-link ft-link--decoration\" href=\"https:\/\/www.farodevigo.es\/tags\/mecalia-guardes\/\" rel=\"nofollow noopener\" target=\"_blank\">Mecalia<\/a>, que no puede confiarse ni por su calidad de anfitri\u00f3n ni por sus recientes resultados.<\/p>\n<p class=\"ft-text ft-helper-align-justify\">Por todo ello, la clave estar\u00e1 en la concentraci\u00f3n y la limitaci\u00f3n de errores en todos los frentes. En palabras de la preparadora, \u201csomos conscientes de que necesitamos tener un buen nivel tanto defensivo como ofensivo si queremos luchar por los dos puntos\u201d.<\/p>\n","protected":false},"excerpt":{"rendered":"El Mecalia Atl\u00e9tico Guard\u00e9s retoma la Liga con un duelo de altos vuelos. Tras una semana de par\u00f3n&hellip;\n","protected":false},"author":2,"featured_media":139019,"comment_status":"","ping_status":"","sticky":false,"template":"","format":"standard","meta":{"footnotes":""},"categories":[278],"tags":[8241,376,23601,168,33030,25,24,1518,375,4348,13686,13028,10546,23,167],"class_list":{"0":"post-139018","1":"post","2":"type-post","3":"status-publish","4":"format-standard","5":"has-post-thumbnail","7":"category-balonmano","8":"tag-a-sangrina","9":"tag-balonmano","10":"tag-bera-bera","11":"tag-deportes","12":"tag-division-de-honor","13":"tag-es","14":"tag-espana","15":"tag-guardes","16":"tag-handball","17":"tag-juega","18":"tag-liderato","19":"tag-mecalia","20":"tag-mecalia-guardes","21":"tag-spain","22":"tag-sports"},"share_on_mastodon":{"url":"","error":""},"_links":{"self":[{"href":"https:\/\/www.europesays.com\/es\/wp-json\/wp\/v2\/posts\/139018","targetHints":{"allow":["GET"]}}],"collection":[{"href":"https:\/\/www.europesays.com\/es\/wp-json\/wp\/v2\/posts"}],"about":[{"href":"https:\/\/www.europesays.com\/es\/wp-json\/wp\/v2\/types\/post"}],"author":[{"embeddable":true,"href":"https:\/\/www.europesays.com\/es\/wp-json\/wp\/v2\/users\/2"}],"replies":[{"embeddable":true,"href":"https:\/\/www.europesays.com\/es\/wp-json\/wp\/v2\/comments?post=139018"}],"version-history":[{"count":0,"href":"https:\/\/www.europesays.com\/es\/wp-json\/wp\/v2\/posts\/139018\/revisions"}],"wp:featuredmedia":[{"embeddable":true,"href":"https:\/\/www.europesays.com\/es\/wp-json\/wp\/v2\/media\/139019"}],"wp:attachment":[{"href":"https:\/\/www.europesays.com\/es\/wp-json\/wp\/v2\/media?parent=139018"}],"wp:term":[{"taxonomy":"category","embeddable":true,"href":"https:\/\/www.europesays.com\/es\/wp-json\/wp\/v2\/categories?post=139018"},{"taxonomy":"post_tag","embeddable":true,"href":"https:\/\/www.europesays.com\/es\/wp-json\/wp\/v2\/tags?post=139018"}],"curies":[{"name":"wp","href":"https:\/\/api.w.org\/{rel}","templated":true}]}}