{"id":139042,"date":"2025-09-26T00:51:11","date_gmt":"2025-09-26T00:51:11","guid":{"rendered":"https:\/\/www.europesays.com\/es\/139042\/"},"modified":"2025-09-26T00:51:11","modified_gmt":"2025-09-26T00:51:11","slug":"la-generalitat-no-aviso-de-forma-especifica-de-la-llegada-del-mal-tiempo-a-los-usuarios-de-la-teleasistencia-antes-de-la-dana-sociedad","status":"publish","type":"post","link":"https:\/\/www.europesays.com\/es\/139042\/","title":{"rendered":"La Generalitat no avis\u00f3 de forma espec\u00edfica de la llegada del mal tiempo a los usuarios de la teleasistencia antes de la DANA | Sociedad"},"content":{"rendered":"<p class=\"loc\">Val\u00e8ncia<\/p>\n<p>El gobierno valenciano no avis\u00f3 de forma directa y espec\u00edfica del peligro de la DANA a las personas dependientes usuarias del servicio de teleasistencia, a pesar de reconocer la Generalitat que sab\u00edan, desde el d\u00eda anterior a la tragedia, la existencia de una alerta meteorol\u00f3gica de AEMET por la riada. <\/p>\n<p>En una respuesta a preguntas del grupo socialista en el parlamento valenciano a la que ha tenido acceso esta emisora, la vicepresidenta del Consell y titular de la Conselleria de Servicios Sociales, Susana Camarero, asegura que, tras tener conocimiento de la alerta meteorol\u00f3gica de AEMET por DANA el 28 de octubre, tanto ese d\u00eda como el siguiente comunicaron a todas las personas usuarias del servicio de teleasistencia dicha circunstancia. <\/p>\n<p>Sin embargo, analizando una por una las comunicaciones realizadas por el operador del servicio se puede comprobar como en ning\u00fan caso se traslad\u00f3 un aviso espec\u00edfico y singular esos 2 d\u00edas. Algo que contrasta con lo ocurrido el d\u00eda 30 y 31 de octubre, cuando se hacen llamadas bajo el concepto \u00abcampa\u00f1a climatol\u00f3gica\u00bb.<\/p>\n<p>No solo eso. Las llamadas de los operadores a los usarios adem\u00e1s de intensifican. D las 4.600 llamadas del d\u00eda 28 o las 5.500 del 29 de octubre, se pasaron a casi el doble el d\u00eda 30 (9.800 llamadas) y el 31 de octubre (7.400). Estos dos d\u00edas, posteriores a la riada, casi la mitad de las comunicaciones s\u00ed constan con la denominaci\u00f3n de \u201ccampa\u00f1a climatol\u00f3gica\u201d.<\/p>\n<p>La Generalitat dice que s\u00ed avis\u00f3<\/p>\n<p>La conselleria de Bienestar Social sostiene que s\u00ed se hicieron avisos los d\u00edas 28 y 29. En concreto explica que los operadores del servicio de teleasistencias incluyeron, en cada una de las comunicaciones, avisos de precauci\u00f3n relacionados con las alertas dirigidos a los beneficiarios de la teleasistencia. <\/p>\n<p>En la conselleria recuerdan que la teleasistencia no es un servicio de emergencia ni de alertas. Las llamadas, explican, se programan diariamente para hacer seguimiento del bienestar de los usuarios y para atender sus necesidades, incluso hacer compa\u00f1\u00eda. Tambi\u00e9n atienden las llamadas que los usuarios hacen ante una emergencia. <\/p>\n<p>Respecto a las llamadas catalogadas como \u00abcampana climatol\u00f3gica\u00bb aclaran que se les denomina as\u00ed porque la empresa que gestiona la teleasistencia decidi\u00f3 reforzar el servicio con m\u00e1s operadores los d\u00edas posteriores para atender las necesidades m\u00e1s urgentes de los usuarios afectados directamente por la DANA. <\/p>\n<p>37 fallecidos en la DANA usaban teleasistencia<\/p>\n<p>Adem\u00e1s, en la respuesta de la vicepresidenta Camarero al grupo socialist,a se ofrece por primera vez el dato de personas usuarias del servicio de teleasistencia fallecidas a causa de la DANA. Fueron 37, m\u00e1s del 15% del total de v\u00edctimas mortales. Se calcula que unos 11.000 beneficiarios del servicio de teleasistencia de la Generalitat resid\u00edan en los municipios castigados por la DANA el pasado 29 de octubre, sin contar los 15.000 de la ciudad de Val\u00e8ncia.<\/p>\n<p>Morant exige responsabilidades<\/p>\n<p>Tras la publicaci\u00f3n de esta \u00faltima informaci\u00f3n en torno al d\u00eda de la DANA, la secretaria general del PSOE en Valencia y ministra de Ciencia, Innovaci\u00f3n y Universidades, ha reaccionado en Hora 25, donde ha vuelto a exigir responsabilidades por la gesti\u00f3n de una situaci\u00f3n que dej\u00f3 229 muertos en la Comunidad Valenciana. <\/p>\n<p>\u00abEs otra constataci\u00f3n de que el Gobierno de Maz\u00f3n no estuvo a la altura\u00bb, ha dicho Morant, que ha trasladado tambi\u00e9n la responsabilidad a la vicepresidenta valenciana, Susana Camarero, quien el d\u00eda que comenz\u00f3 la Dana acudi\u00f3 a una entrega de premios. <\/p>\n<p><img decoding=\"async\" src=\"https:\/\/www.europesays.com\/es\/wp-content\/uploads\/2025\/09\/https:\/\/sdmedia.playser.cadenaser.com\/playser\/image\/20217\/15\/1626347060_asset_still.png\" alt=\"Diana Morant se pronuncia sobre que la Generalitat no avisara de forma espec\u00edfica de la llegada del mal tiempo a los usuarios de la teleasistencia antes de la DANA\" width=\"655\"   loading=\"lazy\"\/><\/p>\n<p class=\"tit\">Diana Morant se pronuncia sobre que la Generalitat no avisara de forma espec\u00edfica de la llegada del mal tiempo a los usuarios de la teleasistencia antes de la DANA<\/p>\n<p>00:00:0005:09<\/p>\n<p>El c\u00f3digo iframe se ha copiado en el portapapeles<\/p>\n<p>FacebookTwitterLinkedinWhatsAppCerrar<\/p>\n<p>Morant se ha mostrado cr\u00edtica con todo lo que sucedi\u00f3 el pasado 29 de octubre, pero tambi\u00e9n con lo que se ha ido conociendo a lo largo de los meses posteriores. \u00abVamos a exigir toda la informaci\u00f3n\u00bb, ha asegurado. \u00abQueremos saber qu\u00e9 ocurri\u00f3 en las llamadas de ida y en las de vuelta\u00bb, ha insistido la ministra, que tambi\u00e9n ha defendido la necesidad de saber \u00absi esas personas que llamaron coinciden con algunos de los fallecidos\u00bb.<\/p>\n<p>Sigue toda la \u00faltima hora en el canal de Whatsapp de Radio Valencia: <a href=\"https:\/\/eur01.safelinks.protection.outlook.com\/?url=https%3A%2F%2Fwhatsapp.com%2Fchannel%2F0029VaHjyqSFHWq2Q3iHB33R&amp;data=05%7C02%7Cjagimenez%40prisaradio.com%7Cd29625b9410b48486c1708dc7a567016%7Cc4fd49f3e15a44d882e2c909735d2e45%7C0%7C0%7C638519758883426830%7CUnknown%7CTWFpbGZsb3d8eyJWIjoiMC4wLjAwMDAiLCJQIjoiV2luMzIiLCJBTiI6Ik1haWwiLCJXVCI6Mn0%3D%7C0%7C%7C%7C&amp;sdata=Djqn4y3S5Pd25t9ESJ4hiq6KGEVBUCKst1eYePhDAHA%3D&amp;reserved=0\" target=\"_blank\" rel=\"nofollow noopener\" title=\"Direcci\u00f3n URL original: https:\/\/whatsapp.com\/channel\/0029VaHjyqSFHWq2Q3iHB33R. Haga clic o pulse si conf\u00eda en este v\u00ednculo.\">haz clic aqu\u00ed y suscr\u00edbete<\/a> para recibir toda la informaci\u00f3n y la actualidad del d\u00eda en tu m\u00f3vil.<\/p>\n","protected":false},"excerpt":{"rendered":"Val\u00e8ncia El gobierno valenciano no avis\u00f3 de forma directa y espec\u00edfica del peligro de la DANA a las&hellip;\n","protected":false},"author":2,"featured_media":139043,"comment_status":"","ping_status":"","sticky":false,"template":"","format":"standard","meta":{"footnotes":""},"categories":[8],"tags":[17,18,25,24,13,14,11,19,20,9,10,15,16,23,12,21,22],"class_list":{"0":"post-139042","1":"post","2":"type-post","3":"status-publish","4":"format-standard","5":"has-post-thumbnail","7":"category-espana","8":"tag-breaking-news","9":"tag-breakingnews","10":"tag-es","11":"tag-espana","12":"tag-featured-news","13":"tag-featurednews","14":"tag-headlines","15":"tag-latest-news","16":"tag-latestnews","17":"tag-news","18":"tag-noticias","19":"tag-noticias-destacadas","20":"tag-noticiasdestacadas","21":"tag-spain","22":"tag-titulares","23":"tag-ultimas-noticias","24":"tag-ultimasnoticias"},"share_on_mastodon":{"url":"","error":""},"_links":{"self":[{"href":"https:\/\/www.europesays.com\/es\/wp-json\/wp\/v2\/posts\/139042","targetHints":{"allow":["GET"]}}],"collection":[{"href":"https:\/\/www.europesays.com\/es\/wp-json\/wp\/v2\/posts"}],"about":[{"href":"https:\/\/www.europesays.com\/es\/wp-json\/wp\/v2\/types\/post"}],"author":[{"embeddable":true,"href":"https:\/\/www.europesays.com\/es\/wp-json\/wp\/v2\/users\/2"}],"replies":[{"embeddable":true,"href":"https:\/\/www.europesays.com\/es\/wp-json\/wp\/v2\/comments?post=139042"}],"version-history":[{"count":0,"href":"https:\/\/www.europesays.com\/es\/wp-json\/wp\/v2\/posts\/139042\/revisions"}],"wp:featuredmedia":[{"embeddable":true,"href":"https:\/\/www.europesays.com\/es\/wp-json\/wp\/v2\/media\/139043"}],"wp:attachment":[{"href":"https:\/\/www.europesays.com\/es\/wp-json\/wp\/v2\/media?parent=139042"}],"wp:term":[{"taxonomy":"category","embeddable":true,"href":"https:\/\/www.europesays.com\/es\/wp-json\/wp\/v2\/categories?post=139042"},{"taxonomy":"post_tag","embeddable":true,"href":"https:\/\/www.europesays.com\/es\/wp-json\/wp\/v2\/tags?post=139042"}],"curies":[{"name":"wp","href":"https:\/\/api.w.org\/{rel}","templated":true}]}}