{"id":139044,"date":"2025-09-26T00:58:25","date_gmt":"2025-09-26T00:58:25","guid":{"rendered":"https:\/\/www.europesays.com\/es\/139044\/"},"modified":"2025-09-26T00:58:25","modified_gmt":"2025-09-26T00:58:25","slug":"lobas-oviedo-balonmano-femenino-division-honor-oro","status":"publish","type":"post","link":"https:\/\/www.europesays.com\/es\/139044\/","title":{"rendered":"LOBAS OVIEDO BALONMANO FEMENINO DIVISI\u00d3N HONOR ORO"},"content":{"rendered":"<p class=\"ft-text\">El <strong>Lobas Globas Atac Oviedo <\/strong>comienza el s\u00e1bado (20.00 horas, Florida Arena) una nueva temporada en <strong>Divisi\u00f3n de Honor Oro<\/strong>. Lo har\u00e1 en un duelo exigente ante el <strong>Sch\u00e4r Colores Zaragoza<\/strong>.<\/p>\n<p class=\"ft-text\">El t\u00e9cnico del equipo ovetense, <strong>Manolo D\u00edaz,<\/strong> explicaba ayer c\u00f3mo ha sido la pretemporada: <strong>\u00abCon la ansiedad de todas las pretemporadas de querer empezar\u00bb<\/strong>. La peor parte, la lesi\u00f3n de la portera Bego\u00f1a Otero:<strong> \u00abLo m\u00e1s triste de este per\u00edodo\u00bb. <\/strong><\/p>\n<p class=\"ft-text\">Pese a ese contratiempo, el entrenador asegura que han hecho<strong> \u00abun buen trabajo como para llegar a la primera jornada en condiciones de afrontar el partido<\/strong>. Tenemos muchas ganas de ganarlo\u00bb. El objetivo del club azul sigue siendo la permanencia, aunque sin renunciar a mirar arriba:<strong> \u00abNo tenemos una posici\u00f3n obligatoria de objetivo, pero s\u00ed que peleamos por todo\u00bb<\/strong>, a\u00f1ade el t\u00e9cnico.<\/p>\n<p class=\"ft-text\">En cuanto a los refuerzos, alaba su adaptaci\u00f3n:<strong> \u00abSu actitud es excelente y estamos muy contentos de c\u00f3mo se acoplaron, tanto en el juego como en el aspecto an\u00edmico\u00bb. <\/strong>El estreno liguero medir\u00e1 al Lobas contra un <strong>Zaragoza <\/strong>cargado de ilusi\u00f3n: <strong>\u00abComo todo reci\u00e9n ascendido me imagino que vendr\u00e1 con toda la ilusi\u00f3n del mundo y eso a veces hace mucho m\u00e1s que la experiencia<\/strong>\u00ab, advierte el veterano t\u00e9cnico del <strong>Lobas<\/strong>.<\/p>\n","protected":false},"excerpt":{"rendered":"El Lobas Globas Atac Oviedo comienza el s\u00e1bado (20.00 horas, Florida Arena) una nueva temporada en Divisi\u00f3n de&hellip;\n","protected":false},"author":2,"featured_media":139045,"comment_status":"","ping_status":"","sticky":false,"template":"","format":"standard","meta":{"footnotes":""},"categories":[278],"tags":[376,168,25,24,4649,421,375,29011,29013,3371,1796,23,167,4059,491],"class_list":{"0":"post-139044","1":"post","2":"type-post","3":"status-publish","4":"format-standard","5":"has-post-thumbnail","7":"category-balonmano","8":"tag-balonmano","9":"tag-deportes","10":"tag-es","11":"tag-espana","12":"tag-femenino","13":"tag-florida","14":"tag-handball","15":"tag-lobas","16":"tag-manolo-diaz","17":"tag-oro","18":"tag-oviedo","19":"tag-spain","20":"tag-sports","21":"tag-tecnico","22":"tag-zaragoza"},"share_on_mastodon":{"url":"","error":""},"_links":{"self":[{"href":"https:\/\/www.europesays.com\/es\/wp-json\/wp\/v2\/posts\/139044","targetHints":{"allow":["GET"]}}],"collection":[{"href":"https:\/\/www.europesays.com\/es\/wp-json\/wp\/v2\/posts"}],"about":[{"href":"https:\/\/www.europesays.com\/es\/wp-json\/wp\/v2\/types\/post"}],"author":[{"embeddable":true,"href":"https:\/\/www.europesays.com\/es\/wp-json\/wp\/v2\/users\/2"}],"replies":[{"embeddable":true,"href":"https:\/\/www.europesays.com\/es\/wp-json\/wp\/v2\/comments?post=139044"}],"version-history":[{"count":0,"href":"https:\/\/www.europesays.com\/es\/wp-json\/wp\/v2\/posts\/139044\/revisions"}],"wp:featuredmedia":[{"embeddable":true,"href":"https:\/\/www.europesays.com\/es\/wp-json\/wp\/v2\/media\/139045"}],"wp:attachment":[{"href":"https:\/\/www.europesays.com\/es\/wp-json\/wp\/v2\/media?parent=139044"}],"wp:term":[{"taxonomy":"category","embeddable":true,"href":"https:\/\/www.europesays.com\/es\/wp-json\/wp\/v2\/categories?post=139044"},{"taxonomy":"post_tag","embeddable":true,"href":"https:\/\/www.europesays.com\/es\/wp-json\/wp\/v2\/tags?post=139044"}],"curies":[{"name":"wp","href":"https:\/\/api.w.org\/{rel}","templated":true}]}}