{"id":139054,"date":"2025-09-26T01:06:18","date_gmt":"2025-09-26T01:06:18","guid":{"rendered":"https:\/\/www.europesays.com\/es\/139054\/"},"modified":"2025-09-26T01:06:18","modified_gmt":"2025-09-26T01:06:18","slug":"asi-sera-el-sistema-de-competicion-de-la-liga-u","status":"publish","type":"post","link":"https:\/\/www.europesays.com\/es\/139054\/","title":{"rendered":"As\u00ed ser\u00e1 el sistema de competici\u00f3n de la Liga U"},"content":{"rendered":"<p>La Liga U dar\u00e1 su pistoletazo de salida el pr\u00f3ximo 10 de octubre, pero la liga de reciente creaci\u00f3n tendr\u00e1 un sistema de competici\u00f3n de lo m\u00e1s particular. La competici\u00f3n, formada por las canteras de 15 de los 18 equipos de la Liga Endesa, se dividir\u00e1n en dos grupos, habr\u00e1 ascensos, descensos, una final a 6\u2026 numerosas particularidades que os vamos a explicar.<\/p>\n<p>As\u00ed ser\u00e1 el sistema de competici\u00f3n de la Liga U:<\/p>\n<p>Sistema de competici\u00f3n Liga U<\/p>\n<p>La Liga U quedar\u00e1 dividida en <strong>dos grupos<\/strong> para el arranque de la misma: Grupo A y Grupo B. El Grupo A estar\u00e1 formado por los 8 equipos con mejor ranking en los \u00faltimos 5 a\u00f1os en el campeonato de Espa\u00f1a junior y ejercer\u00e1 como una \u00abprimera divisi\u00f3n\u00bb ya que el objetivo de los equipos del Grupo B es subir a este primer grupo.<\/p>\n<p>Estos ser\u00e1n los equipos de cada grupo:<\/p>\n<p><strong>Grupo A: Bar\u00e7a, BAXI Manresa, Casademont Zaragoza, La Laguna Tenerife, Joventut Badalona, Real Madrid, Unicaja M\u00e1laga y Valencia Basket<\/strong><br \/><strong>Grupo B:\u00a0 B\u00e0squet Girona, Surne Bilbao Basket, Covir\u00e1n Granada, Hiopos Lleida, Dreamland Gran Canaria, Silb\u00f6 San Pablo Burgos y UCAM Murcia<\/strong><\/p>\n<p>La <strong>primera fase<\/strong> de la competici\u00f3n enfrentar\u00e1 a todos los equipos de los distintos grupos entre ellos: todos los del Grupo A se enfrentar\u00e1n a los del Grupo A en partidos de ida y vuelta y lo mismo pasar\u00e1 con el B. Los 5 mejores clasificados del Grupo A se mantendr\u00e1n en este primer grupo y el 8\u00ba bajar\u00e1 directamente al Grupo B. El 1\u00ba del Grupo B ascender\u00e1 directamente. El 6\u00ba y 7\u00ba del Grupo A y el 2\u00ba y 3\u00ba del Grupo B jugar\u00e1n una <strong>repesca<\/strong> de dos eliminatorias a un solo partido. El 2\u00ba del grupo B y el 6\u00ba del grupo A tendr\u00e1n ventaja de campo. Los perdedores de estas repescas ir\u00e1n al Grupo B y los ganadores al Grupo A.<\/p>\n<p>En la <strong>segunda fase<\/strong> se repetir\u00e1 la misma din\u00e1mica que en la primera con un todos contra todos en los Grupo A y Grupo B de forma diferenciada con el objetivo de clasificarse para la Final 6. Esta Final 6 la disputar\u00e1n los 4 primeros clasificados del Grupo A y las otras dos plazas saldr\u00e1n de un <strong>play-in<\/strong> que disputar\u00e1n el 5\u00ba y 6\u00ba del Grupo A contra el 1\u00ba y 2\u00ba del Grupo B. El 5\u00ba del Grupo A y el 1\u00ba del Grupo B tendr\u00e1n ventaja de campo en estas eliminatorias a partido \u00fanico.<\/p>\n<p>Una vez conformada la\u00a0<strong>fase final<\/strong> se disputar\u00e1 una Final 6 en una sede \u00fanica entre el 15 y el 17 de mayo. El 1\u00ba y el 2\u00ba de Grupo A estar\u00e1n clasificados directamente para semifinales mientras que se disputar\u00e1n dos partidos de cuartos de final. La que enfrente al 4\u00ba del Grupo A y al ganador del play-in entre el 5\u00ba del Grupo A y el 2\u00ba del Grupo B se medir\u00e1 al 1\u00ba mientras que el 3\u00ba del Grupo A vs el ganador del 1\u00ba Grupo B contra 6\u00ba del Grupo B se enfrentar\u00e1n al 2\u00ba del Grupo A en semifinales.<\/p>\n<p style=\"text-align: right;\">Foto: Liga U<\/p>\n<p><img decoding=\"async\" src=\"https:\/\/www.europesays.com\/es\/wp-content\/uploads\/2025\/09\/1758848774_91_mtracking.gif\" alt=\"Etiquetas de Mautic\" style=\"display:none;\"\/><\/p>\n<p><a href=\"https:\/\/www.gigantes.com\/tienda\/hemeroteca\/guia-de-la-liga-endesa-2025-26-no-1-560-septiembre-2025\/\" rel=\"nofollow noopener\" target=\"_blank\"><img loading=\"lazy\" decoding=\"async\" class=\"alignnone size-large wp-image-756436\" src=\"https:\/\/www.europesays.com\/es\/wp-content\/uploads\/2025\/09\/1758848777_363_WhatsApp-Image-2025-09-01-at-17.56.05-1024x1024.jpeg.webp.webp\" alt=\"\" width=\"680\" height=\"680\"  \/><\/a><\/p>\n<p>\t\t\t\t\t<img loading=\"lazy\" decoding=\"async\" src=\"https:\/\/www.europesays.com\/es\/wp-content\/uploads\/2025\/09\/1758848778_509_mano.png\" width=\"60\" height=\"60\" alt=\"Deliza hacia abajo\"\/>Sigue deslizando hacia abajo para ver m\u00e1s contenidos<\/p>\n","protected":false},"excerpt":{"rendered":"La Liga U dar\u00e1 su pistoletazo de salida el pr\u00f3ximo 10 de octubre, pero la liga de reciente&hellip;\n","protected":false},"author":2,"featured_media":139055,"comment_status":"","ping_status":"","sticky":false,"template":"","format":"standard","meta":{"footnotes":""},"categories":[268],"tags":[168,25,24,280,282,43600,281,23,167],"class_list":{"0":"post-139054","1":"post","2":"type-post","3":"status-publish","4":"format-standard","5":"has-post-thumbnail","7":"category-futbol","8":"tag-deportes","9":"tag-es","10":"tag-espana","11":"tag-football","12":"tag-futbol","13":"tag-liga-u","14":"tag-soccer","15":"tag-spain","16":"tag-sports"},"share_on_mastodon":{"url":"","error":""},"_links":{"self":[{"href":"https:\/\/www.europesays.com\/es\/wp-json\/wp\/v2\/posts\/139054","targetHints":{"allow":["GET"]}}],"collection":[{"href":"https:\/\/www.europesays.com\/es\/wp-json\/wp\/v2\/posts"}],"about":[{"href":"https:\/\/www.europesays.com\/es\/wp-json\/wp\/v2\/types\/post"}],"author":[{"embeddable":true,"href":"https:\/\/www.europesays.com\/es\/wp-json\/wp\/v2\/users\/2"}],"replies":[{"embeddable":true,"href":"https:\/\/www.europesays.com\/es\/wp-json\/wp\/v2\/comments?post=139054"}],"version-history":[{"count":0,"href":"https:\/\/www.europesays.com\/es\/wp-json\/wp\/v2\/posts\/139054\/revisions"}],"wp:featuredmedia":[{"embeddable":true,"href":"https:\/\/www.europesays.com\/es\/wp-json\/wp\/v2\/media\/139055"}],"wp:attachment":[{"href":"https:\/\/www.europesays.com\/es\/wp-json\/wp\/v2\/media?parent=139054"}],"wp:term":[{"taxonomy":"category","embeddable":true,"href":"https:\/\/www.europesays.com\/es\/wp-json\/wp\/v2\/categories?post=139054"},{"taxonomy":"post_tag","embeddable":true,"href":"https:\/\/www.europesays.com\/es\/wp-json\/wp\/v2\/tags?post=139054"}],"curies":[{"name":"wp","href":"https:\/\/api.w.org\/{rel}","templated":true}]}}