{"id":139058,"date":"2025-09-26T01:09:09","date_gmt":"2025-09-26T01:09:09","guid":{"rendered":"https:\/\/www.europesays.com\/es\/139058\/"},"modified":"2025-09-26T01:09:09","modified_gmt":"2025-09-26T01:09:09","slug":"la-feria-internacional-del-libro-de-montevideo-inicio-su-47a-edicion","status":"publish","type":"post","link":"https:\/\/www.europesays.com\/es\/139058\/","title":{"rendered":"La Feria Internacional del Libro de Montevideo inici\u00f3 su 47\u00aa edici\u00f3n"},"content":{"rendered":"<p> La 47\u00aa edici\u00f3n de la Feria Internacional del Libro de Montevideo, que este a\u00f1o tiene a Italia como pa\u00eds invitado de honor, qued\u00f3 inaugurada el jueves 25 de setiembre en la Sala Dorada de la Intendencia, con la participaci\u00f3n de la directora nacional de Cultura del MEC, Maru Vidal; la directora del Departamento de Cultura de la Intendencia, D\u00e9bora Quiring; el presidente de la C\u00e1mara Uruguaya del Libro, \u00c1lvaro Risso; y el embajador de Italia, Fabrizio Petri.<\/p>\n<p dir=\"ltr\">En su discurso, la directora nacional de Cultura,\u00a0Maru Vidal, defini\u00f3 a la feria como \u201cuno de los hitos culturales m\u00e1s persistentes y significativos de nuestro calendario ciudadano\u201d. Subray\u00f3 la\u00a0decisi\u00f3n pol\u00edtica de mantener la gratuidad de todas las actividades, una medida que asegura diversidad y promueve la democratizaci\u00f3n del acceso a la cultura.<\/p>\n<p dir=\"ltr\">Vidal destac\u00f3 tambi\u00e9n la importancia de que la feria trascienda Montevideo y tenga impacto en todo el pa\u00eds. En ese sentido, se\u00f1al\u00f3 la participaci\u00f3n de libreros, bibliotecas y referentes culturales de\u00a0Artigas, Rivera y Paysand\u00fa, quienes enriquecen el intercambio y acercan a la capital las realidades del libro y la lectura en el interior.<\/p>\n<p dir=\"ltr\">Por su parte, la directora de Cultura de la Intendencia,\u00a0D\u00e9bora Quiring, remarc\u00f3 la significaci\u00f3n hist\u00f3rica de la feria, una de las m\u00e1s antiguas de Am\u00e9rica Latina y el Caribe, cuya primera edici\u00f3n en 1978 coincidi\u00f3 con los a\u00f1os m\u00e1s duros de la dictadura. Desde entonces, afirm\u00f3, la feria ha sido un espacio para abrir puertas a la cultura, la memoria y la libertad, y cada edici\u00f3n reafirma a la literatura como un acontecimiento colectivo y fermental. En esta inauguraci\u00f3n, present\u00f3 adem\u00e1s la\u00a0nueva imagen del Premio Onetti, realizada por el ilustrador multipremiado\u00a0Mat\u00edas Bergara, cuya obra retrata a un joven Onetti junto a su emblem\u00e1tica m\u00e1quina de escribir.<\/p>\n<p dir=\"ltr\">El presidente de la C\u00e1mara Uruguaya del Libro,\u00a0\u00c1lvaro Risso, subray\u00f3 que esta edici\u00f3n marcar\u00e1 un r\u00e9cord por la cantidad y la calidad de actividades. Entre ellas, la participaci\u00f3n de\u00a0Isabel Allende, Rosa Montero, Mar\u00eda Fernanda Ampuero, Cintia Rinsky, Eduardo Sacheri y Claudia Pi\u00f1eiro, as\u00ed como el\u00a0Festival Internacional de Poes\u00eda Esteros. Adem\u00e1s, resalt\u00f3 la relevancia de que\u00a0dos de los tres premios literarios m\u00e1s importantes del pa\u00eds \u2014los Bartolom\u00e9 Hidalgo y los Onetti\u2014 se entreguen en el marco de la feria.<\/p>\n<p dir=\"ltr\">El embajador de Italia en Uruguay,\u00a0Fabrizio Petri, se refiri\u00f3 a los v\u00ednculos entre ambos pa\u00edses y valor\u00f3 la feria como una oportunidad para \u201cconstruir algo m\u00e1s importante y profundo\u201d. Agradeci\u00f3 la invitaci\u00f3n y present\u00f3 la programaci\u00f3n que el\u00a0Instituto Italiano de Cultura desplegar\u00e1 en esta edici\u00f3n, destacando la singularidad de que se trate de una feria internacional gratuita.<\/p>\n<p dir=\"ltr\">El evento cont\u00f3 tambi\u00e9n con la presencia de diversas autoridades y personalidades de la cultura. En representaci\u00f3n del Ministerio de Educaci\u00f3n y Cultura se destac\u00f3 la participaci\u00f3n de\u00a0Carlos Varela, director de Secretar\u00eda General, junto a la directora del\u00a0Instituto Nacional de Letras y la directora de la\u00a0Biblioteca Nacional, Roc\u00edo Schiappapietra.<\/p>\n<p dir=\"ltr\">La 47\u00aa edici\u00f3n de la Feria Internacional del Libro de Montevideo es organizada por la C\u00e1mara Uruguaya del Libro y la Intendencia de MOntevideo. Cuenta con el apoyo del Instituto Nacional de Letras, el Correo Uruguayo,\u00a0 IMPO, Buquebus, El Pa\u00eds y el Instituto Italiano de Cultura.\u00a0 Es presentada por la Embajada de Italia en Uruguay, la Cooperaci\u00f3n Espa\u00f1ola a trav\u00e9s de la Agencia Espa\u00f1ola de Cooperaci\u00f3n Internacional (AECID), el SODRE, a trav\u00e9s de las Radios P\u00fablicas, RAdio Sarand\u00ed, UniRadio y las imprentas Tradinco y Mastergraf.\u00a0<\/p>\n<p dir=\"ltr\"><strong>Horarios para visitar la feria:\u00a0<\/strong><br \/>Domingos a jueves de 12 a 21 horas\u00a0<br \/>Viernes y s\u00e1bados de 10 a 22 horas\u00a0<\/p>\n","protected":false},"excerpt":{"rendered":"La 47\u00aa edici\u00f3n de la Feria Internacional del Libro de Montevideo, que este a\u00f1o tiene a Italia como&hellip;\n","protected":false},"author":2,"featured_media":139059,"comment_status":"","ping_status":"","sticky":false,"template":"","format":"standard","meta":{"footnotes":""},"categories":[172],"tags":[224,146,147,25,24,225,23],"class_list":{"0":"post-139058","1":"post","2":"type-post","3":"status-publish","4":"format-standard","5":"has-post-thumbnail","7":"category-libros","8":"tag-books","9":"tag-entertainment","10":"tag-entretenimiento","11":"tag-es","12":"tag-espana","13":"tag-libros","14":"tag-spain"},"share_on_mastodon":{"url":"","error":""},"_links":{"self":[{"href":"https:\/\/www.europesays.com\/es\/wp-json\/wp\/v2\/posts\/139058","targetHints":{"allow":["GET"]}}],"collection":[{"href":"https:\/\/www.europesays.com\/es\/wp-json\/wp\/v2\/posts"}],"about":[{"href":"https:\/\/www.europesays.com\/es\/wp-json\/wp\/v2\/types\/post"}],"author":[{"embeddable":true,"href":"https:\/\/www.europesays.com\/es\/wp-json\/wp\/v2\/users\/2"}],"replies":[{"embeddable":true,"href":"https:\/\/www.europesays.com\/es\/wp-json\/wp\/v2\/comments?post=139058"}],"version-history":[{"count":0,"href":"https:\/\/www.europesays.com\/es\/wp-json\/wp\/v2\/posts\/139058\/revisions"}],"wp:featuredmedia":[{"embeddable":true,"href":"https:\/\/www.europesays.com\/es\/wp-json\/wp\/v2\/media\/139059"}],"wp:attachment":[{"href":"https:\/\/www.europesays.com\/es\/wp-json\/wp\/v2\/media?parent=139058"}],"wp:term":[{"taxonomy":"category","embeddable":true,"href":"https:\/\/www.europesays.com\/es\/wp-json\/wp\/v2\/categories?post=139058"},{"taxonomy":"post_tag","embeddable":true,"href":"https:\/\/www.europesays.com\/es\/wp-json\/wp\/v2\/tags?post=139058"}],"curies":[{"name":"wp","href":"https:\/\/api.w.org\/{rel}","templated":true}]}}