{"id":139066,"date":"2025-09-26T01:13:09","date_gmt":"2025-09-26T01:13:09","guid":{"rendered":"https:\/\/www.europesays.com\/es\/139066\/"},"modified":"2025-09-26T01:13:09","modified_gmt":"2025-09-26T01:13:09","slug":"cumbre-entre-pedro-sanchez-infantino-y-mandatarios-de-marruecos-y-portugal-para-planificar-el-mundial-de-2030","status":"publish","type":"post","link":"https:\/\/www.europesays.com\/es\/139066\/","title":{"rendered":"Cumbre entre Pedro S\u00e1nchez, Infantino y mandatarios de Marruecos y Portugal para planificar el Mundial de 2030"},"content":{"rendered":"<p class=\"c-paragraph\">El presidente del Gobierno espa\u00f1ol, <a href=\"https:\/\/www.20minutos.es\/tags\/personas\/pedro-sanchez.html\" title=\"Pedro S\u00e1nchez\" rel=\"nofollow noopener\" target=\"_blank\">Pedro S\u00e1nchez<\/a>, se reuni\u00f3 este jueves en Nueva York con el presidente de la FIFA, <a href=\"https:\/\/www.20minutos.es\/tags\/deportes\/gianni-infantino.html\" title=\"Gianni Infantino\" rel=\"nofollow noopener\" target=\"_blank\">Gianni Infantino<\/a>, y con mandatarios de <b>Marruecos y Portugal<\/b>, pa\u00edses coorganizadores del Mundial de f\u00fatbol 2030, para avanzar en la planificaci\u00f3n y el dise\u00f1o conjunto de la competici\u00f3n.<\/p>\n<p class=\"c-paragraph\">S\u00e1nchez, desplazado a la Gran Manzana esta semana para asistir a la Semana de Alto Nivel de Naciones Unidas, se cit\u00f3 con el primer ministro de Marruecos, <b>Aziz Ajanuch<\/b>, y con el ministro de Exteriores de Portugal, <b>Paulo Rangel<\/b>.<\/p>\n<p class=\"c-paragraph\">El Mundial 2030 ser\u00e1 el primero en la historia que se celebrar\u00e1 en tres continentes, pues el partido inaugural se disputar\u00e1 en Montevideo (Uruguay) por haber sido sede de la primera final del Mundial all\u00e1 por 1930, pero la decisi\u00f3n de d\u00f3nde se jugar\u00e1 la final de dentro de cinco a\u00f1os a\u00fan es una inc\u00f3gnita.<\/p>\n<p class=\"c-paragraph\">El Santiago Bernab\u00e9u es el estadio elegido por Espa\u00f1a para acoger dicho partido, pero Marruecos presiona para que el Gran estadio Hassan II de Benslim\u00e1n (Casablanca), <b>con capacidad para 115.000 personas <\/b>y que se inaugurar\u00e1 en 2028, debe ser el recinto elegido para el evento cumbre de la FIFA.<\/p>\n<p class=\"c-paragraph\">As\u00ed, con Espa\u00f1a y Marruecos pugnando por hacerse con la organizaci\u00f3n del \u00faltimo partido del Mundial 2030, y el escaparate internacional que esto supone m\u00e1s all\u00e1 de las fronteras del f\u00fatbol, hoy Moncloa emiti\u00f3 un breve comunicado en el que se refer\u00eda al encuentro de este jueves como \u00abun mensaje de unidad al mundo\u00bb.<\/p>\n<p class=\"c-paragraph\">\u00abRefleja la convicci\u00f3n compartida de que el deporte es un v\u00ednculo entre culturas, personas y pueblos\u00bb, contin\u00faa el texto.<\/p>\n<p class=\"c-paragraph\">Ser\u00e1 la segunda vez que el Mundial se juega en Espa\u00f1a, despu\u00e9s del de 1982 en el que Italia gan\u00f3 la final a Alemania, y <b>la primera vez que se jugar\u00e1 tanto en Portugal como en Marruecos.<\/b><\/p>\n","protected":false},"excerpt":{"rendered":"El presidente del Gobierno espa\u00f1ol, Pedro S\u00e1nchez, se reuni\u00f3 este jueves en Nueva York con el presidente de&hellip;\n","protected":false},"author":2,"featured_media":139067,"comment_status":"","ping_status":"","sticky":false,"template":"","format":"standard","meta":{"footnotes":""},"categories":[93],"tags":[3563,168,160,25,24,43601,1822,199,23,167],"class_list":{"0":"post-139066","1":"post","2":"type-post","3":"status-publish","4":"format-standard","5":"has-post-thumbnail","7":"category-deportes","8":"tag-cumbre","9":"tag-deportes","10":"tag-entre","11":"tag-es","12":"tag-espana","13":"tag-infnatino","14":"tag-pedro","15":"tag-sanchez","16":"tag-spain","17":"tag-sports"},"share_on_mastodon":{"url":"","error":""},"_links":{"self":[{"href":"https:\/\/www.europesays.com\/es\/wp-json\/wp\/v2\/posts\/139066","targetHints":{"allow":["GET"]}}],"collection":[{"href":"https:\/\/www.europesays.com\/es\/wp-json\/wp\/v2\/posts"}],"about":[{"href":"https:\/\/www.europesays.com\/es\/wp-json\/wp\/v2\/types\/post"}],"author":[{"embeddable":true,"href":"https:\/\/www.europesays.com\/es\/wp-json\/wp\/v2\/users\/2"}],"replies":[{"embeddable":true,"href":"https:\/\/www.europesays.com\/es\/wp-json\/wp\/v2\/comments?post=139066"}],"version-history":[{"count":0,"href":"https:\/\/www.europesays.com\/es\/wp-json\/wp\/v2\/posts\/139066\/revisions"}],"wp:featuredmedia":[{"embeddable":true,"href":"https:\/\/www.europesays.com\/es\/wp-json\/wp\/v2\/media\/139067"}],"wp:attachment":[{"href":"https:\/\/www.europesays.com\/es\/wp-json\/wp\/v2\/media?parent=139066"}],"wp:term":[{"taxonomy":"category","embeddable":true,"href":"https:\/\/www.europesays.com\/es\/wp-json\/wp\/v2\/categories?post=139066"},{"taxonomy":"post_tag","embeddable":true,"href":"https:\/\/www.europesays.com\/es\/wp-json\/wp\/v2\/tags?post=139066"}],"curies":[{"name":"wp","href":"https:\/\/api.w.org\/{rel}","templated":true}]}}