{"id":139080,"date":"2025-09-26T01:29:08","date_gmt":"2025-09-26T01:29:08","guid":{"rendered":"https:\/\/www.europesays.com\/es\/139080\/"},"modified":"2025-09-26T01:29:08","modified_gmt":"2025-09-26T01:29:08","slug":"donald-trump-asistira-al-estreno-de-la-ryder-cup-que-intenta-evitar-un-caos-de-seguridad","status":"publish","type":"post","link":"https:\/\/www.europesays.com\/es\/139080\/","title":{"rendered":"Donald Trump asistir\u00e1 al estreno de la Ryder Cup, que intenta evitar un caos de seguridad"},"content":{"rendered":"<p data-gtm-element-container=\"modulo-texto-link\" class=\"paragraph\">Un objeto tan com\u00fan en un campo de golf, y tan necesario especialmente en semanas como esta, con una previsi\u00f3n pasada por agua, como es un paraguas estar\u00e1 prohibido en la primera jornada de la Ryder Cup. El motivo es bien sencillo, Donald Trump, presidente de los Estados Unidos, no quiere perd\u00e9rselo y las medidas de seguridad ser\u00e1n este viernes extremas.<\/p>\n<p data-gtm-element-container=\"modulo-texto-link\" class=\"paragraph\">Trump, buen aficionado del golf y due\u00f1o de varios campos alrededor del mundo, incluidas las Islas Brit\u00e1nicas, con Turnberry o Trump Aberdeen como ejemplos, no es ajeno a las grandes competiciones deportivas y no hay muchas con la dimensi\u00f3n de una Ryder Cup.<\/p>\n<p>Hay previsi\u00f3n de lluvia pero los paraguas estar\u00e1n prohibidos<\/p>\n<p data-gtm-element-container=\"modulo-texto-link\" class=\"paragraph\">La visita del presidente ha provocado que la organizaci\u00f3n del torneo intente evitar un caos de seguridad y ha empezado a implementar medidas con antelaci\u00f3n, para que los aficionados est\u00e9n al tanto. En la memoria de todos est\u00e1 la presencia de Trump en la final del US Open de tenis, por ejemplo, que tuvo que retrasar su hora de inicio ante las monumentales colas de aficionados en los controles de seguridad que impidieron que se llenaran las gradas hasta mucho despu\u00e9s de la hora inicialmente prevista.<\/p>\n<p data-gtm-element-container=\"modulo-texto-link\" class=\"paragraph\">En Bethpage, sede de la Ryder Cup, los controles de seguridad para la primera jornada de competici\u00f3n van a asemejarse mucho a los de los aeropuertos, van a ser de los m\u00e1s exhaustivos, como ya ha alertado la organizaci\u00f3n, que abrir\u00e1 puertas a las 5 de la ma\u00f1ana para dar m\u00e1s tiempo a la gente a poder entrar en las instalaciones. Cabe recordar que el primer partido est\u00e1 previsto que salga al campo a las 7.10h.<\/p>\n<p data-gtm-element-container=\"modulo-texto-link\" class=\"paragraph\">Entre los objetos que van a estar prohibidos en la cercan\u00eda del hoyo 1 y de la Casa Club, por donde se supone que se mover\u00e1 Trump, no s\u00f3lo est\u00e1n los cl\u00e1sicos paraguas de golf, tampoco estar\u00e1n permitidos vapeadores de humo, recipientes met\u00e1licos de bebidas, range finders -el l\u00e1ser que se utiliza para medir distancias- y ordenadores y tabletas. De hecho, se ruega a los aficionados que acudan a Bethpage con los m\u00ednimos objetos personales posibles.<\/p>\n","protected":false},"excerpt":{"rendered":"Un objeto tan com\u00fan en un campo de golf, y tan necesario especialmente en semanas como esta, con&hellip;\n","protected":false},"author":2,"featured_media":139081,"comment_status":"","ping_status":"","sticky":false,"template":"","format":"standard","meta":{"footnotes":""},"categories":[275],"tags":[168,25,24,329,23,167],"class_list":{"0":"post-139080","1":"post","2":"type-post","3":"status-publish","4":"format-standard","5":"has-post-thumbnail","7":"category-golf","8":"tag-deportes","9":"tag-es","10":"tag-espana","11":"tag-golf","12":"tag-spain","13":"tag-sports"},"share_on_mastodon":{"url":"","error":""},"_links":{"self":[{"href":"https:\/\/www.europesays.com\/es\/wp-json\/wp\/v2\/posts\/139080","targetHints":{"allow":["GET"]}}],"collection":[{"href":"https:\/\/www.europesays.com\/es\/wp-json\/wp\/v2\/posts"}],"about":[{"href":"https:\/\/www.europesays.com\/es\/wp-json\/wp\/v2\/types\/post"}],"author":[{"embeddable":true,"href":"https:\/\/www.europesays.com\/es\/wp-json\/wp\/v2\/users\/2"}],"replies":[{"embeddable":true,"href":"https:\/\/www.europesays.com\/es\/wp-json\/wp\/v2\/comments?post=139080"}],"version-history":[{"count":0,"href":"https:\/\/www.europesays.com\/es\/wp-json\/wp\/v2\/posts\/139080\/revisions"}],"wp:featuredmedia":[{"embeddable":true,"href":"https:\/\/www.europesays.com\/es\/wp-json\/wp\/v2\/media\/139081"}],"wp:attachment":[{"href":"https:\/\/www.europesays.com\/es\/wp-json\/wp\/v2\/media?parent=139080"}],"wp:term":[{"taxonomy":"category","embeddable":true,"href":"https:\/\/www.europesays.com\/es\/wp-json\/wp\/v2\/categories?post=139080"},{"taxonomy":"post_tag","embeddable":true,"href":"https:\/\/www.europesays.com\/es\/wp-json\/wp\/v2\/tags?post=139080"}],"curies":[{"name":"wp","href":"https:\/\/api.w.org\/{rel}","templated":true}]}}