{"id":139090,"date":"2025-09-26T01:37:20","date_gmt":"2025-09-26T01:37:20","guid":{"rendered":"https:\/\/www.europesays.com\/es\/139090\/"},"modified":"2025-09-26T01:37:20","modified_gmt":"2025-09-26T01:37:20","slug":"paco-ignacio-taibo-ii-visita-puebla-y-presenta-tina-modotti-una-mujer-del-siglo-xx","status":"publish","type":"post","link":"https:\/\/www.europesays.com\/es\/139090\/","title":{"rendered":"Paco Ignacio Taibo II visita Puebla y presenta: \u00abTina Modotti. Una mujer del Siglo XX\u00bb"},"content":{"rendered":"<ul>\n<li>\u2060El director del Fondo de Cultura Econ\u00f3mica, Paco Ignacio Taibo II y el autor \u00c1ngel de la Calle, se\u00f1alaron que es un libro que narra la vida de la emblem\u00e1tica actriz y fot\u00f3grafa.<\/li>\n<li>\u2060La titular de Arte y Cultura en el estado, Alejandra Pacheco Mex, apunt\u00f3 que la presentaci\u00f3n de la novela gr\u00e1fica permite recorrer los viajes, amores, desventuras y tambi\u00e9n la tragedia que marc\u00f3 su historia.<\/li>\n<\/ul>\n<p>CIUDAD DE PUEBLA, Pue. \u2013 La Casa de la Cultura \u201cProfesor Pedro \u00c1ngel Palou P\u00e9rez\u201d fue el escenario donde la Secretar\u00eda de Arte y Cultura present\u00f3 la obra \u00abTina Modotti: Una mujer del siglo XX\u00bb, del autor espa\u00f1ol \u00c1ngel de la Calle. En un ambiente de reflexi\u00f3n art\u00edstica y cultural, el escritor invit\u00f3 al p\u00fablico a redescubrir la vida de la emblem\u00e1tica actriz y fot\u00f3grafa, cuyo legado sigue inspirando por su compromiso social y su mirada cr\u00edtica del siglo XX.<\/p>\n<p>Con la presencia del director del Fondo de Cultura Econ\u00f3mica, Paco Ignacio Taibo II, se detall\u00f3 que se trata de una obra profundamente personal, pol\u00edtica y po\u00e9tica, que llama a reflexionar sobre el papel del arte en los tiempos dif\u00edciles, la militancia, y la memoria de quienes, como Modotti, lucharon con convicci\u00f3n hasta las \u00faltimas consecuencias.<\/p>\n<p>En tanto, el autor de la obra, \u00c1ngel de la Calle, narr\u00f3 su obsesi\u00f3n por la figura de la fot\u00f3grafa, sus propios conflictos internos y su larga amistad con el tambi\u00e9n escritor Paco Ignacio Taibo II. Adem\u00e1s, resalt\u00f3 que el libro refleja su fascinaci\u00f3n por Tina Modotti, ya que se trata de una biograf\u00eda y una autobiograf\u00eda de \u00e9l como autor. \u00abPorque el personaje biografiado muere, pero sus ideas no murieron con ella y eran esas ideas las que me interesaban, al margen de mi fascinaci\u00f3n por esta mujer\u00bb, afirm\u00f3.<\/p>\n<p>Durante la presentaci\u00f3n editorial, el director del Fondo de Cultura Econ\u00f3mica, Paco Ignacio Taibo II, refiri\u00f3 que el autor del texto, \u00c1ngel de la Calle, toma un g\u00e9nero del que todos son adictos, la biograf\u00eda, y la cuenta de una manera at\u00edpica, guiada por la historia del personaje central y apunta que aprovecha para recorrer el tiempo y sobre todo la reflexi\u00f3n sobre las condiciones b\u00e1sicas de Tina Modotti, quien estuvo marcada por momentos cr\u00edticos. \u00abEstamos ante una gran novela gr\u00e1fica\u00bb, afirm\u00f3.<\/p>\n<p>En su intervenci\u00f3n, la secretaria de Arte y Cultura, Alejandra Pacheco Mex, expres\u00f3 que la vida y la obra de Tina Modotti, trascendi\u00f3 fronteras a trav\u00e9s del arte, la fotograf\u00eda, la militancia y la pasi\u00f3n por la libertad. La presentaci\u00f3n de la novela gr\u00e1fica permite recorrer los viajes, amores, desventuras y tambi\u00e9n la tragedia que marc\u00f3 su historia, un legado que inspira y provoca reflexi\u00f3n.<\/p>\n<p>Agreg\u00f3 que es un gran honor recibir a dos personalidades cuya obra ha marcado la literatura y la cultura: \u00c1ngel de la Calle, autor de esta narraci\u00f3n gr\u00e1fica, y Paco Ignacio Taibo II, escritor, historiador y director del Fondo de Cultura Econ\u00f3mica. \u201cSu presencia en Puebla fortalece este espacio de di\u00e1logo en el que la figura de Modotti se convierte en s\u00edmbolo de arte, compromiso y pasi\u00f3n por la vida, record\u00e1ndonos que la cultura siempre abre caminos para comprender y transformar nuestro mundo\u201d.<\/p>\n<p>Tina Modotti recorri\u00f3 todo el mundo, desde su natal Italia, hasta Estados Unidos, M\u00e9xico, la Uni\u00f3n Sovi\u00e9tica y Espa\u00f1a, siempre comprometida con las causas sociales y los movimientos revolucionarios del siglo XX.<\/p>\n","protected":false},"excerpt":{"rendered":"\u2060El director del Fondo de Cultura Econ\u00f3mica, Paco Ignacio Taibo II y el autor \u00c1ngel de la Calle,&hellip;\n","protected":false},"author":2,"featured_media":139091,"comment_status":"","ping_status":"","sticky":false,"template":"","format":"standard","meta":{"footnotes":""},"categories":[172],"tags":[224,146,147,25,24,225,23],"class_list":{"0":"post-139090","1":"post","2":"type-post","3":"status-publish","4":"format-standard","5":"has-post-thumbnail","7":"category-libros","8":"tag-books","9":"tag-entertainment","10":"tag-entretenimiento","11":"tag-es","12":"tag-espana","13":"tag-libros","14":"tag-spain"},"share_on_mastodon":{"url":"","error":""},"_links":{"self":[{"href":"https:\/\/www.europesays.com\/es\/wp-json\/wp\/v2\/posts\/139090","targetHints":{"allow":["GET"]}}],"collection":[{"href":"https:\/\/www.europesays.com\/es\/wp-json\/wp\/v2\/posts"}],"about":[{"href":"https:\/\/www.europesays.com\/es\/wp-json\/wp\/v2\/types\/post"}],"author":[{"embeddable":true,"href":"https:\/\/www.europesays.com\/es\/wp-json\/wp\/v2\/users\/2"}],"replies":[{"embeddable":true,"href":"https:\/\/www.europesays.com\/es\/wp-json\/wp\/v2\/comments?post=139090"}],"version-history":[{"count":0,"href":"https:\/\/www.europesays.com\/es\/wp-json\/wp\/v2\/posts\/139090\/revisions"}],"wp:featuredmedia":[{"embeddable":true,"href":"https:\/\/www.europesays.com\/es\/wp-json\/wp\/v2\/media\/139091"}],"wp:attachment":[{"href":"https:\/\/www.europesays.com\/es\/wp-json\/wp\/v2\/media?parent=139090"}],"wp:term":[{"taxonomy":"category","embeddable":true,"href":"https:\/\/www.europesays.com\/es\/wp-json\/wp\/v2\/categories?post=139090"},{"taxonomy":"post_tag","embeddable":true,"href":"https:\/\/www.europesays.com\/es\/wp-json\/wp\/v2\/tags?post=139090"}],"curies":[{"name":"wp","href":"https:\/\/api.w.org\/{rel}","templated":true}]}}