{"id":139096,"date":"2025-09-26T01:40:10","date_gmt":"2025-09-26T01:40:10","guid":{"rendered":"https:\/\/www.europesays.com\/es\/139096\/"},"modified":"2025-09-26T01:40:10","modified_gmt":"2025-09-26T01:40:10","slug":"kate-mara-mira-hacia-el-cielo-en-un-digno-ejercicio-espacial","status":"publish","type":"post","link":"https:\/\/www.europesays.com\/es\/139096\/","title":{"rendered":"Kate Mara mira hacia el cielo en un digno ejercicio espacial"},"content":{"rendered":"<p class=\"c-paragraph\">Entre un mix de joyas de la ciencia ficci\u00f3n reciente de la talla de <b>Under the skin<\/b> y<b> La llegada<\/b>, la directora<a href=\"https:\/\/www.20minutos.es\/cinemania\/noticias\/emma-roberts-laurence-fishburne-protagonizaran-the-astronaut-thriller-ciencia-ficcion-5100916\/\" rel=\"nofollow noopener\" target=\"_blank\"> <b>Jess Varley<\/b><\/a> (Camping Safe) debuta en el universo de los largometrajes con un digno ejercicio cinematogr\u00e1fico sobre astronautas y extraterrestres.\u00a0<\/p>\n<p class=\"c-paragraph\">Lejos de producciones hollywoodienses multipremiadas como <b><a href=\"https:\/\/www.20minutos.es\/cinemania\/noticias\/desorbitada-cifra-costado-rescates-matt-damon-peliculas-interstellar-the-martian-900-billones-dolares-5667259\/\" rel=\"nofollow noopener\" target=\"_blank\">Marte <\/a><\/b>(The Martian) o <b><a href=\"https:\/\/www.20minutos.es\/cinemania\/noticias\/gravity-cuando-cuaron-se-nego-a-rodar-un-final-feliz-121793\/\" rel=\"nofollow noopener\" target=\"_blank\">Gravity<\/a><\/b>, con un presupuesto mucho m\u00e1s humilde y una historia mucho m\u00e1s sencilla, <b>La astronauta<\/b> intenta centrar los tinos en la<b> resiliencia de una mujer<\/b> en un mundo que le parece completamente amenazante.<\/p>\n<p class=\"c-paragraph\">Al hilo de pel\u00edculas como <b><a href=\"https:\/\/www.20minutos.es\/cinemania\/noticias\/nolan-carta-interstellar-aniversario-5667975\/\" rel=\"nofollow noopener\" target=\"_blank\">Interstellar<\/a><\/b>, que ahondaban en los lazos familiares de los viajeros especiales, Varley construye <b>una historia lacrim\u00f3gena<\/b> que es efectiva, pero queda a medio gas.<b>\u00a0<\/b><\/p>\n<p class=\"c-paragraph\"><b><a href=\"https:\/\/www.20minutos.es\/cinemania\/noticias\/kate-rooney-mara-hermanas-pelicula-werner-herzog-5679889\/\" rel=\"nofollow noopener\" target=\"_blank\">Kate Mara<\/a><\/b> sobresale como una trabajadora de la NASA que sufre un aterrizaje forzoso y <b>se ve obligada a pasar el tiempo de readaptaci\u00f3n<\/b> en un b\u00fanker inexpugnable y alejada de los suyos, entre los que se encuentran unos desaprovechados <b><a href=\"https:\/\/www.20minutos.es\/cinemania\/noticias\/laurence-fishburne-matrix-morfeo-secuela-depende-circunstancias-5700319\/\" rel=\"nofollow noopener\" target=\"_blank\">Laurence Fishburne<\/a><\/b> (como su padre) y <b>Gabriel Luna<\/b> (su pareja).\u00a0<\/p>\n<p class=\"c-paragraph\">De esta forma, la fortaleza de La astronauta radica en <b>un guion que sorprende<\/b> y en la creaci\u00f3n de una atm\u00f3sfera de tensi\u00f3n constante, que hacen que incluso le podamos perdonar unos efectos especiales<b> propios del cine de serie B<\/b>.<\/p>\n<p>T\u00edtulo &#8216;La astronauta&#8217;<\/p>\n<ul class=\"c-card__movie__data\">\n<li class=\"c-card__movie__data__item\"> Director\n<p class=\"c-card__movie__data__item__txt\">Jess Varley<\/p>\n<\/li>\n<li class=\"c-card__movie__data__item\"> G\u00e9nero\n<p class=\"c-card__movie__data__item__txt\">Ciencia ficci\u00f3n<\/p>\n<\/li>\n<li class=\"c-card__movie__data__item\"> Pa\u00eds\n<p class=\"c-card__movie__data__item__txt\">EEUU<\/p>\n<\/li>\n<li class=\"c-card__movie__data__item\"> Sinopsis\n<p class=\"c-card__movie__data__item__txt\">Sam Walker (Kate Mara) regresa en extra\u00f1as circunstancias de su primera misi\u00f3n espacial. El general William Harris (Laurence Fishburne) la obliga a permanecer en cuarentena, bajo la estricta vigilancia de la NASA, en una casa aislada de alta seguridad. Pese a vivir en una aparente normalidad, Walker empieza a percibir sucesos inquietantes en los alrededores de la propiedad. Es entonces cuando comienza a temer que no haya vuelto sola a la Tierra.<\/p>\n<\/li>\n<li class=\"c-card__movie__data__item\"> Gui\u00f3n\n<p class=\"c-card__movie__data__item__txt\">Jess Varley<\/p>\n<\/li>\n<li class=\"c-card__movie__data__item\"> Duraci\u00f3n\n<p class=\"c-card__movie__data__item__txt\">90 min<\/p>\n<\/li>\n<li class=\"c-card__movie__data__item\"> Distribuidora\n<p class=\"c-card__movie__data__item__txt\">DeAPlaneta<\/p>\n<\/li>\n<li class=\"c-card__movie__data__item\"> Estreno\n<p class=\"c-card__movie__data__item__txt\">26 de septiembre<\/p>\n<\/li>\n<li class=\"c-card__movie__data__item\">\n<p class=\"c-card__movie__data__item__txt\"><b>Reparto:<br \/><\/b>\u200bKate Mara, Laurence Fishburne, Gabriel Luna<\/p>\n<\/li>\n<\/ul>\n<p><img decoding=\"async\" loading=\"lazy\" alt=\"'La astronauta'\" width=\"250\" height=\"375\" src=\"https:\/\/www.europesays.com\/es\/wp-content\/uploads\/2025\/09\/68d4fe6c95f9e.jpeg\"\/><\/p>\n","protected":false},"excerpt":{"rendered":"Entre un mix de joyas de la ciencia ficci\u00f3n reciente de la talla de Under the skin y&hellip;\n","protected":false},"author":2,"featured_media":139097,"comment_status":"","ping_status":"","sticky":false,"template":"","format":"standard","meta":{"footnotes":""},"categories":[169],"tags":[22572,177,1497,146,147,25,24,176,175,23],"class_list":{"0":"post-139096","1":"post","2":"type-post","3":"status-publish","4":"format-standard","5":"has-post-thumbnail","7":"category-cine","8":"tag-astronauta","9":"tag-cine","10":"tag-critica","11":"tag-entertainment","12":"tag-entretenimiento","13":"tag-es","14":"tag-espana","15":"tag-film","16":"tag-movies","17":"tag-spain"},"share_on_mastodon":{"url":"","error":""},"_links":{"self":[{"href":"https:\/\/www.europesays.com\/es\/wp-json\/wp\/v2\/posts\/139096","targetHints":{"allow":["GET"]}}],"collection":[{"href":"https:\/\/www.europesays.com\/es\/wp-json\/wp\/v2\/posts"}],"about":[{"href":"https:\/\/www.europesays.com\/es\/wp-json\/wp\/v2\/types\/post"}],"author":[{"embeddable":true,"href":"https:\/\/www.europesays.com\/es\/wp-json\/wp\/v2\/users\/2"}],"replies":[{"embeddable":true,"href":"https:\/\/www.europesays.com\/es\/wp-json\/wp\/v2\/comments?post=139096"}],"version-history":[{"count":0,"href":"https:\/\/www.europesays.com\/es\/wp-json\/wp\/v2\/posts\/139096\/revisions"}],"wp:featuredmedia":[{"embeddable":true,"href":"https:\/\/www.europesays.com\/es\/wp-json\/wp\/v2\/media\/139097"}],"wp:attachment":[{"href":"https:\/\/www.europesays.com\/es\/wp-json\/wp\/v2\/media?parent=139096"}],"wp:term":[{"taxonomy":"category","embeddable":true,"href":"https:\/\/www.europesays.com\/es\/wp-json\/wp\/v2\/categories?post=139096"},{"taxonomy":"post_tag","embeddable":true,"href":"https:\/\/www.europesays.com\/es\/wp-json\/wp\/v2\/tags?post=139096"}],"curies":[{"name":"wp","href":"https:\/\/api.w.org\/{rel}","templated":true}]}}