{"id":139098,"date":"2025-09-26T01:41:08","date_gmt":"2025-09-26T01:41:08","guid":{"rendered":"https:\/\/www.europesays.com\/es\/139098\/"},"modified":"2025-09-26T01:41:08","modified_gmt":"2025-09-26T01:41:08","slug":"el-celta-no-se-reconoce-ante-el-stuttgart-en-su-regreso-a-europa-futbol-deportes","status":"publish","type":"post","link":"https:\/\/www.europesays.com\/es\/139098\/","title":{"rendered":"El Celta no se reconoce ante el Stuttgart en su regreso a Europa | F\u00fatbol | Deportes"},"content":{"rendered":"<p class=\"\">Nueve temporadas despu\u00e9s, <a href=\"https:\/\/elpais.com\/deportes\/futbol\/2025-09-25\/el-celta-regresa-a-la-europa-league-nueve-temporadas-despues-con-mas-ilusion-que-miedo.html\" target=\"_self\" rel=\"nofollow noopener\" title=\"https:\/\/elpais.com\/deportes\/futbol\/2025-09-25\/el-celta-regresa-a-la-europa-league-nueve-temporadas-despues-con-mas-ilusion-que-miedo.html\">el Celta regres\u00f3 este jueves a la Europa League<\/a> con una visita ante el VfB Stuttgart, un rival que el a\u00f1o pasado jug\u00f3 la Champions, en la que no se encontr\u00f3 a s\u00ed mismo. Al club vigu\u00e9s, <a href=\"https:\/\/elpais.com\/deportes\/futbol\/2025-04-18\/claudio-giraldez-entrenador-del-celta-no-nos-vamos-a-sentir-pequenos-vayamos-al-estadio-al-que-vayamos.html\" target=\"_self\" rel=\"nofollow noopener\" title=\"https:\/\/elpais.com\/deportes\/futbol\/2025-04-18\/claudio-giraldez-entrenador-del-celta-no-nos-vamos-a-sentir-pequenos-vayamos-al-estadio-al-que-vayamos.html\">al que Claudio Gir\u00e1ldez le ha cambiado la cara en poco m\u00e1s de una temporada,<\/a> no le lleg\u00f3 el arre\u00f3n final con un gol del enrachado Borja Iglesias y sum\u00f3 su segunda derrota de un curso en el que a\u00fan no ha ganado y donde acumula cinco empates en Liga. <\/p>\n<p>                                                                                                                                                                                                                                                                                <img decoding=\"async\" title=\"Stuttgart\" loading=\"lazy\" src=\"https:\/\/www.europesays.com\/es\/wp-content\/uploads\/2025\/09\/86.png\"  width=\"80\" height=\"80\" data-error-image=\"https:\/\/static.prisa.com\/aside\/resizer\/resize\/img\/sports\/football\/teams\/default.png?width=160&amp;height=160\"\/><\/p>\n<p>\n            2<\/p>\n<p>                                                                                                                                                                                                                                                                                                                                                                                                                                                                                                                                                                                                                                                                                                                                                                                                                                                                                                                                                                                                                                                                                                                                                                                                                                                                                                                                                                                                                                                                                                                                                                                                                                                                                                                                                                                                                                                                                                                                                                                                                                                                                                                                                                                                                                                                                                                                                                                                                                                                                                                                                                                                                                                                                                                                                                                                                                                                                                                                                                                                                                                                                                                                                                                                                                                    Alexander N\u00fcbel, Lorenz Assignon, Finn Jeltsch (Luca Jaquez, min. 24), Maximilian Mittelst\u00e4dt, Ramon Hendriks, Bilal El Khannouss (Tiago Tom\u00e1s, min. 69), Chema Andres (Atakan Karazor, min. 69), Angelo Stiller, Jamie Leweling (Josha Vagnoman, min. 80), Badredine Bouanani (Chris F\u00fchrich, min. 80) y Ermedin Demirovic<\/p>\n<p>\n            1<\/p>\n<p>                                                                                                                                                                                                                                                                                <img decoding=\"async\" title=\"Celta\" loading=\"lazy\" src=\"https:\/\/www.europesays.com\/es\/wp-content\/uploads\/2025\/09\/1758850868_311_6.png\"  width=\"80\" height=\"80\" data-error-image=\"https:\/\/static.prisa.com\/aside\/resizer\/resize\/img\/sports\/football\/teams\/default.png?width=160&amp;height=160\"\/><\/p>\n<p>                                                                                                                                                                                                                                                                                                                                                                                                                                                                                                                                                                                                                                                                                                                                                                                                                                                                                                                                                                                                                                                                                                                                                                                                                                                                                                                                                                                                                                                                                                                                                                                                                                                                                                                                                                                                                                                                                                                                                                                                                                                                                                                                                                                                                                                                                                                                                                                                                                                                                                                                                                                                                                                                                                                                                                                                                                                                                                                                                                                                                                                                                                                                                                                                                                                    Ionut Radu, Marcos Alonso, Carl Starfelt, Javi Rodr\u00edguez, Fran Beltr\u00e1n (Hugo Sotelo, min. 82), Ilaix Moriba, \u00d3scar Mingueza, Jones El Abdellaoui (Javi Rueda, min. 61), Iago Aspas (Williot Swedberg, min. 61), Pablo Dur\u00e1n (Bryan Zaragoza, min. 60) y Ferran Jutgl\u00e0 (Borja Iglesias, min. 51)<\/p>\n<p>\n            <b>Goles<\/b><br \/>\n                                                                                                        1-0 min. 50: Badredine Bouanani.                                                                                 2-0 min. 67: Bilal El Khannous.                                                                                 2-1 min. 85: Borja Iglesias                    <\/p>\n<p>\n            <b>Arbitro<\/b> Nick Walsh<\/p>\n<p>Tarjetas amarillas<br \/>\n                                            Ermedin Demirovic (min. 34),                                             Williot Swedberg (min. 62),                                             Lorenz Assignon (min. 84),                                             Moriba Kourouma (min. 94)\n                <\/p>\n<p class=\"\">La puesta en escena del equipo gallego, con el t\u00f3tem Iago Aspas como titular ocho a\u00f1os despu\u00e9s de aquellas semifinales europeas ante el United en las que termin\u00f3 en l\u00e1grimas por la dolorosa eliminaci\u00f3n, no fue reconocible. El Stuttgart, dirigido en el centro del campo por el canterano del Madrid Chema Andr\u00e9s y el alem\u00e1n Angelo Stiller, lanz\u00f3 una presi\u00f3n muy adelantada con la que impidi\u00f3 que el club vigu\u00e9s trenzara sus ataques en el juego posicional. Todas las combinaciones mor\u00edan en una perdida en campo propio o en un bal\u00f3n largo y desesperado al delantero Ferran Jutgl\u00e0.<\/p>\n<p>M\u00e1s informaci\u00f3n<\/p>\n<p class=\"\">El \u00fanico susto sobre la porter\u00eda de N\u00fcbel la dio Aspas cuando el guardameta err\u00f3 en el arranque un despeje que cay\u00f3 en los pies del futbolista de Moa\u00f1a. Su disparo al primer toque desde 35 metros se fue por encima del larguero. El Celta no volvi\u00f3 a inquietar el \u00e1rea alemana hasta el borde del descanso, cuando Jutgl\u00e0 envi\u00f3 alto otro tiro tras una contra bien trazada entre el delantero gallego, Mingueza e Ilaix. Entre esas dos ocasiones fue el Stuttgart el que rond\u00f3 la porter\u00eda de Radu y se instal\u00f3 casi todo el tiempo en campo contrario. El portero rumano salv\u00f3 un cabezazo de Chema Andr\u00e9s a bocajarro y se luci\u00f3 con una estirada ante un intento lejano de Assignon, muy acertado durante todo el encuentro.<\/p>\n<p class=\"\">La presi\u00f3n del conjunto alem\u00e1n, dirigido por Sebastian Hoeness, fue tambi\u00e9n muy intensa al inicio del segundo tramo. A los de Gir\u00e1ldez le cost\u00f3 encontrar la profundidad. Todo el tiempo dio la impresi\u00f3n de que el Celta estaba inc\u00f3modo, <a href=\"https:\/\/elpais.com\/deportes\/futbol\/2024-10-18\/claudio-giraldez-el-entrenador-que-reconecto-al-celtismo-con-el-celta.html\" target=\"_self\" rel=\"nofollow noopener\" title=\"https:\/\/elpais.com\/deportes\/futbol\/2024-10-18\/claudio-giraldez-el-entrenador-que-reconecto-al-celtismo-con-el-celta.html\">desnaturalizado sin su habitual capacidad para circular r\u00e1pido el bal\u00f3n<\/a> con un doble pivote formado por Fran Beltr\u00e1n e Ilaix. Los alemanes se adelantaron con un gol de Bouanani en una jugada tan primaria como un bal\u00f3n largo del portero que sobrepas\u00f3 a Marcos Alonso. El extremo argelino, m\u00e1s veloz que el central, defini\u00f3 con una vaselina por encima de Radu. Unos minutos despu\u00e9s, fue El Khannous quien hizo el segundo en un c\u00f3rner sacado en corto. El delantero marroqu\u00ed tir\u00f3 una pared, avanz\u00f3 en diagonal y coloc\u00f3 el disparo al palo largo del guardameta del Celta con muy poca oposici\u00f3n.<\/p>\n<p class=\"\">Gir\u00e1ldez sacudi\u00f3 el banquillo y cambi\u00f3 el tridente ofensivo con Borja, Swedberg y Bryan Zaragoza. El delantero gallego marc\u00f3 por cuarto partido consecutivo al borde del final despu\u00e9s de que Ilaix robara a Karazor en la salida de bal\u00f3n. El tanto del Panda no fue suficiente para evitar la derrota despu\u00e9s de que Bryan Zaragoza errase una ocasi\u00f3n ante N\u00fcbel en el \u00faltimo minuto. El regreso ocho a\u00f1os despu\u00e9s a la Europa League fue muy inc\u00f3modo para el Celta, al que le toca remar en lo que queda de primera fase. <\/p>\n","protected":false},"excerpt":{"rendered":"Nueve temporadas despu\u00e9s, el Celta regres\u00f3 este jueves a la Europa League con una visita ante el VfB&hellip;\n","protected":false},"author":2,"featured_media":139099,"comment_status":"","ping_status":"","sticky":false,"template":"","format":"standard","meta":{"footnotes":""},"categories":[93],"tags":[43604,12154,1727,27256,1540,168,1539,25,24,282,1538,5815,34195,31445,43603,1810,23,167,43602],"class_list":{"0":"post-139098","1":"post","2":"type-post","3":"status-publish","4":"format-standard","5":"has-post-thumbnail","7":"category-deportes","8":"tag-angelo-stiller","9":"tag-borja-iglesias","10":"tag-celta-de-vigo","11":"tag-claudio-giraldez","12":"tag-competiciones","13":"tag-deportes","14":"tag-entrenadores","15":"tag-es","16":"tag-espana","17":"tag-futbol","18":"tag-futbolistas","19":"tag-goles","20":"tag-iago-aspas","21":"tag-liga-europa","22":"tag-marcos-alonso","23":"tag-partidos-futbol","24":"tag-spain","25":"tag-sports","26":"tag-vfb-stuttgart"},"share_on_mastodon":{"url":"","error":""},"_links":{"self":[{"href":"https:\/\/www.europesays.com\/es\/wp-json\/wp\/v2\/posts\/139098","targetHints":{"allow":["GET"]}}],"collection":[{"href":"https:\/\/www.europesays.com\/es\/wp-json\/wp\/v2\/posts"}],"about":[{"href":"https:\/\/www.europesays.com\/es\/wp-json\/wp\/v2\/types\/post"}],"author":[{"embeddable":true,"href":"https:\/\/www.europesays.com\/es\/wp-json\/wp\/v2\/users\/2"}],"replies":[{"embeddable":true,"href":"https:\/\/www.europesays.com\/es\/wp-json\/wp\/v2\/comments?post=139098"}],"version-history":[{"count":0,"href":"https:\/\/www.europesays.com\/es\/wp-json\/wp\/v2\/posts\/139098\/revisions"}],"wp:featuredmedia":[{"embeddable":true,"href":"https:\/\/www.europesays.com\/es\/wp-json\/wp\/v2\/media\/139099"}],"wp:attachment":[{"href":"https:\/\/www.europesays.com\/es\/wp-json\/wp\/v2\/media?parent=139098"}],"wp:term":[{"taxonomy":"category","embeddable":true,"href":"https:\/\/www.europesays.com\/es\/wp-json\/wp\/v2\/categories?post=139098"},{"taxonomy":"post_tag","embeddable":true,"href":"https:\/\/www.europesays.com\/es\/wp-json\/wp\/v2\/tags?post=139098"}],"curies":[{"name":"wp","href":"https:\/\/api.w.org\/{rel}","templated":true}]}}