{"id":139100,"date":"2025-09-26T01:43:13","date_gmt":"2025-09-26T01:43:13","guid":{"rendered":"https:\/\/www.europesays.com\/es\/139100\/"},"modified":"2025-09-26T01:43:13","modified_gmt":"2025-09-26T01:43:13","slug":"presunta-agresion-sexual-villares-paloma-lago-no-puedo-daros-ninguna-informacion-porque-es-un-tema-que-esta-judicializado","status":"publish","type":"post","link":"https:\/\/www.europesays.com\/es\/139100\/","title":{"rendered":"Presunta agresi\u00f3n sexual Villares | Paloma Lago: \u00abNo puedo daros ninguna informaci\u00f3n porque es un tema que est\u00e1 judicializado\u00bb"},"content":{"rendered":"<p class=\"ft-text\"><strong>Paloma Lago <\/strong>ha reaparecido este jueves ante los medios de comunicaci\u00f3n en los <strong>Premios de Sostenibilidad y Moda &#8216;Greenwalk&#8217;<\/strong>, en Barcelona, despu\u00e9s de la repercusi\u00f3n medi\u00e1tica que tuvo hace unos meses por<a class=\"ft-link ft-link--decoration\" href=\"https:\/\/www.farodevigo.es\/vida-y-estilo\/gente\/2025\/06\/06\/paloma-lago-denuncia-sufrio-sumision-quimica-agresion-sexual-alfonso-villares-118310300.html\" rel=\"nofollow noopener\" target=\"_blank\"> la demanda por presunta agresi\u00f3n sexual<\/a> que interpuso <strong>contra el exconselleiro del Mar de la Xunta de Galicia,<\/strong><a href=\"https:\/\/www.farodevigo.es\/tags\/alfonso-villares\/\" class=\"ft-link ft-link--decoration\" rel=\"nofollow noopener\" target=\"_blank\"><strong>Alfonso Villares<\/strong><\/a><strong>.<\/strong><\/p>\n<p class=\"ft-text\">All\u00ed, la modelo ha confesado estar<strong> \u00abmuy feliz y encantada\u00bb<\/strong> de estar en la ciudad condal \u00abpresentando estos premios de moda\u00bb, pero ha dejado claro que \u00abno puedo daros ninguna informaci\u00f3n sobre este tema porque es un tema que est\u00e1 judicializado\u00bb.<\/p>\n<p><img decoding=\"async\" src=\"https:\/\/www.europesays.com\/es\/wp-content\/uploads\/2025\/09\/f2ab0e13-70f6-4ce8-821a-ce63f1814543_alta-libre-aspect-ratio_default_0.jpg\" width=\"1200\" height=\"675\" alt=\"Paloma Lago y Alfonso Villares\" class=\"ft-helper-img-rd\" loading=\"lazy\" hasdataaida=\"true\"\/><\/p>\n<p class=\"ft-helper-fontColor-quaternary ft-helper-fontSize-body-S ft-helper-spacer-t-xxs\">Paloma Lago y Alfonso Villares  \/ B. RAM\u00d3N \/ XO\u00c1N REY \/ EFE<\/p>\n<p class=\"ft-text\"><strong>Impasible ante las preguntas de los reporteros<\/strong>, Paloma ha aguantado la presi\u00f3n medi\u00e1tica y simplemente ha comentado que ha pasado el verano \u00abmuy bien, genial\u00bb, pero no ha querido comentar nada m\u00e1s al respecto.<\/p>\n<p class=\"ft-text\"><strong>La exmujer de Javier Garc\u00eda Obreg\u00f3n<\/strong> lleva alejada de los medios de comunicaci\u00f3n desde antes de verano, en su casa de Cabo Prior, en Ferrol, y all\u00ed ha recibido el apoyo incondicional de su familia. Ahora, sigue a la espera de que el proceso judicial siga su curso.<\/p>\n","protected":false},"excerpt":{"rendered":"Paloma Lago ha reaparecido este jueves ante los medios de comunicaci\u00f3n en los Premios de Sostenibilidad y Moda&hellip;\n","protected":false},"author":2,"featured_media":139101,"comment_status":"","ping_status":"","sticky":false,"template":"","format":"standard","meta":{"footnotes":""},"categories":[91],"tags":[11971,43606,210,43605,14762,146,147,25,24,816,18087,2950,33736,532,9129,23,1793],"class_list":{"0":"post-139100","1":"post","2":"type-post","3":"status-publish","4":"format-standard","5":"has-post-thumbnail","7":"category-entretenimiento","8":"tag-agresion","9":"tag-alfonso-villares","10":"tag-barcelona","11":"tag-conselleiro","12":"tag-declaraciones","13":"tag-entertainment","14":"tag-entretenimiento","15":"tag-es","16":"tag-espana","17":"tag-galicia","18":"tag-lago","19":"tag-medios-de-comunicacion","20":"tag-paloma","21":"tag-premios","22":"tag-sexual","23":"tag-spain","24":"tag-verano"},"share_on_mastodon":{"url":"","error":""},"_links":{"self":[{"href":"https:\/\/www.europesays.com\/es\/wp-json\/wp\/v2\/posts\/139100","targetHints":{"allow":["GET"]}}],"collection":[{"href":"https:\/\/www.europesays.com\/es\/wp-json\/wp\/v2\/posts"}],"about":[{"href":"https:\/\/www.europesays.com\/es\/wp-json\/wp\/v2\/types\/post"}],"author":[{"embeddable":true,"href":"https:\/\/www.europesays.com\/es\/wp-json\/wp\/v2\/users\/2"}],"replies":[{"embeddable":true,"href":"https:\/\/www.europesays.com\/es\/wp-json\/wp\/v2\/comments?post=139100"}],"version-history":[{"count":0,"href":"https:\/\/www.europesays.com\/es\/wp-json\/wp\/v2\/posts\/139100\/revisions"}],"wp:featuredmedia":[{"embeddable":true,"href":"https:\/\/www.europesays.com\/es\/wp-json\/wp\/v2\/media\/139101"}],"wp:attachment":[{"href":"https:\/\/www.europesays.com\/es\/wp-json\/wp\/v2\/media?parent=139100"}],"wp:term":[{"taxonomy":"category","embeddable":true,"href":"https:\/\/www.europesays.com\/es\/wp-json\/wp\/v2\/categories?post=139100"},{"taxonomy":"post_tag","embeddable":true,"href":"https:\/\/www.europesays.com\/es\/wp-json\/wp\/v2\/tags?post=139100"}],"curies":[{"name":"wp","href":"https:\/\/api.w.org\/{rel}","templated":true}]}}