{"id":139104,"date":"2025-09-26T01:46:10","date_gmt":"2025-09-26T01:46:10","guid":{"rendered":"https:\/\/www.europesays.com\/es\/139104\/"},"modified":"2025-09-26T01:46:10","modified_gmt":"2025-09-26T01:46:10","slug":"el-craneo-de-un-millon-de-anos-que-cambia-totalmente-nuestra-comprension-de-la-evolucion-humana-segun-los-cientificos","status":"publish","type":"post","link":"https:\/\/www.europesays.com\/es\/139104\/","title":{"rendered":"El cr\u00e1neo de un mill\u00f3n de a\u00f1os que \u00abcambia totalmente\u00bb nuestra comprensi\u00f3n de la evoluci\u00f3n humana, seg\u00fan los cient\u00edficos"},"content":{"rendered":"<p><img fetchpriority=\"high\" decoding=\"async\" src=\"https:\/\/www.europesays.com\/es\/wp-content\/uploads\/2025\/09\/6123b2f0-865f-11f0-8c3f-f11535c1796a.jpg.webp.webp\"   alt=\"Cr\u00e1neo gris con una gran caja craneana sobre una tela negra. Conserva algunos dientes. Presenta grandes cuencas oculares y orificios nasales.\" loading=\"eager\" width=\"3840\" height=\"2160\" style=\"aspect-ratio:3840 \/ 2160\" class=\"bbc-139onq\"\/><\/p>\n<p class=\"bbc-by8ykd\" role=\"text\">Fuente de la imagen, BBC News<\/p>\n<p>Pie de foto, Reproducci\u00f3n del cr\u00e1neo de un mill\u00f3n de a\u00f1os en la que pueden observarse algunas caracter\u00edsticas modernas.<strong id=\"article-byline\" aria-hidden=\"true\" class=\"bbc-m04vo2\">Informaci\u00f3n del art\u00edculo<\/strong><\/p>\n<ul class=\"bbc-1rvtlej\">\n<li class=\"bbc-oe8da4\">\n<ul role=\"list\" class=\"bbc-r1yif8\">\n<li>Autor, Pallab Ghosh<\/li>\n<li>T\u00edtulo del autor,  Corresponsal de Ciencia de la BBC<\/li>\n<li><a class=\"focusIndicatorReducedWidth bbc-jcgbvy\" href=\"https:\/\/twitter.com\/BBCPallab\" aria-labelledby=\"byline-twitter-link\" rel=\"nofollow noopener\" target=\"_blank\">X, @BBCPallab<\/a><\/li>\n<\/ul>\n<\/li>\n<li class=\"bbc-1clfxfc\">\n<p>4 horas<\/p>\n<\/li>\n<li class=\"bbc-1clfxfc\"\/><\/ul>\n<p dir=\"ltr\" class=\"bbc-hhl7in e17g058b0\"><b>Un cr\u00e1neo humano de un mill\u00f3n de a\u00f1os de antig\u00fcedad hallado en China sugiere que nuestra especie, el Homo sapiens, comenz\u00f3 a surgir al menos medio mill\u00f3n de a\u00f1os antes de lo que pens\u00e1bamos, seg\u00fan indican investigadores en un nuevo estudio.<\/b><\/p>\n<p dir=\"ltr\" class=\"bbc-hhl7in e17g058b0\">Tambi\u00e9n afirman que demuestra que coexistimos con otras especies hermanas, incluidos los neandertales, durante mucho m\u00e1s tiempo del que cre\u00edamos.<\/p>\n<p dir=\"ltr\" class=\"bbc-hhl7in e17g058b0\">Los cient\u00edficos aseguran que su an\u00e1lisis \u00abcambia totalmente\u00bb nuestra comprensi\u00f3n de la evoluci\u00f3n humana y, de ser correcto, sin duda reescribir\u00eda un cap\u00edtulo clave de nuestra historia.<\/p>\n<p dir=\"ltr\" class=\"bbc-hhl7in e17g058b0\">Pero otros expertos en un campo en el que abundan los desacuerdos sobre nuestra aparici\u00f3n en el planeta, dicen que las conclusiones del nuevo estudio son plausibles pero lejos de ser seguras.<\/p>\n<p dir=\"ltr\" class=\"bbc-hhl7in e17g058b0\">El descubrimiento, publicado en Science, una de las revistas cient\u00edficas m\u00e1s importantes del mundo, conmocion\u00f3 al equipo de investigaci\u00f3n, que inclu\u00eda cient\u00edficos de una universidad china y del Museo de Historia Natural de Reino Unido.<\/p>\n<p dir=\"ltr\" class=\"bbc-hhl7in e17g058b0\">\u00abDesde el principio, cuando obtuvimos el resultado, nos pareci\u00f3 incre\u00edble. \u00bfC\u00f3mo pod\u00eda ser algo tan remoto?\u00bb, declar\u00f3 el profesor Xijun Ni, de la Universidad de Fudan, quien codirigi\u00f3 el an\u00e1lisis.<\/p>\n<p dir=\"ltr\" class=\"bbc-hhl7in e17g058b0\">\u00abPero lo probamos una y otra vez para comprobar todos los modelos, utilizando todos los m\u00e9todos, y ahora confiamos en el resultado y estamos realmente entusiasmados\u00bb.<\/p>\n<p><img decoding=\"async\" src=\"https:\/\/www.europesays.com\/es\/wp-content\/uploads\/2025\/09\/c597e060-8661-11f0-9cf6-cbf3e73ce2b9.jpg.webp.webp\"   alt=\"Tres cient\u00edficos chinos se sientan alrededor de una mesa con cinco cr\u00e1neos. Tres parecen ser los f\u00f3siles originales distorsionados, dos son reconstrucciones de color gris azulado y otro cr\u00e1neo blanco parece pertenecer a otra especie. Dos de los cient\u00edficos sostienen r\u00e9plicas de cr\u00e1neos.\" loading=\"lazy\" width=\"3840\" height=\"2160\" style=\"aspect-ratio:3840 \/ 2160\" class=\"bbc-139onq\"\/><\/p>\n<p class=\"bbc-by8ykd\" role=\"text\">Fuente de la imagen, Fudan University<\/p>\n<p>Pie de foto, Los cr\u00e1neos fueron descubiertos por un equipo chino en la provincia de Hubei, en el centro de China, que los compar\u00f3 con otras especies humanas.<\/p>\n<p>Homo longi<\/p>\n<p dir=\"ltr\" class=\"bbc-hhl7in e17g058b0\">Cuando los cient\u00edficos encontraron el cr\u00e1neo, llamado Yunxian 2, asumieron que pertenec\u00eda a un ancestro anterior, el Homo erectus, los primeros humanos con cerebros grandes. Esto se debe a que data de hace aproximadamente un mill\u00f3n de a\u00f1os, mucho antes de que se creyera que hab\u00edan surgido humanos m\u00e1s avanzados.<\/p>\n<p dir=\"ltr\" class=\"bbc-hhl7in e17g058b0\">El Homo erectus finalmente evolucion\u00f3 y comenz\u00f3 a divergir hace 600.000 a\u00f1os, dando lugar a los neandertales y a nuestra especie, el Homo sapiens.<\/p>\n<p dir=\"ltr\" class=\"bbc-hhl7in e17g058b0\">Sin embargo, el nuevo an\u00e1lisis de Yunxian 2, revisado por expertos independientes del equipo de investigaci\u00f3n, sugiere que no se trata de un Homo erectus.<\/p>\n<p dir=\"ltr\" class=\"bbc-hhl7in e17g058b0\">Ahora se cree que es una versi\u00f3n temprana del Homo longi, una especie hermana con niveles de desarrollo similares a los de los neandertales y el Homo sapiens.<\/p>\n<p dir=\"ltr\" class=\"bbc-hhl7in e17g058b0\">La evidencia gen\u00e9tica sugiere que existi\u00f3 junto a ellos, as\u00ed que si Yunxian 2 camin\u00f3 sobre la Tierra hace un mill\u00f3n de a\u00f1os, seg\u00fan los cient\u00edficos, las versiones tempranas del neandertal y de nuestra propia especie probablemente tambi\u00e9n lo hicieron.<\/p>\n<p dir=\"ltr\" class=\"bbc-hhl7in e17g058b0\">Este sorprendente an\u00e1lisis ha cambiado dr\u00e1sticamente la cronolog\u00eda de la evoluci\u00f3n de los humanos con cerebros grandes al datar su aparici\u00f3n al menos medio mill\u00f3n de a\u00f1os ante de lo que se cre\u00eda, seg\u00fan el profesor Chris Stringer, del Museo de Historia Natural, quien ejerci\u00f3 de codirector de la investigaci\u00f3n.<\/p>\n<p dir=\"ltr\" class=\"bbc-hhl7in e17g058b0\">Afirm\u00f3 que es probable que existan f\u00f3siles de Homo sapiens de millones de a\u00f1os en alg\u00fan lugar de nuestro planeta, pero a\u00fan no los hemos encontrado.<\/p>\n<p><img decoding=\"async\" src=\"https:\/\/www.europesays.com\/es\/wp-content\/uploads\/2025\/09\/ef612970-8660-11f0-af92-919fe2e28dcf.jpg.webp.webp\"   alt=\"Cuatro calaveras sobre una mesa. Dos calaveras blancas est\u00e1n distorsionadas y junto a ellas hay dos calaveras grises sin distorsi\u00f3n.\" loading=\"lazy\" width=\"3537\" height=\"1989\" style=\"aspect-ratio:3537 \/ 1989\" class=\"bbc-139onq\"\/><\/p>\n<p class=\"bbc-by8ykd\" role=\"text\">Fuente de la imagen, Fudan University<\/p>\n<p>Pie de foto, Los cr\u00e1neos blancos son los f\u00f3siles originales distorsionados y los grises son r\u00e9plicas que han sido corregidas por computadora.<\/p>\n<p>La b\u00fasqueda de evidencias<\/p>\n<p dir=\"ltr\" class=\"bbc-hhl7in e17g058b0\">Hay dos maneras de identificar la especie de un humano primitivo y determinar cu\u00e1ndo habit\u00f3 la Tierra: analizando la forma del cr\u00e1neo y analizando sus datos gen\u00e9ticos.<\/p>\n<p dir=\"ltr\" class=\"bbc-hhl7in e17g058b0\">En el caso de Yunxian 2, se utilizaron ambos m\u00e9todos, y ambos llegaron a la misma conclusi\u00f3n.<\/p>\n<p dir=\"ltr\" class=\"bbc-hhl7in e17g058b0\">Sin embargo, otros investigadores, como el Dr. Aylwyn Scally, genetista evolutivo de la Universidad de Cambridge, afirman que ambos m\u00e9todos presentan considerables incertidumbres.<\/p>\n<p dir=\"ltr\" class=\"bbc-hhl7in e17g058b0\">\u00abHay que ser especialmente cauteloso con las estimaciones temporales, ya que son muy dif\u00edciles de realizar, independientemente de la evidencia que se est\u00e9 analizando, ya sea gen\u00e9tica o f\u00f3sil\u00bb, afirm\u00f3.<\/p>\n<p dir=\"ltr\" class=\"bbc-hhl7in e17g058b0\">\u00abIncluso con la mayor cantidad de datos gen\u00e9ticos, es muy dif\u00edcil determinar el momento en que estas poblaciones pudieron haber coexistido con una diferencia de 100.000 a\u00f1os, o incluso m\u00e1s\u00bb, agreg\u00f3.<\/p>\n<p dir=\"ltr\" class=\"bbc-hhl7in e17g058b0\">A\u00f1adi\u00f3 que, si bien las conclusiones de los profesores Ni y Stringer eran plausibles, distaban de ser seguras, y apunto que se necesitaban m\u00e1s pruebas para estar seguros.<\/p>\n<p dir=\"ltr\" class=\"bbc-hhl7in e17g058b0\">\u00abEse panorama a\u00fan no est\u00e1 del todo claro para nosotros, as\u00ed que si las conclusiones de esta investigaci\u00f3n se sustentan en otros an\u00e1lisis, idealmente a partir de algunos datos gen\u00e9ticos, creo que empezar\u00edamos a tener cada vez m\u00e1s confianza\u00bb, declar\u00f3 a BBC News.<\/p>\n<p dir=\"ltr\" class=\"bbc-hhl7in e17g058b0\">La evidencia m\u00e1s antigua conocida del Homo sapiens primitivo en \u00c1frica data de hace 300.000 a\u00f1os, por lo que es tentador concluir que nuestra especie podr\u00eda haber evolucionado primero en Asia.<\/p>\n<p dir=\"ltr\" class=\"bbc-hhl7in e17g058b0\">Sin embargo, seg\u00fan el profesor Stringer, no hay suficiente evidencia para asegurarlo en este momento, ya que existen f\u00f3siles humanos en \u00c1frica y Europa que tambi\u00e9n tienen un mill\u00f3n de a\u00f1os y que deben incorporarse al an\u00e1lisis.<\/p>\n<p dir=\"ltr\" class=\"bbc-hhl7in e17g058b0\">\u00abExiste evidencia gen\u00e9tica que apunta a la aparici\u00f3n a\u00fan m\u00e1s temprana de nuestra especie, que podr\u00eda haberse recombinado con nuestro linaje, pero esto a\u00fan no est\u00e1 probado\u00bb, declar\u00f3 a BBC News.<\/p>\n<p dir=\"ltr\" class=\"bbc-hhl7in e17g058b0\">Esta cronolog\u00eda anterior significa que las tres especies humanas coexistieron en el planeta durante unos 800.000 a\u00f1os, mucho m\u00e1s tiempo del que se cre\u00eda, posiblemente interactuando y cruz\u00e1ndose durante ese tiempo.<\/p>\n<p>Los \u00abtres grandes\u00bb<\/p>\n<p dir=\"ltr\" class=\"bbc-hhl7in e17g058b0\">La aparici\u00f3n m\u00e1s temprana tambi\u00e9n ayuda a comprender docenas de restos f\u00f3siles humanos que datan de hace 800.000 y 100.000 a\u00f1os, y que los cient\u00edficos han encontrado dif\u00edciles de clasificar y ubicar en el \u00e1rbol geneal\u00f3gico humano, la llamada \u00abconfusi\u00f3n intermedia\u00bb.<\/p>\n<p dir=\"ltr\" class=\"bbc-hhl7in e17g058b0\">Pero la aparici\u00f3n temprana del Homo sapiens, el Homo longi y los neandertales resuelve claramente el problema. Esto significa que ahora es posible agrupar los f\u00f3siles dif\u00edciles de clasificar como subgrupos pertenecientes a uno de los \u00abtres grandes\u00bb, o a sus ancestros m\u00e1s primitivos, el Homo erectus asi\u00e1tico y el Homo heidelbergensis, seg\u00fan el profesor Ni.<\/p>\n<p dir=\"ltr\" class=\"bbc-hhl7in e17g058b0\">\u00abLa evoluci\u00f3n humana es como un \u00e1rbol\u00bb, dijo. \u00abEste \u00e1rbol inclu\u00eda varias ramas, y hab\u00eda tres ramas principales estrechamente relacionadas, que podr\u00edan haberse cruzado entre s\u00ed y coexistido durante casi un mill\u00f3n de a\u00f1os. As\u00ed que este es un resultado incre\u00edble\u00bb.<\/p>\n<p dir=\"ltr\" class=\"bbc-hhl7in e17g058b0\">El cr\u00e1neo fue excavado junto con otros dos en la provincia de Hubei. Sin embargo, estaban da\u00f1ados y aplastados, lo cual es una de las razones por las que Yunxian 2 fue clasificado err\u00f3neamente como erectus.<\/p>\n<p dir=\"ltr\" class=\"bbc-hhl7in e17g058b0\">Para restaurarlos a su forma original, el equipo del profesor Ni escane\u00f3 los cr\u00e1neos y les devolvi\u00f3 su forma mediante t\u00e9cnicas de modelado inform\u00e1tico. Posteriormente, imprimi\u00f3 r\u00e9plicas en una impresora 3D.<\/p>\n<p dir=\"ltr\" class=\"bbc-hhl7in e17g058b0\">Al observarlos tal como eran, los cient\u00edficos pudieron reclasificarlos como un grupo humano separado y m\u00e1s avanzado.<\/p>\n<p><img decoding=\"async\" src=\"https:\/\/www.europesays.com\/es\/wp-content\/uploads\/2025\/09\/314b32e0-9a48-11f0-97f5-bd38218a3641.png.webp.webp\"   alt=\"&quot;&quot;\" loading=\"lazy\" width=\"800\" height=\"100\" style=\"aspect-ratio:800 \/ 100\" class=\"bbc-139onq\"\/><\/p>\n<p dir=\"ltr\" class=\"bbc-hhl7in e17g058b0\"><a href=\"https:\/\/www.bbc.com\/mundo\/send\/u184973209\" class=\"focusIndicatorReducedWidth bbc-n8oauk e1p3sufg0\" rel=\"nofollow noopener\" target=\"_blank\">Suscr\u00edbete aqu\u00ed<\/a> a nuestro nuevo newsletter para recibir cada viernes una selecci\u00f3n de nuestro mejor contenido de la semana.<\/p>\n<p dir=\"ltr\" class=\"bbc-hhl7in e17g058b0\">Y recuerda que puedes recibir notificaciones en nuestra app. Descarga la \u00faltima versi\u00f3n y act\u00edvalas.<\/p>\n<p><script async src=\"https:\/\/platform.twitter.com\/widgets.js\" charset=\"utf-8\"><\/script><\/p>\n","protected":false},"excerpt":{"rendered":"Fuente de la imagen, BBC News Pie de foto, Reproducci\u00f3n del cr\u00e1neo de un mill\u00f3n de a\u00f1os en&hellip;\n","protected":false},"author":2,"featured_media":139105,"comment_status":"","ping_status":"","sticky":false,"template":"","format":"standard","meta":{"footnotes":""},"categories":[42],"tags":[17,18,13,14,11,61,62,63,64,19,20,9,10,15,16,12,21,22,65,66,67],"class_list":{"0":"post-139104","1":"post","2":"type-post","3":"status-publish","4":"format-standard","5":"has-post-thumbnail","7":"category-internacional","8":"tag-breaking-news","9":"tag-breakingnews","10":"tag-featured-news","11":"tag-featurednews","12":"tag-headlines","13":"tag-internacional","14":"tag-international","15":"tag-international-news","16":"tag-internationalnews","17":"tag-latest-news","18":"tag-latestnews","19":"tag-news","20":"tag-noticias","21":"tag-noticias-destacadas","22":"tag-noticiasdestacadas","23":"tag-titulares","24":"tag-ultimas-noticias","25":"tag-ultimasnoticias","26":"tag-world","27":"tag-world-news","28":"tag-worldnews"},"share_on_mastodon":{"url":"","error":""},"_links":{"self":[{"href":"https:\/\/www.europesays.com\/es\/wp-json\/wp\/v2\/posts\/139104","targetHints":{"allow":["GET"]}}],"collection":[{"href":"https:\/\/www.europesays.com\/es\/wp-json\/wp\/v2\/posts"}],"about":[{"href":"https:\/\/www.europesays.com\/es\/wp-json\/wp\/v2\/types\/post"}],"author":[{"embeddable":true,"href":"https:\/\/www.europesays.com\/es\/wp-json\/wp\/v2\/users\/2"}],"replies":[{"embeddable":true,"href":"https:\/\/www.europesays.com\/es\/wp-json\/wp\/v2\/comments?post=139104"}],"version-history":[{"count":0,"href":"https:\/\/www.europesays.com\/es\/wp-json\/wp\/v2\/posts\/139104\/revisions"}],"wp:featuredmedia":[{"embeddable":true,"href":"https:\/\/www.europesays.com\/es\/wp-json\/wp\/v2\/media\/139105"}],"wp:attachment":[{"href":"https:\/\/www.europesays.com\/es\/wp-json\/wp\/v2\/media?parent=139104"}],"wp:term":[{"taxonomy":"category","embeddable":true,"href":"https:\/\/www.europesays.com\/es\/wp-json\/wp\/v2\/categories?post=139104"},{"taxonomy":"post_tag","embeddable":true,"href":"https:\/\/www.europesays.com\/es\/wp-json\/wp\/v2\/tags?post=139104"}],"curies":[{"name":"wp","href":"https:\/\/api.w.org\/{rel}","templated":true}]}}