{"id":139106,"date":"2025-09-26T01:47:06","date_gmt":"2025-09-26T01:47:06","guid":{"rendered":"https:\/\/www.europesays.com\/es\/139106\/"},"modified":"2025-09-26T01:47:06","modified_gmt":"2025-09-26T01:47:06","slug":"espinosa-de-los-monteros-lanza-atenea-reclamando-el-cese-de-hostilidades-de-pp-y-vox-para-gobernar-tras-sanchez","status":"publish","type":"post","link":"https:\/\/www.europesays.com\/es\/139106\/","title":{"rendered":"Espinosa de los Monteros lanza &#8216;Atenea&#8217; reclamando el \u00abcese de hostilidades\u00bb de PP y Vox para gobernar tras S\u00e1nchez"},"content":{"rendered":"<p>Dice que la fundaci\u00f3n nace \u00abpara ayudar a una Espa\u00f1a mejor\u00bb desde la sociedad civil y no ocupar\u00e1 el lugar de \u00abning\u00fan partido pol\u00edtico\u00bb<\/p>\n<p>Arropan al exparlamentario parlamentario pol\u00edticos de Vox, como Javier Ortega Smith e In\u00e9s Ca\u00f1izares, y del PP<\/p>\n<p>\u00a0 \u00a0 MADRID, 25 (EUROPA PRESS)<\/p>\n<p>\u00a0 \u00a0El exportavoz parlamentario de Vox Iv\u00e1n Espinosa de los Monteros ha lanzado su fundaci\u00f3n &#8216;Atenea&#8217; reivindicando el \u00abcese de hostilidades\u00bb entre PP y la formaci\u00f3n de Santiago Abascal, a la vez que ha pedido ser \u00abgenerosos\u00bb ante la \u00aboportunidad\u00bb de gobernar juntos despu\u00e9s de Pedro S\u00e1nchez. A su vez, ha subrayado que su laboratorio de ideas nace para \u00abayudar a una Espa\u00f1a mejor\u00bb desde la sociedad civil y no ocupar\u00e1 el lugar de \u00abning\u00fan partido pol\u00edtico\u00bb.<\/p>\n<p>\u00a0 \u00a0En la junta directiva de &#8216;Atenea&#8217;, presidida por Iv\u00e1n Espinosa de los Monteros, estar\u00e1 como vicepresidente el empresario Ricardo Garrudo, el que fuera fundador de Vox en Cantabria y vicesecretario nacional de Movilizaci\u00f3n en el partido de Santiago Abascal. Asimismo, In\u00e9s Ca\u00f1izares, vicealcaldesa de Toledo y exportavoz adjunta de Vox en el Congreso, ser\u00e1 secretaria tesorera en la fundaci\u00f3n. El exeurodiputado de Ciudadanos y expresidente balear Jos\u00e9 Ram\u00f3n Bauza y el ex secretario de Organizaci\u00f3n de Ciudadanos y asesor del PP con Pablo Casado en la Presidencia del partido, Fran Herv\u00edas, tambi\u00e9n formar\u00e1n parte de la directiva.<\/p>\n<p>\u00a0 \u00a0En el acto de presentaci\u00f3n que se ha celebrado en el Colegio de Arquitectos de Madrid, el exdirigente de Vox ha comenzado recordando las elecciones del 23 de julio de las que ha pedido \u00absacar conclusiones\u00bb despu\u00e9s de que no se lograra una alternativa al Gobierno de Pedro S\u00e1nchez porque, de no hacerse, \u00abno es descartable un resultado parecido\u00bb en la siguiente cita electoral.<\/p>\n<p>\u00a0 \u00a0Como primera conclusi\u00f3n, Espinosa de los Monteros ha pedido el \u00abcese de hostilidades\u00bb entre los \u00abpartidos llamados a propiciar un gobierno\u00bb alternativa al de PSOE y Sumar. Un mensaje que ha dirigido no solo a PP y Vox, sino tambi\u00e9n a sus militantes, votantes o medios de comunicaci\u00f3n.<\/p>\n<p>\u00a0 \u00a0\u00abEmpecemos todos a ser un poco m\u00e1s generosos, a ser un poco m\u00e1s tolerantes entre nosotros. S\u00ed importa Espa\u00f1a, no nuestro inter\u00e9s particular\u00bb, ha dicho, al tiempo que ha reclamado a PP y Vox que demuestren su \u00abcapacidad de generosidad\u00bb y no \u00abequivocarse de enemigos\u00bb.<\/p>\n<p>\u00a0 \u00a0Seg\u00fan ha defendido, tras las pr\u00f3ximas elecciones habr\u00e1 un gobierno que saldr\u00e1 tras un \u00abacuerdo entre dos partidos\u00bb que se necesitar\u00e1n frente a un ambiente que ser\u00e1 \u00abhostil\u00bb. As\u00ed, ha se\u00f1alado que lo primero que deber\u00e1 hacer el pr\u00f3ximo presidente ser\u00e1 un \u00abdecreto urgente de desmontaje del pensamiento pol\u00edtico e ideol\u00f3gico del sanchismo\u00bb y medidas ambiciosas para el estado de derecho.<\/p>\n<p>\u00a0 \u00a0\u00abEs necesario desarrollar un programa de cambio que genere ilusi\u00f3n. &#8216;Atenea&#8217; quiere contribuir a ese esfuerzo\u00bb, ha afirmado Espinosa de los Monteros, quien ha se\u00f1alado que su fundaci\u00f3n colaborar\u00e1 con otras para dar voz a la sociedad civil. \u00abNo se trata de ocupar el lugar de ning\u00fan partido pol\u00edtico ni acoplarse a uno de ellos\u00bb, ha sentenciado.<\/p>\n<p>\u00a0 \u00a0Al respecto, ha defendido que la fundaci\u00f3n colaborar\u00e1 adem\u00e1s con partidos que se sit\u00faen en la \u00abno izquierda\u00bb y ser\u00e1 independiente al no aceptar subvenciones ni dinero de otras formaciones pol\u00edticas.<\/p>\n<p>\u00a0 \u00a0 Al acto de presentaci\u00f3n han acudido el portavoz de Vox en el Ayuntamiento de Madrid, Javier Ortega Smith; el vicesecretario de Hacienda del PP, Juan Bravo; o la diputada &#8216;popular&#8217; Cayetana \u00c1lvarez de Toledo; o el exministro del Interior y presidente de Neos, Jaime Mayor Oreja, entre otros. Finalmente, el secretario general del PP, Miguel Tellado, no asisti\u00f3, aunque confirm\u00f3 la asistencia a pr\u00f3ximos eventos de &#8216;Atenea&#8217;.<\/p>\n<p>\u00a0 \u00a0Tambi\u00e9n se ha presentado en el acto el presunto conseguidor del &#8216;caso Koldo&#8217;, V\u00edctor de Aldama, y Daniel Esteve de &#8216;Desokupa&#8217;. Asimismo, han acudido representantes empresariales, como Miguel Garrido, de la patronal madrile\u00f1a CEIM; el torero Cayetano Rivera Ordo\u00f1ez o el exwaterpolista Pedro Garc\u00eda Aguado, entre otros.<\/p>\n<p>SALI\u00d3 DE VOX EN 2023<\/p>\n<p>\u00a0 \u00a0De esta manera, Espinosa de los Monteros vuelve a la escena p\u00fablica tras su salida de Vox, partido en el que milit\u00f3 desde su fundaci\u00f3n en 2013 junto a Santiago Abascal y donde ejerci\u00f3 como portavoz parlamentario en el Congreso. Se present\u00f3 a las elecciones generales del 23 de julio como &#8216;n\u00famero tres&#8217; por la lista de Madrid, sin embargo, en agosto de 2023 anunci\u00f3 que abandonaba la direcci\u00f3n del partido y su esca\u00f1o de diputado, alegando \u00abmotivos personales y familiares\u00bb. Entonces, desliz\u00f3 que se reincorporaba a la actividad privada.<\/p>\n<p>\u00a0 \u00a0En una entrevista concedida a Europa Press con motivo de la publicaci\u00f3n de su libro &#8216;Espa\u00f1a tiene soluci\u00f3n&#8217;, Espinosa de los Monteros invit\u00f3 a Vox a que fuera \u00abm\u00e1s tolerante\u00bb y abandonara los \u00abduelos fratricidas\u00bb con el PP para colaborar en la tarea de ofrecer una alternativa \u00abilusionante\u00bb para los espa\u00f1oles que consiga desalojar a Pedro S\u00e1nchez de La Moncloa.<\/p>\n<p>\u00a0 \u00a0El portavoz nacional de Vox, Jos\u00e9 Antonio F\u00faster, afirm\u00f3 el pasado lunes que su partido \u00abse alegra de las iniciativas de la sociedad civil\u00bb e inst\u00f3 al PP a \u00abaprovechar las ideas\u00bb de su otrora compa\u00f1ero de filas porque \u00able ir\u00e1 bien\u00bb si lo hace.<\/p>\n","protected":false},"excerpt":{"rendered":"Dice que la fundaci\u00f3n nace \u00abpara ayudar a una Espa\u00f1a mejor\u00bb desde la sociedad civil y no ocupar\u00e1&hellip;\n","protected":false},"author":2,"featured_media":139107,"comment_status":"","ping_status":"","sticky":false,"template":"","format":"standard","meta":{"footnotes":""},"categories":[8],"tags":[17,18,25,24,13,14,11,19,20,9,10,15,16,23,12,21,22],"class_list":{"0":"post-139106","1":"post","2":"type-post","3":"status-publish","4":"format-standard","5":"has-post-thumbnail","7":"category-espana","8":"tag-breaking-news","9":"tag-breakingnews","10":"tag-es","11":"tag-espana","12":"tag-featured-news","13":"tag-featurednews","14":"tag-headlines","15":"tag-latest-news","16":"tag-latestnews","17":"tag-news","18":"tag-noticias","19":"tag-noticias-destacadas","20":"tag-noticiasdestacadas","21":"tag-spain","22":"tag-titulares","23":"tag-ultimas-noticias","24":"tag-ultimasnoticias"},"share_on_mastodon":{"url":"","error":""},"_links":{"self":[{"href":"https:\/\/www.europesays.com\/es\/wp-json\/wp\/v2\/posts\/139106","targetHints":{"allow":["GET"]}}],"collection":[{"href":"https:\/\/www.europesays.com\/es\/wp-json\/wp\/v2\/posts"}],"about":[{"href":"https:\/\/www.europesays.com\/es\/wp-json\/wp\/v2\/types\/post"}],"author":[{"embeddable":true,"href":"https:\/\/www.europesays.com\/es\/wp-json\/wp\/v2\/users\/2"}],"replies":[{"embeddable":true,"href":"https:\/\/www.europesays.com\/es\/wp-json\/wp\/v2\/comments?post=139106"}],"version-history":[{"count":0,"href":"https:\/\/www.europesays.com\/es\/wp-json\/wp\/v2\/posts\/139106\/revisions"}],"wp:featuredmedia":[{"embeddable":true,"href":"https:\/\/www.europesays.com\/es\/wp-json\/wp\/v2\/media\/139107"}],"wp:attachment":[{"href":"https:\/\/www.europesays.com\/es\/wp-json\/wp\/v2\/media?parent=139106"}],"wp:term":[{"taxonomy":"category","embeddable":true,"href":"https:\/\/www.europesays.com\/es\/wp-json\/wp\/v2\/categories?post=139106"},{"taxonomy":"post_tag","embeddable":true,"href":"https:\/\/www.europesays.com\/es\/wp-json\/wp\/v2\/tags?post=139106"}],"curies":[{"name":"wp","href":"https:\/\/api.w.org\/{rel}","templated":true}]}}