{"id":13911,"date":"2025-07-30T12:21:25","date_gmt":"2025-07-30T12:21:25","guid":{"rendered":"https:\/\/www.europesays.com\/es\/13911\/"},"modified":"2025-07-30T12:21:25","modified_gmt":"2025-07-30T12:21:25","slug":"recorrido-vuelta-a-zamora-2025","status":"publish","type":"post","link":"https:\/\/www.europesays.com\/es\/13911\/","title":{"rendered":"RECORRIDO VUELTA A ZAMORA 2025"},"content":{"rendered":"<p class=\"ft-text\">Tras las dos primeras etapas,\u00a0<strong>la\u00a0<\/strong><a href=\"https:\/\/www.laopiniondezamora.es\/tags\/vuelta-a-zamora\/\" class=\"ft-link ft-link--decoration\" rel=\"nofollow noopener\" target=\"_blank\"><strong>Vuelta Ciclista a Zamora<\/strong><\/a><strong>\u00a0<\/strong>sobrepasar\u00e1 su ecuador este mi\u00e9rcoles 30 de julio con la<strong> tercera etapa, que discurrir\u00e1 entre Fermoselle y Alca\u00f1ices.<\/strong><\/p>\n<p class=\"ft-text\">En esta tercera jornada, los corredores recorrer\u00e1n 173,80 kil\u00f3metros. La salida tendr\u00e1 lugar a las 10.55 horas desde la Plaza Mayor de Fermoselle.<\/p>\n<p class=\"ft-text\"><strong>Itinerario y hora prevista de paso de la Etapa 3 de\u00a0<\/strong><a href=\"https:\/\/www.laopiniondezamora.es\/tags\/vuelta-a-zamora\/\" class=\"ft-link ft-link--decoration\" rel=\"nofollow noopener\" target=\"_blank\"><strong>La Vuelta Ciclista<\/strong><\/a><strong>\u00a0<\/strong>(en caso de que el ritmo fuera a 44 kil\u00f3metros por hora, si fuera m\u00e1s lento, habr\u00eda que sumarle unos minutos m\u00e1s):<\/p>\n<p class=\"ft-text\">Plaza Mayor. Salida neutralizada. Plaza Mayor, C\/ Real, Puerta San Andr\u00e9s, C\/ Cercas de San Miguel, CL-612<\/p>\n<p class=\"ft-text\">SALIDA POBLACI\u00d3N, hotel Do\u00f1a Urraca CL-527 11:00 horas<\/p>\n<p class=\"ft-text\">Derecha, direcci\u00f3n Cibanal ZA-315 11:10 horas<\/p>\n<p class=\"ft-text\">CIBANAL ZA-315 11:11 horas<\/p>\n<p class=\"ft-text\">PROVINCIA DE SALAMANCA SA-315 11:18 horas<\/p>\n<p class=\"ft-text\">722 PRESA DE ALMENDRA SA-315 11:18 horas<\/p>\n<p class=\"ft-text\">731 PROVINCIA DE SALAMANCA SA-315 11:22 horas<\/p>\n<p class=\"ft-text\">771 Derecha en cruce con SA-302, direcci\u00f3n Trabanca SA-315 11:26 horas<\/p>\n<p class=\"ft-text\">752 Derecha, direcci\u00f3n Fermoselle SC-SA-8 11:29 horas<\/p>\n<p class=\"ft-text\">740 Recto, direcci\u00f3n Fermoselle SA-316 11:30 horas<\/p>\n<p class=\"ft-text\">431 Puente estrecho sobre R\u00edoTormes SA-316 11:40 horas<\/p>\n<p class=\"ft-text\">431 Comienza Puerto &#8211; PM Fermoselle ZA-316 11:40 horas<\/p>\n<p class=\"ft-text\">684 PM FERMOSELLE &#8211; 2\u00aa CAT. ZA-316 11:47 horas<\/p>\n<p class=\"ft-text\">685 FERMOSELLE ZA-316 11:47 horas<\/p>\n<p class=\"ft-text\">668 Recto, direcci\u00f3n Zamora CL-527 11:48 horas<\/p>\n<p class=\"ft-text\">786 Izquierda, didirecci\u00f3n Formariz ZA-P-2222 12:00 horas<\/p>\n<p class=\"ft-text\">768 Recto, direcci\u00f3n Muga de Sayago V\u00eda Asfaltada 12:04 horas<\/p>\n<p class=\"ft-text\">782 MV MUGA DE SAYAGO &#8211; Izquierda, dir. Fariza ZA-P-2226 12:16 horas<\/p>\n<p class=\"ft-text\">791 Derecha, direcci\u00f3n Torregamones ZA-V-2210 12:17 horas<\/p>\n<p class=\"ft-text\">747 TUDERA ZA-V-2210 12:21 horas<\/p>\n<p class=\"ft-text\">737 ARGA\u00d1\u00cdN ZA-V-2210 12:25 horas<\/p>\n<p class=\"ft-text\">753 GAMONES ZA-V-2210 12:31 horas<\/p>\n<p class=\"ft-text\">770 Derecha, direcci\u00f3n Zamora ZA-324 12:33 horas<\/p>\n<p class=\"ft-text\">774 Izquierda direcci\u00f3n Moralina ZA-321 12:37 horas<\/p>\n<p class=\"ft-text\">765 MORALINA. Recto en cruce con ZA-P-2224 ZA-321 12:38 horas<\/p>\n<p class=\"ft-text\">743 VILLADEPERA ZA-321 12:47 horas<\/p>\n<p class=\"ft-text\">635 Puente estrecho R\u00edo Duero \/ Comienza Puerto &#8211; PM Pino ZA-321 12:49 horas<\/p>\n<p class=\"ft-text\">759 PM PINO DEL ORO &#8211; 3\u00aa CAT. ZA-321 12:53 horas<\/p>\n<p class=\"ft-text\">737 PINO del ORO. Derecha, direcci\u00f3n Carbajosa ZA-V-2211 12:54 horas<\/p>\n<p class=\"ft-text\">747 CARBAJOSA ZA-V-2211 13:02 horas<\/p>\n<p class=\"ft-text\">787 VILLALCAMPO. Izquierda, direcci\u00f3n Ricobayo ZA-324 13:08 horas<\/p>\n<p class=\"ft-text\">739 RICOBAYO. Giro derecha, dir. Presa. \u00a1Badenes en bajada! N-122a 5,4 13:15 horas<\/p>\n<p class=\"ft-text\">684 Presa de Ricobayo N-122a 13:16 horas<\/p>\n<p class=\"ft-text\">737 MV MUELAS DEL PAN N-122a 13:18 horas<\/p>\n<p class=\"ft-text\">757 Seguir recto en cruce con ZA-P-2416. \u00a1Bolardos centrales! N-122a 13:20 horas<\/p>\n<p class=\"ft-text\">758 Izquierda por direcci\u00f3n contrar\u00eda, direcci\u00f3n Portugal N-122 13:20 horas<\/p>\n<p class=\"ft-text\">746 Seguir recto en cruce con N-122a N-122 13:24 horas<\/p>\n<p class=\"ft-text\">785 Seguir recto en cruce con ZA-L-2430 N-122 13:28 horas<\/p>\n<p class=\"ft-text\">770 Seguir recto en cruce con ZA-P-2430 N-122 13:34 horas<\/p>\n<p class=\"ft-text\">811 Seguir recto en cruce con ZA-V-2420 N-122 13:40 horas<\/p>\n<p class=\"ft-text\">815 Seguir recto en cruce con ZA-321 N-122 13:41 horas<\/p>\n<p class=\"ft-text\">824 FONFR\u00cdA Derecha, direcci\u00f3n Vide de Alba ZA-902 13:46 horas<\/p>\n<p class=\"ft-text\">818 Izquierda en cruce con ZA-P-2439, direcci\u00f3n Vide de Alba ZA-902 13:48 horas<\/p>\n<p class=\"ft-text\">697 VIDE DE ALBA ZA-902 13:56 horas<\/p>\n<p class=\"ft-text\">760 Izquierda, direcci\u00f3n Vegalatrave ZA-P-1405 14:01 horas<\/p>\n<p class=\"ft-text\">692 VEGALATRAVE &#8211; Comienza Puerto &#8211; PM Vegalatrave ZA-P-1405 14:03 horas<\/p>\n<p class=\"ft-text\">770 PM ALTO DE VEGALATRAVE &#8211; 3\u00aa CAT. ZA-P-1405 14:06 horas<\/p>\n<p class=\"ft-text\">722 DOMEZ &#8211; Paso estrecho con giro de 90\u00ba ZA-P-1405 14:10 horas<\/p>\n<p class=\"ft-text\">752 Seguir recto en cruce con ZA-P-2433 ZA-P-1405 14:14 horas<\/p>\n<p class=\"ft-text\">719 GALLEGOS DEL RIO. Seguir recto en cruce con ZA-L-24Z3A7 -P-1405 14:15 horas<\/p>\n<p class=\"ft-text\">719 GALLEGOS DEL RIO. Seguir recto en cruce con ZA-P-24Z3A3 -P-1405 14:15 horas<\/p>\n<p class=\"ft-text\">773 BERCIANOS DE ALISTE. Giro izquierda, direcci\u00f3n Rabanales -P-1407 14:27 horas<\/p>\n<p class=\"ft-text\">756 Seguir recto en cruce con ZA-L-2427 ZA-P-1407 14:31 horas<\/p>\n<p class=\"ft-text\">837 RABANALES. Seguir recto en cruce con ZA-P-2435 ZA-P-1407 14:36 horas<\/p>\n<p class=\"ft-text\">META ZA-P-1407 14:46 horas<\/p>\n","protected":false},"excerpt":{"rendered":"Tras las dos primeras etapas,\u00a0la\u00a0Vuelta Ciclista a Zamora\u00a0sobrepasar\u00e1 su ecuador este mi\u00e9rcoles 30 de julio con la tercera&hellip;\n","protected":false},"author":2,"featured_media":13912,"comment_status":"","ping_status":"","sticky":false,"template":"","format":"standard","meta":{"footnotes":""},"categories":[273],"tags":[313,1757,312,168,25,24,3954,1786,23,167,1357,7063,7062,2946],"class_list":{"0":"post-13911","1":"post","2":"type-post","3":"status-publish","4":"format-standard","5":"has-post-thumbnail","7":"category-ciclismo","8":"tag-ciclismo","9":"tag-ciclista","10":"tag-cycling","11":"tag-deportes","12":"tag-es","13":"tag-espana","14":"tag-pasa","15":"tag-recorrido","16":"tag-spain","17":"tag-sports","18":"tag-vuelta","19":"tag-vuelta-a-zamora","20":"tag-vuelta-ciclista-zamora","21":"tag-zamora"},"share_on_mastodon":{"url":"","error":""},"_links":{"self":[{"href":"https:\/\/www.europesays.com\/es\/wp-json\/wp\/v2\/posts\/13911","targetHints":{"allow":["GET"]}}],"collection":[{"href":"https:\/\/www.europesays.com\/es\/wp-json\/wp\/v2\/posts"}],"about":[{"href":"https:\/\/www.europesays.com\/es\/wp-json\/wp\/v2\/types\/post"}],"author":[{"embeddable":true,"href":"https:\/\/www.europesays.com\/es\/wp-json\/wp\/v2\/users\/2"}],"replies":[{"embeddable":true,"href":"https:\/\/www.europesays.com\/es\/wp-json\/wp\/v2\/comments?post=13911"}],"version-history":[{"count":0,"href":"https:\/\/www.europesays.com\/es\/wp-json\/wp\/v2\/posts\/13911\/revisions"}],"wp:featuredmedia":[{"embeddable":true,"href":"https:\/\/www.europesays.com\/es\/wp-json\/wp\/v2\/media\/13912"}],"wp:attachment":[{"href":"https:\/\/www.europesays.com\/es\/wp-json\/wp\/v2\/media?parent=13911"}],"wp:term":[{"taxonomy":"category","embeddable":true,"href":"https:\/\/www.europesays.com\/es\/wp-json\/wp\/v2\/categories?post=13911"},{"taxonomy":"post_tag","embeddable":true,"href":"https:\/\/www.europesays.com\/es\/wp-json\/wp\/v2\/tags?post=13911"}],"curies":[{"name":"wp","href":"https:\/\/api.w.org\/{rel}","templated":true}]}}