{"id":139120,"date":"2025-09-26T02:06:09","date_gmt":"2025-09-26T02:06:09","guid":{"rendered":"https:\/\/www.europesays.com\/es\/139120\/"},"modified":"2025-09-26T02:06:09","modified_gmt":"2025-09-26T02:06:09","slug":"raul-cimas-se-acuerda-de-el-hormiguero-con-broncano-dije-aqui-cosas-y-no-me-han-vuelto-a-llamar","status":"publish","type":"post","link":"https:\/\/www.europesays.com\/es\/139120\/","title":{"rendered":"Ra\u00fal Cimas se acuerda de &#8216;El Hormiguero&#8217; con Broncano: \u00abDije aqu\u00ed cosas y no me han vuelto a llamar\u00bb"},"content":{"rendered":"<p><a class=\"v-mdl-ath__fig-a\" href=\"https:\/\/www.elcorreo.com\/autor\/gabriel-cuesta-2310.html\" title=\"Gabriel Cuesta\" rel=\"nofollow noopener\" target=\"_blank\"><br \/>\n<img decoding=\"async\" class=\"v-mdl-ath__img\" src=\"https:\/\/www.europesays.com\/es\/wp-content\/uploads\/2025\/09\/autor-2310-foto-2.jpeg\" alt=\"Gabriel Cuesta\"\/><br \/>\n<\/a><\/p>\n<p class=\"v-mdl-ath__p v-mdl-ath__p--6\">\nJueves, 25 de septiembre 2025, 22:42<\/p>\n<p class=\"v-p\">David Broncano present\u00f3 con la misma m\u00fasica \u00e9pica que a Scottie Pippen, pero no era la estrella de los Chicago Bulls. Era alguien mucho m\u00e1s habitual en &#8216;La Revuelta&#8217;. El c\u00f3mico R\u00e1ul Cimas. Entr\u00f3 d\u00e1ndolo todo. \u00abMe ha encantado\u00bb. \u00abPrefiero a Pippen\u00bb, se re\u00eda el presentador a la hora de comparar invitados. \u00abCasi no vengo porque iba a ser la misma entrevista\u00bb, solt\u00f3 el invitado al comparar sus \u00e9xitos con uno de los mejores jugadores de la historia de la NBA. \u00abMichael Jordan estuvo en Albacete\u00bb, se inventaba. <\/p>\n<p><a href=\"http:\/\/www.elcorreo.com\/gente-estilo\/curiosa-forma-athletic-vuelve-colar-revuelta-20250925220935-nt.html#vtm_modulosEngag=mod-rel:gente-estilo:noticia:1:cmp:1-not\" class=\"v-a-link\" aria-label=\"Imagen\" rel=\"nofollow noopener\" target=\"_blank\"><\/p>\n<p><img decoding=\"async\" loading=\"lazy\" src=\"https:\/\/www.europesays.com\/es\/wp-content\/uploads\/2025\/09\/revuelta-athletic-kNgF--366x256@El Correo.jpeg\" class=\"v-a-img\" width=\"258\" height=\"180\" alt=\"\" data-voc-vtm-id=\"in-text-traffic\"\/><\/p>\n<p><\/a><\/p>\n<p class=\"v-p\">Cimas salud\u00f3 de forma cari\u00f1osa a Asun, una espectadora que era muy fan y estaba nerviosa por su presencia. Baj\u00f3 al patio de butacas. \u00abEncantad\u00edsima. Mi hijo es muy joven y le gustas much\u00edsimo. Nos hemos re\u00eddo mucho contigo\u00bb. \u00abAsun, \u00bfquieres ser mi p\u00fablico esta noche?\u00bb, hincaba la rodilla Cimas. S\u00ed hubo regalo para Broncano. Un dado para lanzar y as\u00ed elegir al azar el proyecto del invitado a promocionar. \u00abEs que tengo varias\u00bb. No le sobra el tiempo: la segunda temporada de &#8216;Poquita fe&#8217;, su participaci\u00f3n en el programa de &#8216;Futuro imperfecto&#8217; de Buenafuente en La 1 y su presencia en &#8216;Ilustres ignorantes&#8217;. A cambio, recibi\u00f3 un canal\u00f3n. <\/p>\n<p class=\"v-p\">Fue una entrevista sin pies ni cabeza. Vamos, propia de Cimas. Apareci\u00f3 la muerte para echar una partida de ajedrez con Broncano. Y se march\u00f3 enfadada tras tirar las piezas y perder. Sentido ninguno. Toc\u00f3 hablar de &#8216;Ilustres ignorantes&#8217;, donde el c\u00f3mico ha entrado en el tr\u00edo principal en sustituci\u00f3n de Javier Cansado, que se recupera de un c\u00e1ncer. Le mandaron un abrazo. \u00abEs muy buena persona y lo que m\u00e1s le preocupaba era no dejar al programa tirado\u00bb. En tono de humor, hablaron de los roces entre Javier Coronas y Pepe Colubi \u00abLos llamo las farmacias porque al caer la noche se ponen verdes\u00bb. Tambi\u00e9n desvel\u00f3 que en Bilbao \u00abllegaron a saltarles las l\u00e1grimas de discutir\u00bb. \u00abCeno con uno un d\u00eda al otro con el otro\u00bb, solventaba Cimas. <\/p>\n<p class=\"v-p\">No falt\u00f3 la menci\u00f3n a &#8216;El Hormiguero&#8217;, su principal competencia. En su anterior aparici\u00f3n en &#8216;La Revuelta&#8217;, Cimas se invent\u00f3 una disparatada historia en la que daba una paliza a Motos y mataba al resto de colaboradores. \u00abDesde que vine aqu\u00ed y cont\u00e9 cosas&#8230; no me han vuelto a llamar. Por lo que sea\u00bb, se re\u00eda. \u00abHombre, contaste que pegaste a Motos y mataste al Monaguillo&#8230; pero seguro que te vuelven a invitar\u00bb, le reprochaba el conductor del programa. \u00abLos mat\u00e9 a todos. Hombre, ma\u00f1ana seguro que voy para all\u00e1\u00bb, ironizaba el invitado. <\/p>\n<p>Comenta<\/p>\n<p>Reporta un error<\/p>\n","protected":false},"excerpt":{"rendered":"Jueves, 25 de septiembre 2025, 22:42 David Broncano present\u00f3 con la misma m\u00fasica \u00e9pica que a Scottie Pippen,&hellip;\n","protected":false},"author":2,"featured_media":139121,"comment_status":"","ping_status":"","sticky":false,"template":"","format":"standard","meta":{"footnotes":""},"categories":[171],"tags":[4969,43607,43247,14321,146,147,25,24,17775,9694,10571,23,214,9885],"class_list":{"0":"post-139120","1":"post","2":"type-post","3":"status-publish","4":"format-standard","5":"has-post-thumbnail","7":"category-tv","8":"tag-acuerda","9":"tag-broncao","10":"tag-cimas","11":"tag-dije","12":"tag-entertainment","13":"tag-entretenimiento","14":"tag-es","15":"tag-espana","16":"tag-hormiguero","17":"tag-llamar","18":"tag-raul","19":"tag-spain","20":"tag-tv","21":"tag-vuelto"},"share_on_mastodon":{"url":"","error":""},"_links":{"self":[{"href":"https:\/\/www.europesays.com\/es\/wp-json\/wp\/v2\/posts\/139120","targetHints":{"allow":["GET"]}}],"collection":[{"href":"https:\/\/www.europesays.com\/es\/wp-json\/wp\/v2\/posts"}],"about":[{"href":"https:\/\/www.europesays.com\/es\/wp-json\/wp\/v2\/types\/post"}],"author":[{"embeddable":true,"href":"https:\/\/www.europesays.com\/es\/wp-json\/wp\/v2\/users\/2"}],"replies":[{"embeddable":true,"href":"https:\/\/www.europesays.com\/es\/wp-json\/wp\/v2\/comments?post=139120"}],"version-history":[{"count":0,"href":"https:\/\/www.europesays.com\/es\/wp-json\/wp\/v2\/posts\/139120\/revisions"}],"wp:featuredmedia":[{"embeddable":true,"href":"https:\/\/www.europesays.com\/es\/wp-json\/wp\/v2\/media\/139121"}],"wp:attachment":[{"href":"https:\/\/www.europesays.com\/es\/wp-json\/wp\/v2\/media?parent=139120"}],"wp:term":[{"taxonomy":"category","embeddable":true,"href":"https:\/\/www.europesays.com\/es\/wp-json\/wp\/v2\/categories?post=139120"},{"taxonomy":"post_tag","embeddable":true,"href":"https:\/\/www.europesays.com\/es\/wp-json\/wp\/v2\/tags?post=139120"}],"curies":[{"name":"wp","href":"https:\/\/api.w.org\/{rel}","templated":true}]}}