{"id":139122,"date":"2025-09-26T02:07:16","date_gmt":"2025-09-26T02:07:16","guid":{"rendered":"https:\/\/www.europesays.com\/es\/139122\/"},"modified":"2025-09-26T02:07:16","modified_gmt":"2025-09-26T02:07:16","slug":"iron-maiden-marilyn-manson-y-limp-bizkit-atronaran-el-resurrection-fest","status":"publish","type":"post","link":"https:\/\/www.europesays.com\/es\/139122\/","title":{"rendered":"Iron Maiden, Marilyn Manson y Limp Bizkit atronar\u00e1n el Resurrection Fest"},"content":{"rendered":"<p class=\"ft-text\">Los promotores del Resurrection Fest, uno de los festivales de m\u00fasica metal y hardcore m\u00e1s importantes de Espa\u00f1a, anunciaron a trav\u00e9s de su perfil en redes sociales que Limp Bizkit, Iron Maiden y Marilyn Manson ser\u00e1n cabeza de cartel en la edici\u00f3n del pr\u00f3ximo a\u00f1o, que volver\u00e1 a celebrarse en la localidad lucense de Viveiro entre los d\u00edas 1 y 4 de julio.<\/p>\n<p class=\"ft-text\">\u00abNos complace poder anunciar los primeros artistas que estar\u00e1n en esta nueva edici\u00f3n del Resurrection Fest Estrella Galicia 2026\u00bb, subrayan en ese comunicado, dado que el festival contar\u00e1 con \u00abtres grandes cabezas de cartel como son Iron Maiden y su gira especial \u2018Run For Your Lives\u2019, con todos sus \u00e9xitos; Limp Bizkit y su regreso tras 14 a\u00f1os a Espa\u00f1a como una de las bandas m\u00e1s pedidas, y, adem\u00e1s ahora, se suma el reverendo Marilyn Manson\u00bb.<\/p>\n<p class=\"ft-text\">Aparte, se incorporan al cartel grandes nombres del metalcore como Trivium, Imminence, Thrown o Caliban; el revival del nu metal con P.O.D.; la sensaci\u00f3n del metal extremo de Blood Incantation y los hermanos Cavalera, con un espect\u00e1culo muy especial tocando el disco de Sepultura \u00abChaos A.D.\u00bb.<\/p>\n<p class=\"ft-text\">Tambi\u00e9n volver\u00e1 al festival una banda de culto como es Converge, se ver\u00e1 el estreno de los alemanes Feuerschwanz, con su divertido directo para cerrar una de las noches del Main Stage; ser\u00e1 posible gozar con el rock psicod\u00e9lico de The Vintage Caravan y el hardcore de House of Protection o Get The Shot pondr\u00e1n la carpa del Chaos Stage \u00abpatas arriba\u00bb.<\/p>\n<p class=\"ft-text\"><strong>\u00abSolo el comienzo\u00bb<\/strong><\/p>\n<p class=\"ft-text\">\u00abEste a\u00f1o el cartel promete m\u00e1s que nunca, y esto solo es el comienzo\u00bb, precisan en la nota de prensa de la organizaci\u00f3n, pues \u00abpodemos ir haci\u00e9ndonos a la idea de que ser\u00e1 una de las ediciones m\u00e1s \u00e9picas de nuestra historia\u00bb.<\/p>\n<p class=\"ft-text\">Los nuevos abonos del festival se pondr\u00e1n a la venta el pr\u00f3ximo martes, 30 de septiembre, a partir de las 13.00 horas.<\/p>\n<p class=\"ft-text\">La organizaci\u00f3n del Resurrection Fest explic\u00f3 que pr\u00f3ximamente anunciar\u00e1n m\u00e1s artistas y novedades para una edici\u00f3n que \u00abapunta a ser una de las m\u00e1s memorables del festival\u00bb. As\u00ed, en las pr\u00f3ximas semanas se desvelar\u00e1n nuevas incorporaciones al cartel y otras sorpresas.<\/p>\n","protected":false},"excerpt":{"rendered":"Los promotores del Resurrection Fest, uno de los festivales de m\u00fasica metal y hardcore m\u00e1s importantes de Espa\u00f1a,&hellip;\n","protected":false},"author":2,"featured_media":139123,"comment_status":"","ping_status":"","sticky":false,"template":"","format":"standard","meta":{"footnotes":""},"categories":[170],"tags":[17160,146,147,25,24,3931,4667,477,43609,4668,43608,34055,184,185,41822,23],"class_list":{"0":"post-139122","1":"post","2":"type-post","3":"status-publish","4":"format-standard","5":"has-post-thumbnail","7":"category-musica","8":"tag-cabezas","9":"tag-entertainment","10":"tag-entretenimiento","11":"tag-es","12":"tag-espana","13":"tag-festival","14":"tag-iron","15":"tag-iron-maiden","16":"tag-limp","17":"tag-maiden","18":"tag-manson","19":"tag-marilyn","20":"tag-music","21":"tag-musica","22":"tag-resurrection-fest","23":"tag-spain"},"share_on_mastodon":{"url":"","error":""},"_links":{"self":[{"href":"https:\/\/www.europesays.com\/es\/wp-json\/wp\/v2\/posts\/139122","targetHints":{"allow":["GET"]}}],"collection":[{"href":"https:\/\/www.europesays.com\/es\/wp-json\/wp\/v2\/posts"}],"about":[{"href":"https:\/\/www.europesays.com\/es\/wp-json\/wp\/v2\/types\/post"}],"author":[{"embeddable":true,"href":"https:\/\/www.europesays.com\/es\/wp-json\/wp\/v2\/users\/2"}],"replies":[{"embeddable":true,"href":"https:\/\/www.europesays.com\/es\/wp-json\/wp\/v2\/comments?post=139122"}],"version-history":[{"count":0,"href":"https:\/\/www.europesays.com\/es\/wp-json\/wp\/v2\/posts\/139122\/revisions"}],"wp:featuredmedia":[{"embeddable":true,"href":"https:\/\/www.europesays.com\/es\/wp-json\/wp\/v2\/media\/139123"}],"wp:attachment":[{"href":"https:\/\/www.europesays.com\/es\/wp-json\/wp\/v2\/media?parent=139122"}],"wp:term":[{"taxonomy":"category","embeddable":true,"href":"https:\/\/www.europesays.com\/es\/wp-json\/wp\/v2\/categories?post=139122"},{"taxonomy":"post_tag","embeddable":true,"href":"https:\/\/www.europesays.com\/es\/wp-json\/wp\/v2\/tags?post=139122"}],"curies":[{"name":"wp","href":"https:\/\/api.w.org\/{rel}","templated":true}]}}