{"id":139132,"date":"2025-09-26T02:14:07","date_gmt":"2025-09-26T02:14:07","guid":{"rendered":"https:\/\/www.europesays.com\/es\/139132\/"},"modified":"2025-09-26T02:14:07","modified_gmt":"2025-09-26T02:14:07","slug":"trump-firma-orden-para-funcionamiento-de-tiktok-en-ee-uu-dw-26-09-2025","status":"publish","type":"post","link":"https:\/\/www.europesays.com\/es\/139132\/","title":{"rendered":"Trump firma orden para funcionamiento de TikTok en EE.UU. \u2013 DW \u2013 26\/09\/2025"},"content":{"rendered":"<p>El presidente de <a class=\"internal-link\" href=\"https:\/\/www.dw.com\/es\/estados-unidos\/t-17411942\" rel=\"nofollow noopener\" target=\"_blank\">EE.UU.<\/a>, <a class=\"internal-link\" href=\"https:\/\/www.dw.com\/es\/trump-donald\/t-19445010\" rel=\"nofollow noopener\" target=\"_blank\">Donald Trump<\/a>, firm\u00f3 este jueves (25.09.2025) una orden ejecutiva que garantiza el funcionamiento \u00abseguro\u00bb y legal de la aplicaci\u00f3n <a class=\"internal-link\" href=\"https:\/\/www.dw.com\/es\/estadounidenses-dominar\u00e1n-directorio-de-tiktok-en-eeuu\/a-74077255\" rel=\"nofollow noopener\" target=\"_blank\">TikTok en el pa\u00eds norteamericano<\/a> despu\u00e9s del acuerdo alcanzado con su matriz china, ByteDance.<\/p>\n<p>\u00abHubo cierta resistencia por parte de China, pero nuestro objetivo principal era garantizar el funcionamiento de <a class=\"internal-link\" href=\"https:\/\/www.dw.com\/es\/tiktok\/t-74111313\" rel=\"nofollow noopener\" target=\"_blank\">TikTok<\/a>, a la vez que proteg\u00edamos la privacidad de los datos de los estadounidenses, tal como lo exige la ley\u00bb, dijo durante el acto para la firma el vicepresidente estadounidense, JD Vance, al que Trump considera uno de los grandes art\u00edfices del pacto alcanzado con ByteDance.<\/p>\n<p>En 2024 el Congreso estableci\u00f3 que para proteger la seguridad nacional TikTok deb\u00eda ser cerrada en EE.UU. si no se establec\u00eda una sociedad que operara la aplicaci\u00f3n en el pa\u00eds norteamericano lo suficientemente desligada de la matriz china, especialmente en lo referente al acceso que Pek\u00edn pueda tener a servidores que almacenen datos de usuarios.<\/p>\n<p>\u00abEste acuerdo significa que los estadounidenses podr\u00e1n seguir usando TikTok y con mayor tranquilidad que antes, ya que sus datos estar\u00e1n protegidos y no ser\u00e1n utilizados como herramienta de propaganda contra la ciudadan\u00eda\u00bb, a\u00f1adi\u00f3 Vance.\u00a0<\/p>\n<p>Inversores\u00a0tendr\u00e1n \u00abcontrol total\u00bb del algoritmo.<\/p>\n<p>Tambi\u00e9n dijo que<a class=\"internal-link\" href=\"https:\/\/www.dw.com\/es\/consorcio-oracle-supervisar\u00e1-el-algoritmo-de-tiktok-en-estados-unidos\/a-74111108\" rel=\"nofollow noopener\" target=\"_blank\">Oracle, una de las empresas que participar\u00e1n la nueva sociedad operadora en EE.UU.<\/a> (de la que Vance dijo que estar\u00e1 valorada en unos \u00ab14.000 millones de d\u00f3lares\u00bb), ya almacenaba datos incluso cuando ByteDance controlaba la app en el pa\u00eds norteamericano.<\/p>\n<p>En relaci\u00f3n al algoritmo de la popular aplicaci\u00f3n de videos, el vicepresidente afirm\u00f3 que el pacto \u00abgarantiza que la (nueva) empresa estadounidense y los inversores estadounidenses tendr\u00e1n el control total del mismo\u00bb.<\/p>\n<p>Trump volvi\u00f3 a insistir a su vez en lo que ya dijo el pasado fin de semana, cuando indic\u00f3 que las tecnol\u00f3gicas Oracle o Dell o el grupo de comunicaci\u00f3n del magnate Rupert Murdoch estar\u00e1n en la junta directiva de la nueva empresa de TikTok en EE.UU., en la cual ByteDance tendr\u00e1 una presencia m\u00ednima.<\/p>\n<p>\u00abProbablemente tenemos entre cuatro y cinco inversores de talla mundial que adoran este pa\u00eds\u00bb, explic\u00f3 Trump sobre las futuras empresas participantes.<\/p>\n<p>mg (efe, reuters)<\/p>\n<p>\u00a0<\/p>\n","protected":false},"excerpt":{"rendered":"El presidente de EE.UU., Donald Trump, firm\u00f3 este jueves (25.09.2025) una orden ejecutiva que garantiza el funcionamiento \u00abseguro\u00bb&hellip;\n","protected":false},"author":2,"featured_media":128018,"comment_status":"","ping_status":"","sticky":false,"template":"","format":"standard","meta":{"footnotes":""},"categories":[42],"tags":[17,18,13,14,11,61,62,63,64,19,20,9,10,15,16,12,21,22,65,66,67],"class_list":{"0":"post-139132","1":"post","2":"type-post","3":"status-publish","4":"format-standard","5":"has-post-thumbnail","7":"category-internacional","8":"tag-breaking-news","9":"tag-breakingnews","10":"tag-featured-news","11":"tag-featurednews","12":"tag-headlines","13":"tag-internacional","14":"tag-international","15":"tag-international-news","16":"tag-internationalnews","17":"tag-latest-news","18":"tag-latestnews","19":"tag-news","20":"tag-noticias","21":"tag-noticias-destacadas","22":"tag-noticiasdestacadas","23":"tag-titulares","24":"tag-ultimas-noticias","25":"tag-ultimasnoticias","26":"tag-world","27":"tag-world-news","28":"tag-worldnews"},"share_on_mastodon":{"url":"","error":""},"_links":{"self":[{"href":"https:\/\/www.europesays.com\/es\/wp-json\/wp\/v2\/posts\/139132","targetHints":{"allow":["GET"]}}],"collection":[{"href":"https:\/\/www.europesays.com\/es\/wp-json\/wp\/v2\/posts"}],"about":[{"href":"https:\/\/www.europesays.com\/es\/wp-json\/wp\/v2\/types\/post"}],"author":[{"embeddable":true,"href":"https:\/\/www.europesays.com\/es\/wp-json\/wp\/v2\/users\/2"}],"replies":[{"embeddable":true,"href":"https:\/\/www.europesays.com\/es\/wp-json\/wp\/v2\/comments?post=139132"}],"version-history":[{"count":0,"href":"https:\/\/www.europesays.com\/es\/wp-json\/wp\/v2\/posts\/139132\/revisions"}],"wp:featuredmedia":[{"embeddable":true,"href":"https:\/\/www.europesays.com\/es\/wp-json\/wp\/v2\/media\/128018"}],"wp:attachment":[{"href":"https:\/\/www.europesays.com\/es\/wp-json\/wp\/v2\/media?parent=139132"}],"wp:term":[{"taxonomy":"category","embeddable":true,"href":"https:\/\/www.europesays.com\/es\/wp-json\/wp\/v2\/categories?post=139132"},{"taxonomy":"post_tag","embeddable":true,"href":"https:\/\/www.europesays.com\/es\/wp-json\/wp\/v2\/tags?post=139132"}],"curies":[{"name":"wp","href":"https:\/\/api.w.org\/{rel}","templated":true}]}}