{"id":139133,"date":"2025-09-26T02:15:08","date_gmt":"2025-09-26T02:15:08","guid":{"rendered":"https:\/\/www.europesays.com\/es\/139133\/"},"modified":"2025-09-26T02:15:08","modified_gmt":"2025-09-26T02:15:08","slug":"el-93-de-los-juicios-con-jurado-acaban-en-condena-desde-que-sanchez-es-presidente","status":"publish","type":"post","link":"https:\/\/www.europesays.com\/es\/139133\/","title":{"rendered":"el 93% de los juicios con jurado acaban en condena desde que S\u00e1nchez es presidente"},"content":{"rendered":"<p>La mujer del presidente del Gobierno, Bego\u00f1a G\u00f3mez, se enfrentar\u00e1 a un nuevo frente judicial por un presunto delito de malversaci\u00f3n, despu\u00e9s de que el <a title=\"juez Juan Carlos Peinado comenzase a tramitar la creaci\u00f3n\" href=\"https:\/\/www.larazon.es\/espana\/peinado-primer-paso-mandar-juicio-jurado-begona-gomez-malversacion_2025092468d39c50a4991459616607c7.html\" target=\"_blank\" rel=\"nofollow noopener\">juez Juan Carlos Peinado comenzase a tramitar la creaci\u00f3n<\/a> de un juicio con jurado popular. De la misma manera, el magistrado ha reclamado la presencia en el banquillo de los acusados de la asesora de Moncloa, Cristina \u00c1lvarez y del delegado del Gobierno, Francisco Martin.<\/p>\n<p>Este &#8216;rara avis&#8217; convocado y q<b>ue no se celebrar\u00e1 como pronto antes de los \u00faltimos coletazos del presente curso, es demoledor para las personas acusadas<\/b>. Seg\u00fan los datos recogidos por el Consejo General del Poder Judicial (CGPJ), desde que el presidente del Gobierno, Pedro S\u00e1nchez, arrib\u00f3 al Palacio de la Moncloa, <b>el 93% de los juicios con jurado han terminado con el veredicto de culpable contra las personas acusadas.<\/b><\/p>\n<p>En este sentido los \u00faltimos datos registrados, que datan del a\u00f1o 2024, se\u00f1alan que los magistrados <b>solamente <\/b><b>recurrieron en 694 casos a un juzgado popular en un universo que cuenta con m\u00e1s de 2 millones de casos anuales. <\/b>Casi en un 93 % de casos se declar\u00f3 culpable a la acusada. Si lo comparamos con las diligencias abreviadas, que suelen ser las m\u00e1s comunes, la serie hist\u00f3rica refleja que la media no supera <b>el 80% de los veredictos contrarios a las personas imputadas.<\/b><\/p>\n<p>La serie hist\u00f3rica roza el 90 % de condenados<\/p>\n<p>Desde que el PSOE de Felipe Gonz\u00e1lez aprobase en 1995 la Ley Org\u00e1nica del Tribunal del Jurado para reforzar la participaci\u00f3n de los ciudadanos en los juicios despu\u00e9s de que el r\u00e9gimen franquista terminase con normativas de esta \u00edndole, <b>la media se\u00f1ala que nueve de cada diez casos terminan con una condena para la persona acusada.<\/b> Exceptuando la experiencia del primer a\u00f1o, donde no se super\u00f3 el 75%, los n\u00fameros no han bajado del 85%.<\/p>\n<p>En el otro lado de la balanza el curso con m\u00e1s porcentaje de sentencias condenatorias fue 2016, <b>cuando se lleg\u00f3 al 95,1%, que a la espera de los nuevos datos no ha sido superado. <\/b>Cabe recordar que desde los organismos jur\u00eddicos se\u00f1alan que el juez Peinado ha tomado esta decisi\u00f3n para terminar con los ataques del Gobierno contra su honor y su trabajo y de esta manera evitar recibir nuevas acusaciones de lawfare.<\/p>\n","protected":false},"excerpt":{"rendered":"La mujer del presidente del Gobierno, Bego\u00f1a G\u00f3mez, se enfrentar\u00e1 a un nuevo frente judicial por un presunto&hellip;\n","protected":false},"author":2,"featured_media":139134,"comment_status":"","ping_status":"","sticky":false,"template":"","format":"standard","meta":{"footnotes":""},"categories":[8],"tags":[17,18,25,24,13,14,11,19,20,9,10,15,16,23,12,21,22],"class_list":{"0":"post-139133","1":"post","2":"type-post","3":"status-publish","4":"format-standard","5":"has-post-thumbnail","7":"category-espana","8":"tag-breaking-news","9":"tag-breakingnews","10":"tag-es","11":"tag-espana","12":"tag-featured-news","13":"tag-featurednews","14":"tag-headlines","15":"tag-latest-news","16":"tag-latestnews","17":"tag-news","18":"tag-noticias","19":"tag-noticias-destacadas","20":"tag-noticiasdestacadas","21":"tag-spain","22":"tag-titulares","23":"tag-ultimas-noticias","24":"tag-ultimasnoticias"},"share_on_mastodon":{"url":"","error":""},"_links":{"self":[{"href":"https:\/\/www.europesays.com\/es\/wp-json\/wp\/v2\/posts\/139133","targetHints":{"allow":["GET"]}}],"collection":[{"href":"https:\/\/www.europesays.com\/es\/wp-json\/wp\/v2\/posts"}],"about":[{"href":"https:\/\/www.europesays.com\/es\/wp-json\/wp\/v2\/types\/post"}],"author":[{"embeddable":true,"href":"https:\/\/www.europesays.com\/es\/wp-json\/wp\/v2\/users\/2"}],"replies":[{"embeddable":true,"href":"https:\/\/www.europesays.com\/es\/wp-json\/wp\/v2\/comments?post=139133"}],"version-history":[{"count":0,"href":"https:\/\/www.europesays.com\/es\/wp-json\/wp\/v2\/posts\/139133\/revisions"}],"wp:featuredmedia":[{"embeddable":true,"href":"https:\/\/www.europesays.com\/es\/wp-json\/wp\/v2\/media\/139134"}],"wp:attachment":[{"href":"https:\/\/www.europesays.com\/es\/wp-json\/wp\/v2\/media?parent=139133"}],"wp:term":[{"taxonomy":"category","embeddable":true,"href":"https:\/\/www.europesays.com\/es\/wp-json\/wp\/v2\/categories?post=139133"},{"taxonomy":"post_tag","embeddable":true,"href":"https:\/\/www.europesays.com\/es\/wp-json\/wp\/v2\/tags?post=139133"}],"curies":[{"name":"wp","href":"https:\/\/api.w.org\/{rel}","templated":true}]}}