{"id":139135,"date":"2025-09-26T02:16:11","date_gmt":"2025-09-26T02:16:11","guid":{"rendered":"https:\/\/www.europesays.com\/es\/139135\/"},"modified":"2025-09-26T02:16:11","modified_gmt":"2025-09-26T02:16:11","slug":"aldama-el-dueno-de-desokupa-y-ortega-smith-entre-los-asistentes-a-la-presentacion-de-la-plataforma-de-espinosa-de-los-monteros","status":"publish","type":"post","link":"https:\/\/www.europesays.com\/es\/139135\/","title":{"rendered":"Aldama, el due\u00f1o de Desokupa y Ortega Smith, entre los asistentes a la presentaci\u00f3n de la plataforma de Espinosa de los Monteros"},"content":{"rendered":"<p>                <img decoding=\"async\" class=\"lazy\" loading=\"lazy\" data-src=\"https:\/\/static.eldiario.es\/clip\/848be013-5488-4f86-914a-a407fb9edb90_16-9-aspect-ratio_default_0_x874y782.jpg\" src=\"data:image\/svg+xml,%3Csvg xmlns=\" http:=\"\" viewbox=\"0 0 16 9\" alt=\"El empresario V\u00edctor de Aldama (d) y el l\u00edder de Desokupa, Daniel Esteve (i), a su llegada a la presentaci\u00f3n del exportavoz de Vox, Iv\u00e1n Espinosa de los Monteros de su nuevo \u2018think tank\u2019 \u2018Atenea\u2019, a 25 de septiembre de 2025, en Madrid (Espa\u00f1a).\"\/><\/p>\n<p class=\"article-text\">\n        Iv\u00e1n Espinosa de los Monteros ha presentado este jueves su plataforma &#8216;Atenea&#8217;, su nuevo proyecto tras su marcha de Vox en 2023. En el acto de inauguraci\u00f3n han acudido el gran conseguidor del caso Koldo, V\u00edctor Aldama, o Daniel Esteve, due\u00f1o de la empresa dedicada a desalojos extrajudiciales &#8216;Desokupa&#8217;.\n    <\/p>\n<p class=\"article-text\">\n        Junto a ellos, personalidades que forman parte en la actualidad de Vox, como el portavoz en Madrid, Javier Ortega Smith, y la diputada In\u00e9s Ca\u00f1izares, o que abandonaron la formaci\u00f3n de extrema derecha, como Alejo Vidal-Quadras.\n    <\/p>\n<p class=\"article-text\">\n        Adem\u00e1s, expol\u00edticos del Partido Popular como Jos\u00e9 Ram\u00f3n Bauza, Matilde Garc\u00eda Duarte y Isabel Bonig; de Ciudadanos, Marcos de Quinto y Fran Herv\u00edas;  el reportero Cake Minuesa y el presentador Pedro Garc\u00eda Aguado.\n    <\/p>\n","protected":false},"excerpt":{"rendered":"Iv\u00e1n Espinosa de los Monteros ha presentado este jueves su plataforma &#8216;Atenea&#8217;, su nuevo proyecto tras su marcha&hellip;\n","protected":false},"author":2,"featured_media":139136,"comment_status":"","ping_status":"","sticky":false,"template":"","format":"standard","meta":{"footnotes":""},"categories":[5],"tags":[517,17,18,2125,25,24,13,14,11,1458,19,20,9,10,15,16,952,23,12,1885,21,22],"class_list":{"0":"post-139135","1":"post","2":"type-post","3":"status-publish","4":"format-standard","5":"has-post-thumbnail","7":"category-titulares","8":"tag-actualidad","9":"tag-breaking-news","10":"tag-breakingnews","11":"tag-directo","12":"tag-es","13":"tag-espana","14":"tag-featured-news","15":"tag-featurednews","16":"tag-headlines","17":"tag-hora","18":"tag-latest-news","19":"tag-latestnews","20":"tag-news","21":"tag-noticias","22":"tag-noticias-destacadas","23":"tag-noticiasdestacadas","24":"tag-politica","25":"tag-spain","26":"tag-titulares","27":"tag-ultima","28":"tag-ultimas-noticias","29":"tag-ultimasnoticias"},"share_on_mastodon":{"url":"","error":""},"_links":{"self":[{"href":"https:\/\/www.europesays.com\/es\/wp-json\/wp\/v2\/posts\/139135","targetHints":{"allow":["GET"]}}],"collection":[{"href":"https:\/\/www.europesays.com\/es\/wp-json\/wp\/v2\/posts"}],"about":[{"href":"https:\/\/www.europesays.com\/es\/wp-json\/wp\/v2\/types\/post"}],"author":[{"embeddable":true,"href":"https:\/\/www.europesays.com\/es\/wp-json\/wp\/v2\/users\/2"}],"replies":[{"embeddable":true,"href":"https:\/\/www.europesays.com\/es\/wp-json\/wp\/v2\/comments?post=139135"}],"version-history":[{"count":0,"href":"https:\/\/www.europesays.com\/es\/wp-json\/wp\/v2\/posts\/139135\/revisions"}],"wp:featuredmedia":[{"embeddable":true,"href":"https:\/\/www.europesays.com\/es\/wp-json\/wp\/v2\/media\/139136"}],"wp:attachment":[{"href":"https:\/\/www.europesays.com\/es\/wp-json\/wp\/v2\/media?parent=139135"}],"wp:term":[{"taxonomy":"category","embeddable":true,"href":"https:\/\/www.europesays.com\/es\/wp-json\/wp\/v2\/categories?post=139135"},{"taxonomy":"post_tag","embeddable":true,"href":"https:\/\/www.europesays.com\/es\/wp-json\/wp\/v2\/tags?post=139135"}],"curies":[{"name":"wp","href":"https:\/\/api.w.org\/{rel}","templated":true}]}}