{"id":139143,"date":"2025-09-26T02:25:08","date_gmt":"2025-09-26T02:25:08","guid":{"rendered":"https:\/\/www.europesays.com\/es\/139143\/"},"modified":"2025-09-26T02:25:08","modified_gmt":"2025-09-26T02:25:08","slug":"a-un-buen-real-oviedo-le-sobra-el-segundo-tiempo-ante-el-barca","status":"publish","type":"post","link":"https:\/\/www.europesays.com\/es\/139143\/","title":{"rendered":"A un buen Real Oviedo le sobra el segundo tiempo ante el\u00a0Bar\u00e7a"},"content":{"rendered":"<p>\t\t \t\t\tAra\u00fajo y Cubarsi se abrazan con Rahim detr\u00e1s, en uno de los goles del Barcelona al Oviedo <strong class=\"pd-l\">LFP  <\/strong><\/p>\n<p>\t\t\t\t\t\tLos azules mostraron su mejor versi\u00f3n de la temporada en el primer tiempo, pero no pudieron contener (1-3) la remontada cul\u00e9 tras el descanso<br \/>\n\t\t\t\t\t\t<strong>25 sep 2025<\/strong> . Actualizado a las 23:36 h.\t\t\t\t\t\t<\/p>\n<p class=\"first-paragraph txt\">Si hay que caer ante un gigante, <strong>que sea as\u00ed.<\/strong> El Real Oviedo cuaj\u00f3 su mejor momento de f\u00fatbol en el primer tiempo y, ya tras el descanso, el F\u00fatbol Club Barcelona se visti\u00f3 de vigente campe\u00f3n para dejar en cero puntos el golazo de Alberto Reina. <strong>Una pareja de centrales esperanzadora<\/strong> y la confirmaci\u00f3n de que <strong>Santi Cazorla<\/strong> est\u00e1 para ayudar a este equipo, lo mejor de la noche en un Carlos Tartiere lleno.\u00a0<\/p>\n<p class=\"ladillo\">El mejor Oviedo de la temporada<\/p>\n<p class=\"txt\">Paunovic cumpli\u00f3 con lo prometido y <strong>Santi Cazorla lider\u00f3 al Real Oviedo<\/strong> desde el inicio por primera vez en el curso. Junto al capit\u00e1n, Reina por dentro, Ilyas por la izquierda y el estreno de la pareja<strong> Bailly-Carmo<\/strong>. Dos centrales que jam\u00e1s han jugado juntos haciendo t\u00e1ndem ante todo un <strong>F\u00fatbol Club Barcelona.<\/strong> Y al menos en el primer tiempo, sali\u00f3 bien. El Oviedo al que tuvo que hacer frente el conjunto de Flick en los primeros compases del encuentro era un Oviedo muy diferente al visto en las cinco jornadas anteriores. Para muestra, un bot\u00f3n. El de los saques de esquina. Nueve lanzaron los carbayones en los cinco partidos disputados hasta la fecha; <strong>cuatro lanzaron los carbayones antes del minuto 8 de esta noche<\/strong>. Eso s\u00ed, cuando el bal\u00f3n cambiaba de \u00e1rea, Rashford y Raphinha eran pura electricidad.<\/p>\n<p class=\"txt\">El Oviedo funcionaba como bloque, pero <strong>los dos extremos cul\u00e9s le daban una punta de velocidad<\/strong> dif\u00edcil de igualar en los primeros instantes. A los diez minutos, Aar\u00f3n Escandell hizo acto de presencia por primera vez y le dijo que no al atacante ingl\u00e9s. Los de Paunovic se defend\u00edan con un 4-4-2 muy estrecho y corto, con las l\u00edneas pegadas y Cazorla a la altura de Rond\u00f3n. M\u00e1s orden que en otros encuentros, todo con el Bailly-Carmo mandando por detr\u00e1s.<strong> Y con bal\u00f3n, otra gran diferencia. La pausa.<\/strong> Los cuatro o cinco segundos que Cazorla -qu\u00e9 t\u00edo-, Reina e incluso Rond\u00f3n y Ilyas consegu\u00edan dar a la posesi\u00f3n azul para asentarla y no permitir al Bar\u00e7a robar pronto. En el 24\u2019, Ilyas jug\u00f3 para <strong>Lucas<\/strong>, que entr\u00f3 como cuchillo en la mantequilla y puso un centro desde la derecha que <strong>Rond\u00f3n<\/strong>, ante un gran Eric Garc\u00eda, no pudo rematar limpio.<\/p>\n<p class=\"txt\">Eran minutos raros, porque el Barcelona, <strong>al ritmo de Pedri<\/strong>, encadenaba circulaciones de bal\u00f3n en la frontal del \u00e1rea carbayona y el peligro estaba ah\u00ed, pero a Bailly y Carmo se les ve\u00eda c\u00f3modos. Eso s\u00ed, Raphinha se encontr\u00f3 con el palo y Aar\u00f3n le neg\u00f3 el gol de rechace a Ara\u00fajo. <strong>Y lleg\u00f3 el gol so\u00f1ado<\/strong>. En un saque de banda, Reina busc\u00f3 en largo a Rond\u00f3n, Joan Garc\u00eda acert\u00f3 saliendo y luego fall\u00f3 decidiendo. Dej\u00f3 el bal\u00f3n muerto tras un mal pase, <strong>Reina mir\u00f3 y no se lo pens\u00f3 con la diestra desde unos metros m\u00e1s adelante del centro del camp<\/strong>o. Golazo y locura en el Tartiere. Joan Garc\u00eda, como en aquel playoff con el Espanyol de 2024, fallaba en el Fondo Norte del municipal oviedista. Sobrevivir al arre\u00f3n, esa era la misi\u00f3n hasta el descanso. Se consigui\u00f3.<\/p>\n<p class=\"ladillo\">El Bar\u00e7a tira de pegada<\/p>\n<p class=\"txt\">De Jong por Casad\u00f3 ya en el vestuario, Flick no se lo pens\u00f3.\u00a0El Bar\u00e7a sali\u00f3 con ganas de dominar y embotellar al Oviedo, pero fue <strong>Hassan<\/strong> el que dej\u00f3 atr\u00e1s -muy atr\u00e1s- a Gerard Mart\u00edn y su centro tenso desde l\u00ednea de fondo lo sac\u00f3 Joan Garc\u00eda como pudo. Mientras, cerca de Escandell, Carmo y Bailly segu\u00edan liderando una notable defensa del \u00e1rea. Hasta que lleg\u00f3 el gol del empate. Tras un dudoso c\u00f3rner a favor de los cul\u00e9s, el bal\u00f3n le lleg\u00f3 en banda izquierda a Ara\u00fajo, seguramente el jugador azulgrana menos peligroso en esas lides. Pues no. Dendoncker estuvo demasiado flojo en el duelo, el uruguayo centr\u00f3, Ferr\u00e1n Torres remat\u00f3 mordido y<strong> el rechace de Aar\u00f3n lo aprovech\u00f3 Eric Garc\u00eda para marcar a placer el 1-1.<\/strong> Gol tonto, de los que duele encajar.<\/p>\n<p class=\"txt\">Hassan sacaba un c\u00f3rner de los que te permit\u00edan respirar y Bailly se hac\u00eda fuerte ante Raphinha. Per\u00edodo de entreguerras&#8230; hasta los cambios. Y ah\u00ed el Oviedo sali\u00f3 perdiendo.<strong> Paunovic sac\u00f3 a Cazorla y Hassan,<\/strong> es decir,<strong>\u00a0<\/strong>Paunovic sac\u00f3 al que le daba pausa y al que le daba v\u00e9rtigo. Flick, por su parte, opt\u00f3 por un tal\u00a0<strong>Lewandowski<\/strong>. De Jong recibi\u00f3 en la derecha, centr\u00f3 y el delantero polaco apareci\u00f3 ante Carmo y Bailly para ponerla en la escuadra. <strong>Un golazo de un clase mundial en dicho arte<\/strong>. 1-2 y muy complicado para el Oviedo. <strong>Brekalo<\/strong> y For\u00e9s, siguientes cambios carbayones. Y el extremo croata entr\u00f3 bien al partido, puso dos centros muy peligrosos y uno de ellos <strong>Rond\u00f3n<\/strong> no lo pudo aprovechar en el rechace para igualar el encuentro. Menos de diez minutos para el final y el Bar\u00e7a parec\u00eda tener controlado el escenario.<\/p>\n<p class=\"txt\">Al Oviedo le quedaba un cambio, al Barcelona dos. Los cul\u00e9s amenazaban cuando ten\u00edan espacios, aunque a pesar del 1-2 el partido de los centrales carbayones segu\u00eda rozando el notable. Dicho esto, gol de c\u00f3rner en el 88 para el Barcelona. De los que duelen, con <strong>Ara\u00fajo<\/strong> cabeceando en el coraz\u00f3n del \u00e1rea. <strong>1-3<\/strong>. Lucas tuvo un gol que hubiese tenido su punto rom\u00e1ntico, pero Joan Garc\u00eda se lo neg\u00f3. Ah\u00ed, con Ortiz Arias desesperando a todo el mundo de paso, muri\u00f3 el intento del Real Oviedo de quitarle puntos al vigente campe\u00f3n de Liga. <strong>Un Real Oviedo que mostr\u00f3 cosas que todav\u00eda no hab\u00eda mostrado<\/strong> y que, aunque volvi\u00f3 a cometer alg\u00fan error incompatible con la Primera, jug\u00f3 un partido para ser m\u00e1s optimistas que pesimistas.\u00a0<\/p>\n<p class=\"ladillo\">Ficha t\u00e9cnica<\/p>\n<p class=\"txt\"><strong>Real Oviedo:<\/strong> Aar\u00f3n Escandell; Lucas, Bailly, Carmo, Rahim; Dendoncker, (Colombatto, min 88) Santi Cazorla (Sibo, min 65), Reina (For\u00e9s, min 75); Hassan (Ilic, min 65), Ilyas Chaira (Brekalo, min 75) y Rond\u00f3n.<\/p>\n<p class=\"txt\"><strong>F\u00fatbol Club Barcelona:<\/strong> Joan Garc\u00eda; Eric Garc\u00eda, Cubars\u00ed, Ara\u00fajo, Gerard Mart\u00edn (Kounde, min 73); Pedri (Marc Bernal, min 90+1), Casad\u00f3 (De Jong, min 46); Raphinha (Lewandowski, min 65), Olmo, Rashford (Christensen, min 90+1); Ferr\u00e1n Torres.<\/p>\n<p class=\"txt\"><strong>Goles:<\/strong> 1-0 Reina (min 33); 1-1 Eric Garc\u00eda (min 56); 1-2\u00a0Lewandowski (min 70); 1-3 Ara\u00fajo (min 88).<\/p>\n<p class=\"txt\"><strong>\u00c1rbitro:<\/strong> Ortiz Arias (comit\u00e9 madrile\u00f1o). Amonest\u00f3 al local Bailly (min 90+2).<\/p>\n<p class=\"txt\"><strong>Incidencias:<\/strong> Estadio Carlos Tartiere (Oviedo). 29.850 espectadores.<\/p>\n<p>&#13;<br \/>\n\tArchivado en:&#13;<br \/>\n\t\t\t\t\t<a href=\"https:\/\/www.lavozdeasturias.es\/temas\/real-oviedo\/\" target=\"_blank\" class=\"mg-l\" rel=\"nofollow noopener\">Real Oviedo<\/a>&#13;<br \/>\n\t\t\t\t\t<a href=\"https:\/\/www.lavozdeasturias.es\/temas\/oviedo\/\" target=\"_blank\" class=\"mg-l\" rel=\"nofollow noopener\">Oviedo<\/a>&#13;<br \/>\n\t\t\t\t\t<a href=\"https:\/\/www.lavozdeasturias.es\/temas\/santi-cazorla\/\" target=\"_blank\" class=\"mg-l\" rel=\"nofollow noopener\">Santi Cazorla<\/a>&#13;<br \/>\n\t\t\t\t\t<a href=\"https:\/\/www.lavozdeasturias.es\/temas\/fc-barcelona\/\" target=\"_blank\" class=\"mg-l\" rel=\"nofollow noopener\">FC Barcelona<\/a>&#13;<br \/>\n\t\t\t\t\t<a href=\"https:\/\/www.lavozdeasturias.es\/temas\/pedri\/\" target=\"_blank\" class=\"mg-l\" rel=\"nofollow noopener\">Pedri<\/a>&#13;<br \/>\n\t\t\t        \t&#13;<\/p>\n","protected":false},"excerpt":{"rendered":"Ara\u00fajo y Cubarsi se abrazan con Rahim detr\u00e1s, en uno de los goles del Barcelona al Oviedo LFP&hellip;\n","protected":false},"author":2,"featured_media":139144,"comment_status":"","ping_status":"","sticky":false,"template":"","format":"standard","meta":{"footnotes":""},"categories":[268],"tags":[168,19614,25,24,881,23624,280,282,1796,16809,11783,3302,17499,5116,281,23,167],"class_list":{"0":"post-139143","1":"post","2":"type-post","3":"status-publish","4":"format-standard","5":"has-post-thumbnail","7":"category-futbol","8":"tag-deportes","9":"tag-electricidad","10":"tag-es","11":"tag-espana","12":"tag-fc-barcelona","13":"tag-ferran-torres","14":"tag-football","15":"tag-futbol","16":"tag-oviedo","17":"tag-pedri","18":"tag-rcd-espanyol","19":"tag-real-oviedo","20":"tag-robert-lewandowski","21":"tag-santi-cazorla","22":"tag-soccer","23":"tag-spain","24":"tag-sports"},"share_on_mastodon":{"url":"","error":""},"_links":{"self":[{"href":"https:\/\/www.europesays.com\/es\/wp-json\/wp\/v2\/posts\/139143","targetHints":{"allow":["GET"]}}],"collection":[{"href":"https:\/\/www.europesays.com\/es\/wp-json\/wp\/v2\/posts"}],"about":[{"href":"https:\/\/www.europesays.com\/es\/wp-json\/wp\/v2\/types\/post"}],"author":[{"embeddable":true,"href":"https:\/\/www.europesays.com\/es\/wp-json\/wp\/v2\/users\/2"}],"replies":[{"embeddable":true,"href":"https:\/\/www.europesays.com\/es\/wp-json\/wp\/v2\/comments?post=139143"}],"version-history":[{"count":0,"href":"https:\/\/www.europesays.com\/es\/wp-json\/wp\/v2\/posts\/139143\/revisions"}],"wp:featuredmedia":[{"embeddable":true,"href":"https:\/\/www.europesays.com\/es\/wp-json\/wp\/v2\/media\/139144"}],"wp:attachment":[{"href":"https:\/\/www.europesays.com\/es\/wp-json\/wp\/v2\/media?parent=139143"}],"wp:term":[{"taxonomy":"category","embeddable":true,"href":"https:\/\/www.europesays.com\/es\/wp-json\/wp\/v2\/categories?post=139143"},{"taxonomy":"post_tag","embeddable":true,"href":"https:\/\/www.europesays.com\/es\/wp-json\/wp\/v2\/tags?post=139143"}],"curies":[{"name":"wp","href":"https:\/\/api.w.org\/{rel}","templated":true}]}}