{"id":139148,"date":"2025-09-26T02:30:22","date_gmt":"2025-09-26T02:30:22","guid":{"rendered":"https:\/\/www.europesays.com\/es\/139148\/"},"modified":"2025-09-26T02:30:22","modified_gmt":"2025-09-26T02:30:22","slug":"taylor-swift-lleva-al-cine-official-release-party-of-a-showgirl","status":"publish","type":"post","link":"https:\/\/www.europesays.com\/es\/139148\/","title":{"rendered":"Taylor Swift lleva al cine &#8216;Official Release Party of a Showgirl&#8217;"},"content":{"rendered":"<p class=\"paragraph larva \/\/ lrv-u-margin-lr-auto  lrv-a-font-body-m   \">\n\t<a rel=\"noreferrer noopener nofollow\" target=\"_blank\" href=\"https:\/\/www.billboard.com\/artist\/taylor-swift\/\">Taylor Swift<\/a> est\u00e1 ofreciendo a sus fans una manera creativa de celebrar el lanzamiento de The Life of a Showgirl. La estrella del pop planea develar un proyecto cinematogr\u00e1fico titulado Taylor Swift: The Official Release Party of a Showgirl en cines junto con el \u00e1lbum.<\/p>\n<p class=\"paragraph larva \/\/ lrv-u-margin-lr-auto  lrv-a-font-body-m   \">\n\tLa noticia fue compartida por <a rel=\"noreferrer noopener nofollow\" target=\"_blank\" href=\"https:\/\/variety.com\/2025\/music\/news\/taylor-swift-film-theaters-october-showgirl-1236524158\/\">Variety<\/a> el viernes (19 de septiembre), la ma\u00f1ana despu\u00e9s de que <a rel=\"noreferrer noopener nofollow\" target=\"_blank\" href=\"https:\/\/www.hollywoodreporter.com\/music\/music-news\/taylor-swift-movie-life-of-a-showgirl-1236369329\/\">The Hollywood Reporter<\/a> reportara primero que Swift estaba trabajando en un evento cinematogr\u00e1fico secreto. The Official Release Party of a Showgirl durar\u00e1 89 minutos e incluir\u00e1 el estreno del video musical del tema que abre el \u00e1lbum, \u201cThe Fate of Ophelia\u201d.<\/p>\n<p class=\"paragraph larva \/\/ lrv-u-margin-lr-auto  lrv-a-font-body-m   \">\n\tEl proyecto tambi\u00e9n incluye im\u00e1genes del rodaje de dicho videoclip, videos con las letras de las dem\u00e1s canciones de Showgirl y \u201creflexiones personales nunca antes vistas\u201d de la ganadora de 14 premios Grammy sobre las canciones.<\/p>\n<p class=\"paragraph larva \/\/ lrv-u-margin-lr-auto  lrv-a-font-body-m   \">\n\t\u201cLos invito a una velada deslumbrante\u201d, escribi\u00f3 Swift al compartir la noticia en Instagram. \u201cBailar es opcional pero muy recomendable\u201d.<\/p>\n<p class=\"paragraph larva \/\/ lrv-u-margin-lr-auto  lrv-a-font-body-m   \">\n\tLa pel\u00edcula se proyectar\u00e1 durante todo el fin de semana de estreno, del 3 al 5 de octubre. Los fans ya pueden comprar sus entradas a trav\u00e9s del <a rel=\"noreferrer noopener nofollow\" target=\"_blank\" href=\"https:\/\/www.releasepartyofashowgirl.com\/\">sitio web del evento<\/a>.<\/p>\n<p class=\"paragraph larva \/\/ lrv-u-margin-lr-auto  lrv-a-font-body-m   \">\n\tSwift no es ajena al <a href=\"https:\/\/www.billboard.com\/t\/cine\/\" id=\"auto-tag_cine\" data-tag=\"cine\" rel=\"nofollow noopener\" target=\"_blank\">cine<\/a>. Protagoniz\u00f3 el documental Miss Americana de Netflix en 2020 y estren\u00f3 la pel\u00edcula de concierto de su Eras Tour en 2023. Esta \u00faltima recaud\u00f3 179,2 millones de d\u00f3lares en la taquilla nacional, convirti\u00e9ndose en la <a rel=\"noreferrer noopener nofollow\" target=\"_blank\" href=\"https:\/\/www.billboard.com\/culture\/tv-film\/taylor-swift-eras-tour-concert-movie-250-million-worldwide-grosses-1235513323\/#:~:text=Trending%20on%20Billboard,film%20is%20currently%20at%20No.\">pel\u00edcula de concierto m\u00e1s taquillera<\/a> de todos los tiempos.<\/p>\n<p class=\"paragraph larva \/\/ lrv-u-margin-lr-auto  lrv-a-font-body-m   \">\n\tLa artista tambi\u00e9n ha dirigido varios proyectos cinematogr\u00e1ficos, incluyendo All Too Well: The Short Film de 2021. Seg\u00fan informes, tambi\u00e9n est\u00e1 desarrollando una <a href=\"https:\/\/www.billboard.com\/music\/pop\/taylor-swift-directorial-film-debut-searchlight-pictures-1235184103\/\" target=\"_blank\" rel=\"noreferrer noopener nofollow\">pel\u00edcula original<\/a> para Searchlight Pictures, que dirigir\u00e1 con un guion de su autor\u00eda.<\/p>\n<p class=\"paragraph larva \/\/ lrv-u-margin-lr-auto  lrv-a-font-body-m   \">\n\tEl anuncio del estreno en cines de Showgirl llega apenas dos semanas antes del esperado duod\u00e9cimo \u00e1lbum de estudio de Swift, que anunci\u00f3 en agosto durante una aparici\u00f3n en el podcast New Heights de su ahora prometido Travis Kelce y Jason Kelce. Realizado \u00edntegramente con sus antiguos colaboradores Max Martin y Shellback, se espera que el \u00e1lbum incluya varios \u00e9xitos pop.<\/p>\n<p class=\"paragraph larva \/\/ lrv-u-margin-lr-auto  lrv-a-font-body-m   \">\n\t\u201cEstaba tan estimulada mentalmente y emocionada por crear\u201d, reflexion\u00f3 Swift sobre la creaci\u00f3n de Showgirl durante su gira mundial Eras. \u201c[El \u00e1lbum] es mucho m\u00e1s animado y tiene un pop mucho m\u00e1s divertido y emocionante. Mi objetivo principal era crear melod\u00edas tan contagiosas que casi te enfadaran\u201d.<\/p>\n<p class=\"paragraph larva \/\/ lrv-u-margin-lr-auto  lrv-a-font-body-m   \">\n\tMira el anuncio de Swift de The Official Release Party of a Showgirl a continuaci\u00f3n.<\/p>\n<p><a href=\"https:\/\/ubpass.co\/billboard\" target=\"_blank\" rel=\"noopener noreferrer nofollow\"><br \/><img decoding=\"async\" src=\"https:\/\/www.europesays.com\/es\/wp-content\/uploads\/2025\/09\/2HpFicp.png\" alt=\"Billboard VIP Pass\" style=\"max-width: 100%;height: auto\"\/><br \/><\/a><\/p>\n","protected":false},"excerpt":{"rendered":"Taylor Swift est\u00e1 ofreciendo a sus fans una manera creativa de celebrar el lanzamiento de The Life of&hellip;\n","protected":false},"author":2,"featured_media":139149,"comment_status":"","ping_status":"","sticky":false,"template":"","format":"standard","meta":{"footnotes":""},"categories":[170],"tags":[177,146,147,25,24,9834,184,185,9835,23],"class_list":{"0":"post-139148","1":"post","2":"type-post","3":"status-publish","4":"format-standard","5":"has-post-thumbnail","7":"category-musica","8":"tag-cine","9":"tag-entertainment","10":"tag-entretenimiento","11":"tag-es","12":"tag-espana","13":"tag-genre-espau00f1ol","14":"tag-music","15":"tag-musica","16":"tag-noticias-espau00f1ol","17":"tag-spain"},"share_on_mastodon":{"url":"","error":""},"_links":{"self":[{"href":"https:\/\/www.europesays.com\/es\/wp-json\/wp\/v2\/posts\/139148","targetHints":{"allow":["GET"]}}],"collection":[{"href":"https:\/\/www.europesays.com\/es\/wp-json\/wp\/v2\/posts"}],"about":[{"href":"https:\/\/www.europesays.com\/es\/wp-json\/wp\/v2\/types\/post"}],"author":[{"embeddable":true,"href":"https:\/\/www.europesays.com\/es\/wp-json\/wp\/v2\/users\/2"}],"replies":[{"embeddable":true,"href":"https:\/\/www.europesays.com\/es\/wp-json\/wp\/v2\/comments?post=139148"}],"version-history":[{"count":0,"href":"https:\/\/www.europesays.com\/es\/wp-json\/wp\/v2\/posts\/139148\/revisions"}],"wp:featuredmedia":[{"embeddable":true,"href":"https:\/\/www.europesays.com\/es\/wp-json\/wp\/v2\/media\/139149"}],"wp:attachment":[{"href":"https:\/\/www.europesays.com\/es\/wp-json\/wp\/v2\/media?parent=139148"}],"wp:term":[{"taxonomy":"category","embeddable":true,"href":"https:\/\/www.europesays.com\/es\/wp-json\/wp\/v2\/categories?post=139148"},{"taxonomy":"post_tag","embeddable":true,"href":"https:\/\/www.europesays.com\/es\/wp-json\/wp\/v2\/tags?post=139148"}],"curies":[{"name":"wp","href":"https:\/\/api.w.org\/{rel}","templated":true}]}}