{"id":13915,"date":"2025-07-30T12:23:14","date_gmt":"2025-07-30T12:23:14","guid":{"rendered":"https:\/\/www.europesays.com\/es\/13915\/"},"modified":"2025-07-30T12:23:14","modified_gmt":"2025-07-30T12:23:14","slug":"el-alero-serbio-stefan-lazarevic-nuevo-jugador-del-bilbao-basket","status":"publish","type":"post","link":"https:\/\/www.europesays.com\/es\/13915\/","title":{"rendered":"El alero serbio Stefan Lazarevic, nuevo jugador del Bilbao Basket"},"content":{"rendered":"<p>El Bilbao Basket ha contratado a Stefan Lazarevic, alero y ala-p\u00edvot serbio que cumplir\u00e1 29 a\u00f1os el 20 agosto y que se form\u00f3 en  &#8230; el Estrella Roja de Belgrado. Destaca por su poder reboteador y por su capacidad de jugar en diferentes posiciones. Durante su carrera, ha pertenecido varias temporadas al FMP Zeleznik, club de Belgrado, y, en menor medida, al Mladost Zemun, municipio pr\u00f3ximo a la capital serbia.<\/p>\n<p class=\"v-p\">Lazarevic, de 1,98 metros, promedi\u00f3 13,3 puntos y 7,1 rebotes en catorce partidos con el FMP en la Liga Adri\u00e1tica el pasado curso. En los cinco encuentros disputados con el el mismo conjunto en la FIBA Basketball Champions League ofreci\u00f3 9,8 puntos, 8,4 rebotes y 11,8 de valoraci\u00f3n. En la temporada 2021-22, aport\u00f3 2,8 puntos, 1,4 rebotes y 2,3 de valoraci\u00f3n en 12 minutos y 26 segundos de media en 21 partidos con el Estrella Roja en la Euroliga.<\/p>\n<p class=\"v-p\">En su \u00faltimo regreso al FMP Zeleznik, esta entidad deportiva le describi\u00f3 como \u00abun gran luchador en el campo y, seg\u00fan muchos, uno de los mejores defensores de su posici\u00f3n en Serbia. Lazarevi\u0107 se ha consolidado plenamente en la m\u00e1xima categor\u00eda precisamente con la camiseta del FMP\u00bb.<\/p>\n<p class=\"v-p\">Lazarevic fue noticia en mayo de 2024 por ser v\u00edctima de una agresi\u00f3n en los pasillos del Belgrado Arenapor parte de James Nunnally, jugador estadounidense del Partizan, antes al tercer duelo de la final de la Liga Adri\u00e1tica . Al parecer, el americano golpe\u00f3 al serbio, que sufri\u00f3 una herida cerca del ojo izquierdo. Ambos ya hab\u00edan tenido un encontronazo en un encuentro anterior.<\/p>\n","protected":false},"excerpt":{"rendered":"El Bilbao Basket ha contratado a Stefan Lazarevic, alero y ala-p\u00edvot serbio que cumplir\u00e1 29 a\u00f1os el 20&hellip;\n","protected":false},"author":2,"featured_media":13916,"comment_status":"","ping_status":"","sticky":false,"template":"","format":"standard","meta":{"footnotes":""},"categories":[269],"tags":[1266,299,1918,298,2601,168,25,24,378,9455,524,9453,23,167,9454],"class_list":{"0":"post-13915","1":"post","2":"type-post","3":"status-publish","4":"format-standard","5":"has-post-thumbnail","7":"category-baloncesto","8":"tag-alero","9":"tag-baloncesto","10":"tag-basket","11":"tag-basketball","12":"tag-bilbao","13":"tag-deportes","14":"tag-es","15":"tag-espana","16":"tag-jugador","17":"tag-lazarevic","18":"tag-nuevo","19":"tag-serbio","20":"tag-spain","21":"tag-sports","22":"tag-stefan"},"share_on_mastodon":{"url":"","error":""},"_links":{"self":[{"href":"https:\/\/www.europesays.com\/es\/wp-json\/wp\/v2\/posts\/13915","targetHints":{"allow":["GET"]}}],"collection":[{"href":"https:\/\/www.europesays.com\/es\/wp-json\/wp\/v2\/posts"}],"about":[{"href":"https:\/\/www.europesays.com\/es\/wp-json\/wp\/v2\/types\/post"}],"author":[{"embeddable":true,"href":"https:\/\/www.europesays.com\/es\/wp-json\/wp\/v2\/users\/2"}],"replies":[{"embeddable":true,"href":"https:\/\/www.europesays.com\/es\/wp-json\/wp\/v2\/comments?post=13915"}],"version-history":[{"count":0,"href":"https:\/\/www.europesays.com\/es\/wp-json\/wp\/v2\/posts\/13915\/revisions"}],"wp:featuredmedia":[{"embeddable":true,"href":"https:\/\/www.europesays.com\/es\/wp-json\/wp\/v2\/media\/13916"}],"wp:attachment":[{"href":"https:\/\/www.europesays.com\/es\/wp-json\/wp\/v2\/media?parent=13915"}],"wp:term":[{"taxonomy":"category","embeddable":true,"href":"https:\/\/www.europesays.com\/es\/wp-json\/wp\/v2\/categories?post=13915"},{"taxonomy":"post_tag","embeddable":true,"href":"https:\/\/www.europesays.com\/es\/wp-json\/wp\/v2\/tags?post=13915"}],"curies":[{"name":"wp","href":"https:\/\/api.w.org\/{rel}","templated":true}]}}