{"id":139189,"date":"2025-09-26T03:04:06","date_gmt":"2025-09-26T03:04:06","guid":{"rendered":"https:\/\/www.europesays.com\/es\/139189\/"},"modified":"2025-09-26T03:04:06","modified_gmt":"2025-09-26T03:04:06","slug":"trump-firma-una-orden-que-permite-a-tiktok-seguir-operando-en-estados-unidos","status":"publish","type":"post","link":"https:\/\/www.europesays.com\/es\/139189\/","title":{"rendered":"Trump firma una orden que permite a TikTok seguir operando en Estados Unidos"},"content":{"rendered":"<p>El presidente estadounidense, <strong>Donald Trump<\/strong>, ha firmado una orden ejecutiva que, seg\u00fan \u00e9l, <strong>permitir\u00e1 a TikTok continuar operando en Estados Unidos<\/strong>, cumpliendo con las preocupaciones de seguridad nacional establecidas por la ley. El acuerdo establece que la plataforma est\u00e1 lista para su venta y la valora en 14 mil millones de d\u00f3lares.<\/p>\n<p>El a\u00f1o pasado, su predecesor, Joe Biden, firm\u00f3 una ley que exige que la <strong>empresa china ByteDance<\/strong> venda los activos de TikTok a una compa\u00f1\u00eda estadounidense a principios de este a\u00f1o o se enfrente a una prohibici\u00f3n. Sin embargo, Trump ha firmado repetidamente \u00f3rdenes que han permitido a la plataforma <strong>seguir operando en el pa\u00eds <\/strong>mientras su Administraci\u00f3n intenta llegar a un acuerdo para la venta de la empresa.<\/p>\n<p>A\u00fan se desconoce el contenido del acuerdo, pero Trump ha asegurado que su hom\u00f3logo chino, <strong>Xi Jinping<\/strong>, ha accedido a seguir adelante con \u00e9l. <\/p>\n<p>Un TikTok \u00ab100 % MAGA\u00bb<\/p>\n<p>El republicano ha declarado que el TikTok controlado por Estados Unidos ser\u00e1 \u00ab100 % MAGA\u00bb, en referencia a su eslogan <strong>Hacer Am\u00e9rica Grande de Nuevo<\/strong>. Su vicepresidente, J.D. Vance, ha afirmado que el acuerdo garantiza que los inversores estadounidenses<strong> controlar\u00e1n el algoritmo<\/strong> que determina el contenido que se ve en la red social. <\/p>\n<p>Trump ha reconocido que TikTok, que cuenta con 170 millones de usuarios en Estados Unidos, le ayud\u00f3 a ganar la reelecci\u00f3n el a\u00f1o pasado. El republicano tiene 15 millones de seguidores en su cuenta personal de esta plataforma y La Casa Blanca tambi\u00e9n lanz\u00f3 una cuenta oficial el mes pasado.<\/p>\n<p>\u00abHubo cierta resistencia por parte de China, pero lo fundamental que quer\u00edamos lograr era mantener TikTok en funcionamiento, pero tambi\u00e9n asegurarnos de proteger la privacidad de los datos de los estadounidenses seg\u00fan lo exige la ley\u00bb, declar\u00f3 Vance a la prensa en una sesi\u00f3n informativa en la Oficina Oval.<\/p>\n<p>Una ruptura clara con China<\/p>\n<p>Los legisladores republicanos de la C\u00e1mara de Representantes han afirmado que desean conocer m\u00e1s detalles del acuerdo para garantizar que represente <strong>una ruptura clara con China<\/strong>. \u00abA medida que se ultiman los detalles, debemos asegurarnos de que este acuerdo proteja a los usuarios estadounidenses de la influencia y la vigilancia de grupos alineados con el PCCh (Partido Comunista de China)\u00bb, han declarado Brett Guthrie, Gus Bilirakis y Richard Hudson, todos senadores republicanos.<\/p>\n<p>ByteDance tendr\u00eda menos del 20% de TikTok en Estados Unidos para cumplir con los requisitos establecidos en la ley de 2024 que orden\u00f3 su cierre para enero de 2025 si ByteDance no vend\u00eda sus activos en Estados Unidos.<\/p>\n<p>ByteDance se valora actualmente en m\u00e1s de 330.000 millones de d\u00f3lares. Ahora, un grupo de tres inversores, entre ellos Oracle y la firma de capital privado Silver Lake, adquirir\u00e1 una participaci\u00f3n de aproximadamente el 50% en TikTok EE.UU., seg\u00fan informaron el jueves dos fuentes familiarizadas con el acuerdo. Un grupo de accionistas actuales de ByteDance tendr\u00e1 una participaci\u00f3n de aproximadamente el 30%. <\/p>\n","protected":false},"excerpt":{"rendered":"El presidente estadounidense, Donald Trump, ha firmado una orden ejecutiva que, seg\u00fan \u00e9l, permitir\u00e1 a TikTok continuar operando&hellip;\n","protected":false},"author":2,"featured_media":139190,"comment_status":"","ping_status":"","sticky":false,"template":"","format":"standard","meta":{"footnotes":""},"categories":[42],"tags":[17,18,13,14,11,61,62,63,64,19,20,9,10,15,16,12,21,22,65,66,67],"class_list":{"0":"post-139189","1":"post","2":"type-post","3":"status-publish","4":"format-standard","5":"has-post-thumbnail","7":"category-internacional","8":"tag-breaking-news","9":"tag-breakingnews","10":"tag-featured-news","11":"tag-featurednews","12":"tag-headlines","13":"tag-internacional","14":"tag-international","15":"tag-international-news","16":"tag-internationalnews","17":"tag-latest-news","18":"tag-latestnews","19":"tag-news","20":"tag-noticias","21":"tag-noticias-destacadas","22":"tag-noticiasdestacadas","23":"tag-titulares","24":"tag-ultimas-noticias","25":"tag-ultimasnoticias","26":"tag-world","27":"tag-world-news","28":"tag-worldnews"},"share_on_mastodon":{"url":"","error":""},"_links":{"self":[{"href":"https:\/\/www.europesays.com\/es\/wp-json\/wp\/v2\/posts\/139189","targetHints":{"allow":["GET"]}}],"collection":[{"href":"https:\/\/www.europesays.com\/es\/wp-json\/wp\/v2\/posts"}],"about":[{"href":"https:\/\/www.europesays.com\/es\/wp-json\/wp\/v2\/types\/post"}],"author":[{"embeddable":true,"href":"https:\/\/www.europesays.com\/es\/wp-json\/wp\/v2\/users\/2"}],"replies":[{"embeddable":true,"href":"https:\/\/www.europesays.com\/es\/wp-json\/wp\/v2\/comments?post=139189"}],"version-history":[{"count":0,"href":"https:\/\/www.europesays.com\/es\/wp-json\/wp\/v2\/posts\/139189\/revisions"}],"wp:featuredmedia":[{"embeddable":true,"href":"https:\/\/www.europesays.com\/es\/wp-json\/wp\/v2\/media\/139190"}],"wp:attachment":[{"href":"https:\/\/www.europesays.com\/es\/wp-json\/wp\/v2\/media?parent=139189"}],"wp:term":[{"taxonomy":"category","embeddable":true,"href":"https:\/\/www.europesays.com\/es\/wp-json\/wp\/v2\/categories?post=139189"},{"taxonomy":"post_tag","embeddable":true,"href":"https:\/\/www.europesays.com\/es\/wp-json\/wp\/v2\/tags?post=139189"}],"curies":[{"name":"wp","href":"https:\/\/api.w.org\/{rel}","templated":true}]}}