{"id":139193,"date":"2025-09-26T03:12:09","date_gmt":"2025-09-26T03:12:09","guid":{"rendered":"https:\/\/www.europesays.com\/es\/139193\/"},"modified":"2025-09-26T03:12:09","modified_gmt":"2025-09-26T03:12:09","slug":"carballal-capitulo-dos","status":"publish","type":"post","link":"https:\/\/www.europesays.com\/es\/139193\/","title":{"rendered":"Carballal, cap\u00edtulo dos"},"content":{"rendered":"<p class=\"paragraph-atom &#10;        B-500-300-700-N B-550-300-700-N--md  \"><strong>\u201cLlegar no es lo dif\u00edcil, lo complicado es mantenerse\u201d<\/strong>. Se trata de una afirmaci\u00f3n repetida de forma constante en el mundo del deporte y el <strong>Carballal<\/strong> inicia ma\u00f1ana con la visita al <strong>Cleba Le\u00f3n<\/strong> (19:00), la segunda campa\u00f1a en la <strong>Divisi\u00f3n de Honor Oro<\/strong>. Tras el \u00e9xito de subir de categor\u00eda y lograr la permanencia, el club afront\u00f3 cambios en verano e inicia un ciclo nuevo con <strong>Ana Alonso<\/strong> en el banquillo, que sustituye a <strong>Javier Castro \u2018Chiki\u2019<\/strong>, y hasta seis incorporaciones para compensar las cuatro bajas existentes.<\/p>\n<p class=\"paragraph-atom &#10;        B-500-300-700-N B-550-300-700-N--md  \">El relevo del preparador lleg\u00f3 por <strong>voluntad propia del t\u00e9cnico<\/strong> y Ana Alonso, canterana de la entidad, ejercer\u00e1 por primera vez de <strong>primera entrenadora<\/strong> tras un notable bagaje en <strong>Porri\u00f1o<\/strong> o la <strong>selecci\u00f3n espa\u00f1ola<\/strong>. \u201cSiempre le digo a las jugadoras que debemos buscar un poco m\u00e1s que la permanencia, que tenemos que ser ambiciosas\u201d, indica la entrenadora. Aunque tambi\u00e9n matiza que \u201cs\u00ed, est\u00e1 claro que el objetivo es seguir en esta divisi\u00f3n\u201d. Dos formaciones pierden la categor\u00eda en una liga con <strong>14 conjuntos<\/strong>.<\/p>\n<p class=\"paragraph-atom &#10;        B-500-300-700-N B-550-300-700-N--md  \">\u201cHicimos una <strong>pretemporada con muchos partidos<\/strong>, pero sin jugar contra ninguno de los que ser\u00e1n nuestros rivales. Introduje varias cosas a nivel de ritmo de ataque y de hacer un <strong>6.0 defensivo algo m\u00e1s abierto<\/strong> y son cuestiones que tienen que adquirir las jugadoras\u201d, explica Ana Alonso. Al fin y al cabo, son cambios y las deportistas deben adaptarse. Detalles dentro de un mismo modelo de juego que ya ejerc\u00eda el equipo vigu\u00e9s porque \u201cal final, tenemos <strong>jugadoras bajas<\/strong>, de mucha movilidad y fintadoras. Nos puede faltar lanzamiento exterior y tenemos que correr en transici\u00f3n mucho\u201d, destaca la viguesa. Como lunar, puede estar la <strong>defensa en el centro<\/strong>: \u201cMe preocupa porque, adem\u00e1s, tuvimos a las jugadoras destinadas a defender ah\u00ed con problemas f\u00edsicos y no es que dispongamos de muchas\u201d.<\/p>\n<p class=\"paragraph-atom &#10;        B-500-300-700-N B-550-300-700-N--md  \"><strong>Naiara Castro, Helena Sancho, Sabela V\u00e1zquez, Ux\u00eda Fern\u00e1ndez, Yaiza Alonso y Salma Aakcha<\/strong> son las incorporaciones de un Carballal que pierde a <strong>In\u00e9s L\u00f3pez, Beatriz Sola, Sara Rom\u00e1n y Sandra Costas<\/strong>. \u201cNos hac\u00edan falta las jugadoras porque terminamos el pasado a\u00f1o algo justas\u201d, admite Ana Alonso, que ya se encontraba en el club. Con el nuevo modelo, \u201calgunas de las deportistas van a <strong>compaginar el primer equipo con el segundo<\/strong> para los partidos, pero hacen todos los entrenamientos y as\u00ed le podemos dar m\u00e1s calidad al trabajo diario\u201d, concluye la viguesa. El Carballal inicia su segundo cap\u00edtulo en <strong>Divisi\u00f3n de Honor Oro<\/strong>, la segunda categor\u00eda de Espa\u00f1a.<\/p>\n<p>    El Porri\u00f1o B comienza en casa y la SAR y el Ca\u00f1iza, a domicilio<\/p>\n<p class=\"paragraph-atom &#10;        A-300-300-500-N  \">El Rubensa Indupor Porri\u00f1o inicia ma\u00f1ana la temporada al recibir en el Municipal al Perdoma (20:30) canario en el inicio de la Divisi\u00f3n de Honor Plata. El conjunto louri\u00f1\u00e9s mantiene la esencia de los \u00faltimos a\u00f1os, con una plantilla muy joven con jugadoras en los primeros a\u00f1os s\u00e9nior que disponen de muchos minutos y otras canteranas que aportan experiencia, ya descartado su pase a la primera formaci\u00f3n. Para esta campa\u00f1a, los nombres destacados son Adriana Rial, Athenea Barreiro, Iria Augusto, Enma Rial, Iria Benaches y Aroa Fern\u00e1ndez, todas ellas en din\u00e1mica de la primera formaci\u00f3n. Abel Est\u00e9vez, presidente del club, contin\u00faa como entrenador de esta escuadra. <\/p>\n<p class=\"paragraph-atom &#10;        A-300-300-500-N  \">Una nueva etapa comienza la SAR Rodavigo tras decidir Ver\u00f3nica Pousada tomarse un descanso. Manuel Fern\u00e1ndez Lago se hace cargo de una formaci\u00f3n redondelana que, como es habitual, est\u00e1 formada por jugadoras de su cantera de diferentes edades. El objetivo ser\u00e1 evitar las \u00faltimas posiciones y, si es posible, pelear por la zona alta.  El primer encuentro es ma\u00f1ana en la pista del Mea\u00f1o (20:00).<\/p>\n<p class=\"paragraph-atom &#10;        A-300-300-500-N  \">Un objetivo similar tendr\u00e1 el Saeplast Ca\u00f1iza, que comienza la campa\u00f1a ante el filial del Aula Valladolid el domingo (12:00). Un compromiso que ser\u00e1 dif\u00edcil para las jugadoras de Ismael Lago. El conjunto ampli\u00f3 sus recursos para el curso que empieza con una plantilla con nombres destacados como Alba Mera, Anastasija Doder, Arima L\u00f3pez, Emma P\u00e9rez o Sara Carril.<\/p>\n","protected":false},"excerpt":{"rendered":"\u201cLlegar no es lo dif\u00edcil, lo complicado es mantenerse\u201d. Se trata de una afirmaci\u00f3n repetida de forma constante&hellip;\n","protected":false},"author":2,"featured_media":139194,"comment_status":"","ping_status":"","sticky":false,"template":"","format":"standard","meta":{"footnotes":""},"categories":[278],"tags":[376,10515,34610,168,43617,25,24,375,23,167],"class_list":{"0":"post-139193","1":"post","2":"type-post","3":"status-publish","4":"format-standard","5":"has-post-thumbnail","7":"category-balonmano","8":"tag-balonmano","9":"tag-capitulo","10":"tag-carballal","11":"tag-deportes","12":"tag-division-de-honor-oro","13":"tag-es","14":"tag-espana","15":"tag-handball","16":"tag-spain","17":"tag-sports"},"share_on_mastodon":{"url":"","error":""},"_links":{"self":[{"href":"https:\/\/www.europesays.com\/es\/wp-json\/wp\/v2\/posts\/139193","targetHints":{"allow":["GET"]}}],"collection":[{"href":"https:\/\/www.europesays.com\/es\/wp-json\/wp\/v2\/posts"}],"about":[{"href":"https:\/\/www.europesays.com\/es\/wp-json\/wp\/v2\/types\/post"}],"author":[{"embeddable":true,"href":"https:\/\/www.europesays.com\/es\/wp-json\/wp\/v2\/users\/2"}],"replies":[{"embeddable":true,"href":"https:\/\/www.europesays.com\/es\/wp-json\/wp\/v2\/comments?post=139193"}],"version-history":[{"count":0,"href":"https:\/\/www.europesays.com\/es\/wp-json\/wp\/v2\/posts\/139193\/revisions"}],"wp:featuredmedia":[{"embeddable":true,"href":"https:\/\/www.europesays.com\/es\/wp-json\/wp\/v2\/media\/139194"}],"wp:attachment":[{"href":"https:\/\/www.europesays.com\/es\/wp-json\/wp\/v2\/media?parent=139193"}],"wp:term":[{"taxonomy":"category","embeddable":true,"href":"https:\/\/www.europesays.com\/es\/wp-json\/wp\/v2\/categories?post=139193"},{"taxonomy":"post_tag","embeddable":true,"href":"https:\/\/www.europesays.com\/es\/wp-json\/wp\/v2\/tags?post=139193"}],"curies":[{"name":"wp","href":"https:\/\/api.w.org\/{rel}","templated":true}]}}