{"id":139195,"date":"2025-09-26T03:13:08","date_gmt":"2025-09-26T03:13:08","guid":{"rendered":"https:\/\/www.europesays.com\/es\/139195\/"},"modified":"2025-09-26T03:13:08","modified_gmt":"2025-09-26T03:13:08","slug":"un-coloso-llamado-ignacio-noticias-diario-de-burgos","status":"publish","type":"post","link":"https:\/\/www.europesays.com\/es\/139195\/","title":{"rendered":"Un coloso llamado Ignacio | Noticias Diario de Burgos"},"content":{"rendered":"<p>En esta ciudad culta y taurina que es Valladolid no se ha celebrado la efem\u00e9ride. El 22 de septiembre de 1925, tras torear en el coso del Paseo de Zorrilla, Ignacio S\u00e1nchez Mej\u00edas cambi\u00f3 el traje de luces por el esmoquin para acudir como conferenciante al Ateneo, donde ley\u00f3 varios pasajes de su novela &#8216;La amargura del triunfo&#8217;, que por su prematura muerte qued\u00f3 inconclusa. El diestro sevillano obtuvo un \u00e9xito en ese c\u00edrculo intelectual donde se desenvolv\u00eda con la misma soltura que en los ruedos, como lidiador poderoso que, en la l\u00ednea de Joselito El Gallo \u2013su cu\u00f1ado-, somet\u00eda a los morlacos m\u00e1s broncos. Se prodig\u00f3 bastante con los miuras. De hecho, una de las tres corridas en las que actu\u00f3 en esa feria fue frente a los legendarios astados que rumian en Zahariche.<\/p>\n<p>Ten\u00eda una personalidad deslumbrante, \u00fanica, arrolladora. Contempor\u00e1neos suyos, mujeres y hombres, no le defin\u00edan como un seductor. Iban m\u00e1s all\u00e1: era la seducci\u00f3n. De su rosario de cualidades dio cuenta Federico Garc\u00eda Lorca en la c\u00e9lebre eleg\u00eda, repleta de figuras po\u00e9ticas sublimes. N\u00e9stor Luj\u00e1n dijo sobre \u00e9l que era un &#8216;caso patol\u00f3gico de valor&#8217;, m\u00e1s que temerario. Un valor sereno unido a la innata inteligencia para acometer m\u00faltiples empresas, y en todas brillaba. Presidente del Betis y de la Cruz Roja de Sevilla, jugador de polo y garrochista, dramaturgo y colaborador de prensa, aviador y hermano de la Macarena, pero, sobre todo, gran mecenas de la Generaci\u00f3n del 27, con aquella reuni\u00f3n de poetas para conmemorar el tercer centenario de la muerte de G\u00f3ngora, hasta hacer de las veladas en su hacienda de Pino Montano un parnaso.<\/p>\n<p>\u00cdtem m\u00e1s. Enamorado de La Argentinita, promovi\u00f3 una compa\u00f1\u00eda de baile espa\u00f1ol que program\u00f3 un espect\u00e1culo con m\u00fasica de Manuel de Falla. Antes, durante su estancia en Nueva York en 1929, pronunci\u00f3 una conferencia en la Universidad de Columbia ante alumnos de espa\u00f1ol, para explicar detalles de la tauromaquia. Un hombre que asegur\u00f3 conseguir cuanto se propuso gracias a la voluntad, &#8216;la fuerza dominante de mi car\u00e1cter&#8217;. Un coloso ante la inanidad actual.<\/p>\n","protected":false},"excerpt":{"rendered":"En esta ciudad culta y taurina que es Valladolid no se ha celebrado la efem\u00e9ride. El 22 de&hellip;\n","protected":false},"author":2,"featured_media":139196,"comment_status":"","ping_status":"","sticky":false,"template":"","format":"standard","meta":{"footnotes":""},"categories":[277],"tags":[291,373,168,25,24,3616,1671,43618,1645,896,33899,1171,23,167,625,374,1607],"class_list":{"0":"post-139195","1":"post","2":"type-post","3":"status-publish","4":"format-standard","5":"has-post-thumbnail","7":"category-toreo","8":"tag-betis","9":"tag-bullfighting","10":"tag-deportes","11":"tag-es","12":"tag-espana","13":"tag-federico-garcia-lorca","14":"tag-hacienda","15":"tag-ignacio-sanchez","16":"tag-novela","17":"tag-nueva-york","18":"tag-paseo-de-zorrilla","19":"tag-sevilla","20":"tag-spain","21":"tag-sports","22":"tag-tauromaquia","23":"tag-toreo","24":"tag-valladolid"},"share_on_mastodon":{"url":"","error":""},"_links":{"self":[{"href":"https:\/\/www.europesays.com\/es\/wp-json\/wp\/v2\/posts\/139195","targetHints":{"allow":["GET"]}}],"collection":[{"href":"https:\/\/www.europesays.com\/es\/wp-json\/wp\/v2\/posts"}],"about":[{"href":"https:\/\/www.europesays.com\/es\/wp-json\/wp\/v2\/types\/post"}],"author":[{"embeddable":true,"href":"https:\/\/www.europesays.com\/es\/wp-json\/wp\/v2\/users\/2"}],"replies":[{"embeddable":true,"href":"https:\/\/www.europesays.com\/es\/wp-json\/wp\/v2\/comments?post=139195"}],"version-history":[{"count":0,"href":"https:\/\/www.europesays.com\/es\/wp-json\/wp\/v2\/posts\/139195\/revisions"}],"wp:featuredmedia":[{"embeddable":true,"href":"https:\/\/www.europesays.com\/es\/wp-json\/wp\/v2\/media\/139196"}],"wp:attachment":[{"href":"https:\/\/www.europesays.com\/es\/wp-json\/wp\/v2\/media?parent=139195"}],"wp:term":[{"taxonomy":"category","embeddable":true,"href":"https:\/\/www.europesays.com\/es\/wp-json\/wp\/v2\/categories?post=139195"},{"taxonomy":"post_tag","embeddable":true,"href":"https:\/\/www.europesays.com\/es\/wp-json\/wp\/v2\/tags?post=139195"}],"curies":[{"name":"wp","href":"https:\/\/api.w.org\/{rel}","templated":true}]}}