{"id":139199,"date":"2025-09-26T03:18:07","date_gmt":"2025-09-26T03:18:07","guid":{"rendered":"https:\/\/www.europesays.com\/es\/139199\/"},"modified":"2025-09-26T03:18:07","modified_gmt":"2025-09-26T03:18:07","slug":"querido-nos-pondremos-al-dia-dentro-de-cinco-anos","status":"publish","type":"post","link":"https:\/\/www.europesays.com\/es\/139199\/","title":{"rendered":"Querido, nos pondremos al d\u00eda dentro de cinco a\u00f1os"},"content":{"rendered":"\n<p> \u00abEst\u00e1 trabajando, no 24 horas al d\u00eda, porque duerme. <strong>Pero duerme muy poco.<\/strong> Cualquier d\u00eda que vaya a la f\u00e1brica, cualquiera que vaya a cualquier hora, miras, y est\u00e1 en la oficina. A cualquier hora\u2026<strong> te puedo decir las dos de la ma\u00f1ana<\/strong>\u00ab. <a href=\"https:\/\/www.youtube.com\/watch?v=ub7YjgT67XQ\" target=\"_blank\" rel=\"nofollow noopener\">Pedro de la Rosa ilustraba recientemente <\/a>la inmersi\u00f3n absoluta de <strong>Adrian Newey<\/strong> en su primer y trascendental proyecto con <strong>Aston Martin<\/strong>. Aunque nada nuevo bajo el sol\u2026 <\/p>\n<p> Por aqu\u00ed y por all\u00e1 surgen pinceladas de la filosof\u00eda y actitud profesional del ingeniero brit\u00e1nico en Aston Martin. \u00abAhora mismo est\u00e1 muy concentrado. <strong>Siempre est\u00e1 en su habitaci\u00f3n, en su mesa de dibujo,<\/strong> concentrado en obtener resultados\u00bb, <a href=\"https:\/\/www.astonmartinf1.com\/en-GB\/news\/feature\/fernando-alonso-on-why-aston-martin-aramco-has-all-the-pieces-it-needs-to-win\" target=\"_blank\" rel=\"nofollow noopener\">explicaba Fernando Alonso<\/a><strong> <\/strong>en una reciente entrevista del propio equipo. Su biograf\u00eda C\u00f3mo hacer un coche de carreras sirve como plantilla personal para entender esa <strong>actitud de inmersi\u00f3n total<\/strong> que siempre le ha distinguido, aunque ahora con una motivaci\u00f3n diferente <strong>por las singulares circunstancias <\/strong>del proyecto con Aston. <\/p>\n<p> Aunque seg\u00fan la historia de sus diferentes proyectos, el futuro monoplaza de 2026 podr\u00eda no resultar un ganador inmediato, aunque s\u00ed m\u00e1s adelante. Qui\u00e9n sabe, porque ya ha sucedido en varias ocasiones. <strong>Factor que quiz\u00e1s inspire los recientes planteamientos <\/strong>hechos p\u00fablicos por Alonso para su retirada. Pero este ser\u00e1 motivo para un pr\u00f3ximo art\u00edculo. <\/p>\n<blockquote class=\"twitter-tweet\">\n<p lang=\"en\" dir=\"ltr\">BREAKING: Adrian Newey to join Aston Martin from 2025! \ud83d\udea8 <a href=\"https:\/\/t.co\/qOv32JHXpE\" rel=\"nofollow\">pic.twitter.com\/qOv32JHXpE<\/a><\/p>\n<p>\u2014 Sky Sports F1 (@SkySportsF1) <a href=\"https:\/\/twitter.com\/SkySportsF1\/status\/1833447284895322215?ref_src=twsrc%5Etfw\" rel=\"nofollow noopener\" target=\"_blank\">September 10, 2024<\/a><\/p><\/blockquote>\n<p>            \u00abEn mi pensamiento, noche y d\u00eda\u00bb           <\/p>\n<p> \u00abPara m\u00ed, las carreras han sido completamente absorbentes. <strong>Ha habido \u00e9pocas en que han ocupado mi pensamiento d\u00eda y noche.<\/strong> Frank Williams coment\u00f3 una vez que soy la persona m\u00e1s competitiva que conoc\u00eda\u00bb, explica Newey en su libro. Para que lo dijera el m\u00edtico Williams\u2026 <\/p>\n<p> \u00abTal vez la actitud desde\u00f1osa de los maestros de la escuela y la lucha para llegar a la universidad me inculcaron la determinaci\u00f3n de demostrar que pod\u00eda tener \u00e9xito. Poned esa determinaci\u00f3n en la arena deportiva,<strong> y se convierte en competitividad\u00bb, <\/strong>explica en su biograf\u00eda acerca de las experiencias que cuajaron sus enfoques personales y profesionales. <\/p>\n<p> <strong>Una competitividad canalizada a trav\u00e9s de una mente ultra focalizada, <\/strong>seguro que vital para<a href=\"https:\/\/www.elconfidencial.com\/deportes\/formula-1\/2025-05-24\/newey-alonso-aston-martin-gp-monaco_4136081\/\" target=\"_self\" rel=\"nofollow noopener\"> esa visi\u00f3n hol\u00edstica que le distingue<\/a> al concebir un monoplaza. Una carencia personal est\u00e1 en parte de sus ra\u00edces intelectuales y psicol\u00f3gicas. \u00abNunca llegu\u00e9 a dominar las matem\u00e1ticas (hoy sigue siendo mi tal\u00f3n de Aquiles) pero pude <strong>superar el problema memorizando <\/strong>las derivaciones al estilo loro. Me inculc\u00f3 la determinaci\u00f3n de que cuando las cosas se ponen dif\u00edciles hay que esforzarse hasta encontrar el camino\u00bb. <\/p>\n<p>               Newey fue art\u00edfice de los \u00e9xitos de Red Bull, McLaren y Williams. La motivaci\u00f3n con Aston ser\u00e1 distinta, pero no menos intensa. (AFP7)             <\/p>\n<p> \u00bfComo imaginar a alguien memorizando sin comprender complejas f\u00f3rmulas? \u00ab<strong>Tambi\u00e9n me form\u00f3 la capacidad de concentrarme y estudiar<\/strong> lo que, sin duda, me ha ayudado en mi carrera<strong>, aunque, debo admitirlo, no en el aspecto social. <\/strong>Particularmente los fines de semana, suelo experimentar la sensaci\u00f3n de estar en un t\u00fanel, sin ver a la izquierda ni a la derecha, solo lo que est\u00e1 justo frente a m\u00ed\u00bb. Solo hay que verle en boxes o la parrilla. Id\u00e9ntico proceso <strong>del que son testigos en Aston Martin,<\/strong> como De la Rosa y <strong>Andy Cowell <\/strong>tambi\u00e9n resaltan. <\/p>\n<p>                \u00abAbsorto en lugar de ego\u00edsta\u00bb           <\/p>\n<p> La inmersi\u00f3n total en su trabajo le cost\u00f3 dos matrimonios, y va por un tercero. \u00abEs cierto que puedes sumergirte tanto en lo que intentas lograr <strong>que corres el riesgo de caer en la perspectiva \u00abt\u00fanel\u00bb,<\/strong> volverte irreflexivo y dejar de tener en cuenta las peque\u00f1as cosas que hacen que las personas de tu vida sean felices o la vida familiar sea m\u00e1s fluida\u00bb. <\/p>\n<p> En su biograf\u00eda,<strong> Newey recuerda el diagn\u00f3stico de su segunda esposa. \u00ab<\/strong>Me dijo que yo era la persona m\u00e1s ego\u00edsta que conoc\u00eda. Dos matrimonios fallidos, incluido el matrimonio con ella, <strong>me sugieren que quiz\u00e1s puede tener raz\u00f3n<\/strong>\u00ab. Cuando Aston Martin le daba la bienvenida en las redes sociales tras la oficializaci\u00f3n de su fichaje, su tercera esposa, Amanda, <a href=\"https:\/\/www.elconfidencial.com\/deportes\/formula-1\/2025-05-02\/formula-1-miami-mclaren-verstappen-1hms_4120668\/\" target=\"_self\" rel=\"nofollow noopener\">ya ten\u00eda esa realidad totalmente asumida.<\/a> \u00ab\u00a1Estoy deseando verte de nuevo, mi querido marido! <strong>Nos pondremos al d\u00eda dentro de cinco a\u00f1os\u00bb. <\/strong>Su marido ya ha desaparecido en su despacho y los tableros. <\/p>\n<blockquote class=\"twitter-tweet\">\n<p lang=\"en\" dir=\"ltr\">The Adrian Newey x Aston Martin era officially begins today \ud83e\udde0<\/p>\n<p>His reported salary will see him earn \u00a33,424 every hour \ud83d\udcb0 <a href=\"https:\/\/t.co\/HtqRuny5Rw\" rel=\"nofollow\">pic.twitter.com\/HtqRuny5Rw<\/a><\/p>\n<p>\u2014 Autosport (@autosport) <a href=\"https:\/\/twitter.com\/autosport\/status\/1896479637808849327?ref_src=twsrc%5Etfw\" rel=\"nofollow noopener\" target=\"_blank\">March 3, 2025<\/a><\/p><\/blockquote>\n<p> Newey reconoce su dificultad para desconectar. \u00abMandy y yo fuimos a las Maldivas para pasar unas vacaciones en agosto de 2014, y mientras estaba sentado en la playa, se me ocurri\u00f3 mi lista, empec\u00e9 a trabajar en algunos bocetos e ideas <strong>(del Aston Martin Valkyrie)\u00bb.<\/strong> Ni en vacaciones. <\/p>\n<p> En su libro, el ingeniero contestaba a su segunda esposa, pero modificando el marco.<strong> \u00abPrefiero pensar en m\u00ed mismo como absorto en lugar de ego\u00edsta<\/strong>. Despu\u00e9s de todo, no estoy pensando en m\u00ed mismo, sino en un producto\u00bb. Ahora, ese producto es el futuro AMR26, bajo el reglamento m\u00e1s complejo de la historia de la F\u00f3rmula 1, en palabras del propio Newey. <strong>Hoy, la definici\u00f3n de \u00ababsorto\u00bb ser\u00eda un eufemismo.<\/strong> <\/p>\n<blockquote class=\"twitter-tweet\">\n<p lang=\"en\" dir=\"ltr\">Adrian Newey won&#8217;t be looking at Aston Martin&#8217;s current problems \ud83e\udde0 <a href=\"https:\/\/t.co\/feJV6UKLIq\" rel=\"nofollow\">pic.twitter.com\/feJV6UKLIq<\/a><\/p>\n<p>\u2014 Autosport (@autosport) <a href=\"https:\/\/twitter.com\/autosport\/status\/1912878985765126197?ref_src=twsrc%5Etfw\" rel=\"nofollow noopener\" target=\"_blank\">April 17, 2025<\/a><\/p><\/blockquote>\n<p> <strong>\u00abSoy m\u00e1s feliz cuando se trata de trabajar sobre un gran cambio de normativa\u00bb,<\/strong> proclama Newey en su libro, algo de sobra conocido porque le permite explorar y explotar su creatividad. Ultra competitivo para marcar diferencias, con motivaci\u00f3n sideral para aplicar su foco<a href=\"https:\/\/www.elconfidencial.com\/deportes\/formula-1\/2025-03-04\/adrian-newey-fernando-alonso-aston-martin_4077548\/\" target=\"_self\" rel=\"nofollow noopener\"> sumergido en su mundo de ideas,<\/a> Newey debe ser hoy totalmente feliz. De aqu\u00ed que no salga de su despacho. <\/p>\n<p> Nuevo proyecto de extremada complejidad t\u00e9cnica, para una organizaci\u00f3n que ha depositado en \u00e9l sus mayores esperanzas, con salario astron\u00f3mico y de la que tambi\u00e9n es accionista&#8230; <strong>Siendo Adrian Newey, normal que no duerma, o duerma lo justo y viva en su propia dimensi\u00f3n mental<\/strong>. La otra cuesti\u00f3n. \u00bfGanar\u00e1 su primer monoplaza de Aston Martin en 2026 a tenor de lo vivido en el pasado? Continuar\u00e1. <\/p>\n<p> \u00abEst\u00e1 trabajando, no 24 horas al d\u00eda, porque duerme. <strong>Pero duerme muy poco.<\/strong> Cualquier d\u00eda que vaya a la f\u00e1brica, cualquiera que vaya a cualquier hora, miras, y est\u00e1 en la oficina. A cualquier hora\u2026<strong> te puedo decir las dos de la ma\u00f1ana<\/strong>\u00ab. <a href=\"https:\/\/www.youtube.com\/watch?v=ub7YjgT67XQ\" target=\"_blank\" rel=\"nofollow noopener\">Pedro de la Rosa ilustraba recientemente <\/a>la inmersi\u00f3n absoluta de <strong>Adrian Newey<\/strong> en su primer y trascendental proyecto con <strong>Aston Martin<\/strong>. Aunque nada nuevo bajo el sol\u2026 <\/p>\n<p>              <script async src=\"https:\/\/platform.twitter.com\/widgets.js\" charset=\"utf-8\"><\/script><\/p>\n","protected":false},"excerpt":{"rendered":"\u00abEst\u00e1 trabajando, no 24 horas al d\u00eda, porque duerme. Pero duerme muy poco. Cualquier d\u00eda que vaya a&hellip;\n","protected":false},"author":2,"featured_media":139200,"comment_status":"","ping_status":"","sticky":false,"template":"","format":"standard","meta":{"footnotes":""},"categories":[270],"tags":[168,25,24,306,271,272,23,167],"class_list":{"0":"post-139199","1":"post","2":"type-post","3":"status-publish","4":"format-standard","5":"has-post-thumbnail","7":"category-formula-1","8":"tag-deportes","9":"tag-es","10":"tag-espana","11":"tag-f1","12":"tag-formula-1","13":"tag-formula1","14":"tag-spain","15":"tag-sports"},"share_on_mastodon":{"url":"","error":""},"_links":{"self":[{"href":"https:\/\/www.europesays.com\/es\/wp-json\/wp\/v2\/posts\/139199","targetHints":{"allow":["GET"]}}],"collection":[{"href":"https:\/\/www.europesays.com\/es\/wp-json\/wp\/v2\/posts"}],"about":[{"href":"https:\/\/www.europesays.com\/es\/wp-json\/wp\/v2\/types\/post"}],"author":[{"embeddable":true,"href":"https:\/\/www.europesays.com\/es\/wp-json\/wp\/v2\/users\/2"}],"replies":[{"embeddable":true,"href":"https:\/\/www.europesays.com\/es\/wp-json\/wp\/v2\/comments?post=139199"}],"version-history":[{"count":0,"href":"https:\/\/www.europesays.com\/es\/wp-json\/wp\/v2\/posts\/139199\/revisions"}],"wp:featuredmedia":[{"embeddable":true,"href":"https:\/\/www.europesays.com\/es\/wp-json\/wp\/v2\/media\/139200"}],"wp:attachment":[{"href":"https:\/\/www.europesays.com\/es\/wp-json\/wp\/v2\/media?parent=139199"}],"wp:term":[{"taxonomy":"category","embeddable":true,"href":"https:\/\/www.europesays.com\/es\/wp-json\/wp\/v2\/categories?post=139199"},{"taxonomy":"post_tag","embeddable":true,"href":"https:\/\/www.europesays.com\/es\/wp-json\/wp\/v2\/tags?post=139199"}],"curies":[{"name":"wp","href":"https:\/\/api.w.org\/{rel}","templated":true}]}}