{"id":139207,"date":"2025-09-26T03:22:09","date_gmt":"2025-09-26T03:22:09","guid":{"rendered":"https:\/\/www.europesays.com\/es\/139207\/"},"modified":"2025-09-26T03:22:09","modified_gmt":"2025-09-26T03:22:09","slug":"museo-casa-kahlo-la-casa-roja-el-refugio-intimo-de-frida-kahlo-abre-sus-puertas-como-museo","status":"publish","type":"post","link":"https:\/\/www.europesays.com\/es\/139207\/","title":{"rendered":"Museo Casa Kahlo: La Casa Roja, el refugio \u00edntimo de Frida Kahlo, abre sus puertas como museo"},"content":{"rendered":"<p class=\"\">El arte de <a href=\"https:\/\/elpais.com\/mexico\/2024-05-11\/frida-kahlo-narra-su-vida-he-tenido-grandes-alabanzas-de-kandinsky-picasso-y-de-otros-grandes-cacas-del-surrealismo.html\" target=\"_self\" rel=\"nofollow noopener\" title=\"https:\/\/elpais.com\/mexico\/2024-05-11\/frida-kahlo-narra-su-vida-he-tenido-grandes-alabanzas-de-kandinsky-picasso-y-de-otros-grandes-cacas-del-surrealismo.html\">Frida Kahlo<\/a> ha recorrido el mundo: sus cuadros cuelgan en museos de renombre, sus obras se han subastado por cifras millonarias y su rostro se ha convertido en uno de los s\u00edmbolos universales de la identidad mexicana. Pero es en <a href=\"http:\/\/elpais.com\/elviajero\/2025-08-16\/un-dia-en-coyoacan-mas-alla-de-la-casa-azul-de-frida-kahlo.html\" target=\"_self\" rel=\"nofollow noopener\" title=\"http:\/\/elpais.com\/elviajero\/2025-08-16\/un-dia-en-coyoacan-mas-alla-de-la-casa-azul-de-frida-kahlo.html\">Coyoac\u00e1n<\/a>, el barrio al sur de Ciudad de M\u00e9xico donde naci\u00f3 y creci\u00f3, que late su faceta m\u00e1s \u00edntima y familiar. All\u00ed se acaba de inaugurar el Museo Casa Kahlo, un espacio cultural que revela los primeros estallidos de creatividad de la artista.<\/p>\n<p class=\"\">La propiedad ubicada en Aguayo 54, a unas cuadras de la emblem\u00e1tica Casa Azul, fue el hogar de los padres de Frida, donde \u2014seg\u00fan recuerda la familia\u2014 la artista sol\u00eda refugiarse cuando discut\u00eda con <a href=\"https:\/\/elpais.com\/mexico\/2021-05-10\/diego-rivera-de-coleccionista-de-arte-prehispanico-a-arquitecto-de-una-ciudad-utopica.html\" target=\"_self\" rel=\"nofollow noopener\" title=\"https:\/\/elpais.com\/mexico\/2021-05-10\/diego-rivera-de-coleccionista-de-arte-prehispanico-a-arquitecto-de-una-ciudad-utopica.html\">Diego Rivera<\/a> o simplemente buscaba la compa\u00f1\u00eda de los suyos. M\u00e1s tarde, pas\u00f3 a manos de su hermana menor, Cristina, y hasta hace dos a\u00f1os fue habitada por Mara Romeo Kahlo, sobrina nieta de la pintora, quien la don\u00f3 y autoriz\u00f3 las modificaciones necesarias para convertirla en un homenaje vivo al legado cultural de la familia. \u201cEsta casa es roja porque <a href=\"https:\/\/elpais.com\/mexico\/2022-05-08\/la-casa-roja-el-corazon-de-la-familia-kahlo.html\" target=\"_self\" rel=\"nofollow noopener\" title=\"https:\/\/elpais.com\/mexico\/2022-05-08\/la-casa-roja-el-corazon-de-la-familia-kahlo.html\">es el coraz\u00f3n de la familia Kahlo.<\/a> Aqu\u00ed van a encontrar no a la Frida Kahlo que dejamos en el otro museo, sino a la Frida de carne y hueso, a la que lloraba, a la que re\u00eda, a la que compart\u00eda secretos con las hermanas y estas paredes les van a ir contando algunos\u201d, dijo en un encuentro con los medios. <\/p>\n<p><img decoding=\"auto\" class=\"_re lazyload a_m-h\" height=\"277\"  width=\"414\"  src=\"https:\/\/www.europesays.com\/es\/wp-content\/uploads\/2025\/09\/5XCEUULECRCQZPU3XHVG3PLRRU.jpeg\" loading=\"lazy\"\/>El Museo Casa Kahlo abrir\u00e1 sus puertas al p\u00fablico a partir del 27 de septiembre.QUETZALLI NICTE-HA<\/p>\n<p class=\"\">El Museo Casa Kahlo alberga los primeros destellos del despertar art\u00edstico de Frida Kahlo, entre ellos, el bordado de una casita que realiz\u00f3 a los cinco a\u00f1os. En sus salas, tambi\u00e9n se exhiben dibujos de paisajes lejanos que copiaba de postales, as\u00ed como los primeros trabajos que elabor\u00f3 bajo la gu\u00eda de Fernando Fern\u00e1ndez Dom\u00ednguez, poco antes <a href=\"https:\/\/elpais.com\/mexico\/2023-07-06\/frida-kahlo-el-accidente-su-inspiracion-y-el-legado-al-mundo-del-arte.html\" target=\"_self\" rel=\"nofollow noopener\" title=\"https:\/\/elpais.com\/mexico\/2023-07-06\/frida-kahlo-el-accidente-su-inspiracion-y-el-legado-al-mundo-del-arte.html\">del brutal accidente que marcar\u00eda su vida<\/a>. La colecci\u00f3n incluye adem\u00e1s sus utensilios de pintura y algunos exvotos, cuyas pinceladas ya anticipaban la singularidad de su visi\u00f3n art\u00edstica.<\/p>\n<p class=\"\">El recorrido tambi\u00e9n invita a los visitantes a asomarse a los espacios donde Frida comparti\u00f3 momentos con sus seres queridos, como la cocina, que resguarda su \u00fanico mural conocido. En contraste, el s\u00f3tano funcion\u00f3 como un refugio privado para la artista. Entre las salas tambi\u00e9n destacan objetos cotidianos como fotos, ropa, joyas, juguetes, perfumes, vasos y adornos, que permiten acercarse a la intimidad de su vida. A ellos se suman cartas que revelan la profunda cercan\u00eda entre Frida y su hermana Cristina, quien fue su principal cuidadora durante las dolorosas intervenciones quir\u00fargicas a las que se tuvo que someter. <\/p>\n<p class=\"\">\u201cEse amor de Cristina, de Isolda y de todos quienes de ellas descienden y que guardaron por Guillermo, Matilde, Frida y cuidaron el tesoro que hoy se presenta aqu\u00ed. Amorosamente esta generaci\u00f3n de las Kahlo desenterr\u00f3 ese tesoro, lo catalog\u00f3 y le dio forma en el ahora archivo Isolda P. Kahlo\u201d, explic\u00f3 el director del recinto, Ad\u00e1n Garc\u00eda Fajardo, quien anteriormente fue director acad\u00e9mico del Museo Memoria y Tolerancia.<\/p>\n<p class=\"\">El Museo Casa Kahlo abrir\u00e1 sus puertas al p\u00fablico a partir del 27 de septiembre, en un horario de 9.00 a 19.00 horas, de mi\u00e9rcoles a lunes. Las entradas se pueden adquirir <a href=\"https:\/\/museocasakahlo.org\/\" target=\"_blank\" rel=\"nofollow noopener\" title=\"https:\/\/museocasakahlo.org\/\">en el portal del recinto<\/a>.<\/p>\n","protected":false},"excerpt":{"rendered":"El arte de Frida Kahlo ha recorrido el mundo: sus cuadros cuelgan en museos de renombre, sus obras&hellip;\n","protected":false},"author":2,"featured_media":139208,"comment_status":"","ping_status":"","sticky":false,"template":"","format":"standard","meta":{"footnotes":""},"categories":[173],"tags":[889,229,233,231,230,27959,209,232,234,146,147,25,24,33621,1804,1906,3873,23],"class_list":{"0":"post-139207","1":"post","2":"type-post","3":"status-publish","4":"format-standard","5":"has-post-thumbnail","7":"category-arte-y-diseno","8":"tag-america","9":"tag-arte","10":"tag-arte-y-diseno","11":"tag-arts","12":"tag-arts-and-design","13":"tag-ciudad-de-mexico","14":"tag-cultura","15":"tag-design","16":"tag-diseno","17":"tag-entertainment","18":"tag-entretenimiento","19":"tag-es","20":"tag-espana","21":"tag-frida-kahlo","22":"tag-latinoamerica","23":"tag-mexico","24":"tag-museos","25":"tag-spain"},"share_on_mastodon":{"url":"","error":""},"_links":{"self":[{"href":"https:\/\/www.europesays.com\/es\/wp-json\/wp\/v2\/posts\/139207","targetHints":{"allow":["GET"]}}],"collection":[{"href":"https:\/\/www.europesays.com\/es\/wp-json\/wp\/v2\/posts"}],"about":[{"href":"https:\/\/www.europesays.com\/es\/wp-json\/wp\/v2\/types\/post"}],"author":[{"embeddable":true,"href":"https:\/\/www.europesays.com\/es\/wp-json\/wp\/v2\/users\/2"}],"replies":[{"embeddable":true,"href":"https:\/\/www.europesays.com\/es\/wp-json\/wp\/v2\/comments?post=139207"}],"version-history":[{"count":0,"href":"https:\/\/www.europesays.com\/es\/wp-json\/wp\/v2\/posts\/139207\/revisions"}],"wp:featuredmedia":[{"embeddable":true,"href":"https:\/\/www.europesays.com\/es\/wp-json\/wp\/v2\/media\/139208"}],"wp:attachment":[{"href":"https:\/\/www.europesays.com\/es\/wp-json\/wp\/v2\/media?parent=139207"}],"wp:term":[{"taxonomy":"category","embeddable":true,"href":"https:\/\/www.europesays.com\/es\/wp-json\/wp\/v2\/categories?post=139207"},{"taxonomy":"post_tag","embeddable":true,"href":"https:\/\/www.europesays.com\/es\/wp-json\/wp\/v2\/tags?post=139207"}],"curies":[{"name":"wp","href":"https:\/\/api.w.org\/{rel}","templated":true}]}}