{"id":139225,"date":"2025-09-26T03:33:08","date_gmt":"2025-09-26T03:33:08","guid":{"rendered":"https:\/\/www.europesays.com\/es\/139225\/"},"modified":"2025-09-26T03:33:08","modified_gmt":"2025-09-26T03:33:08","slug":"espinosa-ficha-a-ex-del-pp-de-vox-y-proximos-a-ayuso-para-atenea","status":"publish","type":"post","link":"https:\/\/www.europesays.com\/es\/139225\/","title":{"rendered":"Espinosa ficha a ex del PP, de Vox y pr\u00f3ximos a Ayuso para Atenea"},"content":{"rendered":"<p>Tal y como avanz\u00f3 <strong>Iv\u00e1n Espinosa de los Monteros<\/strong>, su centro de pensamiento, Atenea, estar\u00e1 integrado por figuras que han pasado por el PP, por Ciudadanos, por Vox y tambi\u00e9n figuras de la sociedad civil. A horas de que el exdirigente del partido de <strong>Santiago Abascal <\/strong>presente ante el p\u00fablico su fundaci\u00f3n, en el Colegio de Ingenieros Industriales de Madrid, El Independiente ha confirmado algunos de los integrantes que estar\u00e1n dentro de la entidad m\u00e1s all\u00e1 de <strong>Ricardo Garrudo<\/strong>, exl\u00edder de Vox en Cantabria y que <a href=\"https:\/\/www.elindependiente.com\/espana\/2022\/09\/11\/espinosa-de-los-monteros-el-enlace-con-abascal-que-puede-facilitar-la-vuelta-de-olona-a-vox\/\" target=\"_blank\" rel=\"noreferrer noopener nofollow\">como adelant\u00f3 este peri\u00f3dico ejercer\u00e1 de vicepresidente<\/a>.<\/p>\n<p>Es \u00edntimo de Espinosa y le permite ser enlace con Abascal, con quien tiene buena relaci\u00f3n y con quien puso en marcha DENAES. Por ahora, <strong><a href=\"https:\/\/www.elindependiente.com\/espana\/2025\/09\/25\/abascal-ignora-a-espinosa-de-los-monteros-y-no-acudira-a-la-presentacion-de-su-think-tank-no-tengo-tiempo-para-asistir-a-saraos\/\" target=\"_blank\" rel=\"noreferrer noopener nofollow\">Abascal ignora a Atenea<\/a><\/strong>.<\/p>\n<p><img loading=\"lazy\" decoding=\"async\" width=\"990\" height=\"557\" src=\"data:image\/svg+xml,%3Csvg%20xmlns=\" http:=\"\" alt=\"Espinosa de los Monteros con Ricardo Garrudo, expresidente de Vox Cantabria y el que ser\u00e1 vicepresidente de su 'think tank' Atenea\" class=\"wp-image-4270365\" data-lazy- data-lazy- data-lazy-src=\"https:\/\/www.europesays.com\/es\/wp-content\/uploads\/2025\/09\/ricardo-garrudo-espinosa-1-e1758808410216-990x557.jpg\"\/>Espinosa de los Monteros con Ricardo Garrudo, expresidente de Vox Cantabria y el que ser\u00e1 vicepresidente de su &#8216;think tank&#8217; Atenea<\/p>\n<p>Seg\u00fan ha podido saber El Independiente, junto a Garrudo estar\u00e1 <strong>Jos\u00e9 Ram\u00f3n Bauz\u00e1<\/strong>, el expresidente de Baleares y del PP en las islas, quien despu\u00e9s pas\u00f3 por Ciudadanos como eurodiputado entre 2019 y 2024. Es algo que <a href=\"https:\/\/www.elmundo.es\/espana\/2025\/09\/25\/68d4484e21efa02c098b45be.html\" target=\"_blank\" rel=\"noreferrer noopener nofollow\">ya avanz\u00f3 El Mundo este jueves<\/a> a primera hora. Se suma al proyecto de Espinosa, con el que quiere influir en pol\u00edtica desde la sociedad civil, con ideas, <a href=\"https:\/\/www.elindependiente.com\/opinion\/2025\/05\/15\/espinosa-cayetana-y-nada-de-vox\/\" target=\"_blank\" rel=\"noreferrer noopener nofollow\">el ex &#8216;fontanero&#8217; de Ciudadanos, <strong>Fran Herv\u00edas<\/strong><\/a>. El exsecretario de Organizaci\u00f3n naranja termin\u00f3 su etapa en pol\u00edtica como fichaje estrella del PP de Pablo Casado y su segundo, Teodoro Garc\u00eda Egea. <\/p>\n<p>            <a class=\"articulo-relacionado__media\" href=\"https:\/\/www.elindependiente.com\/espana\/2025\/09\/21\/espinosa-monteros-rivera-satelites-derecha-llamada-filas-feijoo\/\" title=\"Espinosa de los Monteros y Rivera, dos sat\u00e9lites en la derecha que &#039;se postulan&#039; para una llamada a filas de Feij\u00f3o\" rel=\"nofollow noopener\" target=\"_blank\"><\/p>\n<p>                <img loading=\"lazy\" decoding=\"async\" src=\"data:image\/svg+xml,%3Csvg%20xmlns=\" http:=\"\" width=\"390\" height=\"220\" alt=\"Espinosa de los Monteros y Rivera, dos sat\u00e9lites en la derecha que 'se postulan' para una llamada a filas de Feij\u00f3o\" data-lazy-src=\"https:\/\/www.europesays.com\/es\/wp-content\/uploads\/2025\/09\/albert-espinosa-pp-390x220.jpg\"\/><\/p>\n<p>\t\t\t            <\/a><\/p>\n<p>El prop\u00f3sito de contratar a <a href=\"https:\/\/www.elindependiente.com\/espana\/2023\/04\/02\/fran-hervias-el-ex-fontanero-de-ciudadanos-que-impulso-la-opa-hostil-del-pp-a-arrimadas\/\" target=\"_blank\" rel=\"noreferrer noopener nofollow\">Herv\u00edas para integrar el equipo de asesores de G\u00e9nova fue dar la puntilla al partido de <strong>Albert Rivera<\/strong><\/a>, que ya estaba en manos de In\u00e9s Arrimadas y cuyo nicho de votantes, muy peque\u00f1o y que le hab\u00eda dejado con diez esca\u00f1os en el Congreso, imped\u00eda a Casado prosperar electoralmente. Su recorrido fue limitado, dado que salt\u00f3 el esc\u00e1ndalo con <strong>Isabel D\u00edaz Ayuso<\/strong> que termin\u00f3 dinamitando la etapa de Casado como presidente del PP y dio paso al equipo de <strong>Alberto N\u00fa\u00f1ez Feij\u00f3o<\/strong>. A d\u00eda de hoy, Herv\u00edas es responsable de la empresa de asesor\u00eda de comunicaci\u00f3n War Room Consulting. En mayo acudi\u00f3 a la presentaci\u00f3n del libro de Espinosa, Espa\u00f1a tiene soluci\u00f3n. En verano dej\u00f3 pistas sobre su posici\u00f3n en una entrevista en el Diario de Sevilla. \u00abEl aliado natural del PP es Vox y m\u00e1s a\u00fan en emergencia nacional\u00bb, dijo.<\/p>\n<p>Dentro de Atenea estar\u00e1 <strong>Manuel Llamas<\/strong> (Madrid, 1979), periodista de Libertad Digital-esRadio y presidente del Instituto Juan de Mariana, que se dedica al debate sobre el modelo econ\u00f3mico liberal en Espa\u00f1a. Es muy pr\u00f3ximo al PP de Madrid de Isabel D\u00edaz Ayuso y fue jefe de gabinete del exconsejero de Hacienda de la Comunidad de Madrid, <strong>Javier Fern\u00e1ndez-Lasquetty<\/strong>. Llamas otorg\u00f3 el premio Juan de Mariana a la Libertad a Javier Milei, presidente de Argentina, el a\u00f1o pasado. El mismo d\u00eda que la Comunidad le otorg\u00f3 el galard\u00f3n auton\u00f3mico. Llamas es cr\u00edtico de Vox, pero aboga por un entendimiento de fuerzas.<\/p>\n<p>Dentro del organigrama de la plataforma se encuentra la abogada y fundadora del bufete Novalex <strong><a href=\"https:\/\/www.elindependiente.com\/politica\/2020\/03\/06\/guadalupe-sanchez-vox-y-el-ultrafeminismo-se-retroalimentan\/\" target=\"_blank\" rel=\"noreferrer noopener nofollow\">Guadalupe S\u00e1nchez<\/a> <\/strong>(Elche, 1977), quien colabora con columnas en el digital The Objective y mantiene amistad con Espinosa. Su cometido ser\u00e1 el de hacer propuestas para mejorar la seguridad jur\u00eddica y la salud institucional en Espa\u00f1a. Tambi\u00e9n es pr\u00f3xima a Ayuso, dado que lleva <a href=\"https:\/\/www.elindependiente.com\/espana\/2025\/09\/22\/la-jueza-abre-juicio-oral-contra-el-novio-de-ayuso-por-fraude-a-hacienda\/\" target=\"_blank\" rel=\"noreferrer noopener nofollow\">la defensa de su pareja, Alberto Gonz\u00e1lez Amador, por la denuncia por fraude de Hacienda<\/a>. Trascendi\u00f3 el robo de su ordenador a principios de a\u00f1o, con contenido \u00absensible\u00bb sobre la causa de Amador. <\/p>\n<p>S\u00e1nchez tambi\u00e9n tiene un perfil literario. Como escritora ha publicado Cr\u00f3nica de la degradaci\u00f3n democr\u00e1tica espa\u00f1ola (2023) y Populismo punitivo (2020). Ambos libros fueron presentados junto a Ayuso. La abogada ha marcado notables distancias con Vox. Recientemente fue contratada por el Rey Juan Carlos para <a href=\"https:\/\/www.elindependiente.com\/espana\/tribunales\/2025\/04\/01\/el-rey-emerito-anuncia-una-demanda-al-expresidente-cantabro-revilla-y-le-pide-50-000-euros\/\" target=\"_blank\" rel=\"noreferrer noopener nofollow\">denunciar a Miguel \u00c1ngel Revilla<\/a> por llamarle \u00abcorrupto\u00bb en prime time.<\/p>\n<p>Espinosa ficha a su portavoz adjunta en el Congreso<\/p>\n<p>Este medio tambi\u00e9n ha podido conocer que junto a Garrudo, \u00edntimo de Espinosa, el exportavoz de Vox en el Congreso ha atra\u00eddo hasta Atenea a la que fue su portavoz adjunta en el Congreso tras la salida de Macarena Olona, <strong>In\u00e9s Ca\u00f1izares<\/strong>. La abogada toledana no repiti\u00f3 en las listas para las generales de 2023 y fue apartada de la primera l\u00ednea de Vox, pero comparte v\u00ednculo con el exdirigente de Vox y ha sido asidua a las reuniones con exparlamentarios de &#8216;los 52&#8217; de Vox. Actualmente, la relaci\u00f3n con el partido no es muy fluida, pero desempe\u00f1a el cargo de <strong>Vicealcaldesa de Toledo y concejala de Seguridad Ciudadana y Protecci\u00f3n Civil<\/strong>. Ejercer\u00e1 como secretaria tesorera.<\/p>\n<p>Despu\u00e9s de que en febrero abandonase el partido el dirigente de Castilla y Le\u00f3n, Juan Garc\u00eda-Gallardo, <strong>Ca\u00f1izares sali\u00f3 a escena demandando a Vox m\u00e1s \u00abdemocracia interna\u00bb<\/strong>, lo que le cost\u00f3 la persecuci\u00f3n en redes como X de cuentas fake vinculadas al partido y la llev\u00f3 a cerrar su perfil. \u00abEstamos en el partido de la libertad\u00bb, por lo que \u00abante decisiones importantes hay que dar a la filiaci\u00f3n la posibilidad de expresar su sentir y su opini\u00f3n, que los afiliados tengan voz y participaci\u00f3n pol\u00edtica de verdad\u00bb. Igualmente, <strong>Ca\u00f1izares es cr\u00edtica por la deriva ideol\u00f3gica<\/strong> de la c\u00fapula hacia posiciones extremistas.<\/p>\n<p>A estos nombres se a\u00f1aden <strong>Jos\u00e9 Mar\u00eda Garc\u00eda-Valdecasas<\/strong>. Es licenciado en Derecho y ha sido docente en la Universidad de Barcelona y ESADE. Trabaja en el sector de la asesor\u00eda y de la formaci\u00f3n. <strong>Cecilia Espinosa de los Monteros Herrera<\/strong>, arquitecta t\u00e9cnico e ingeniera de edificaci\u00f3n, dedicada a la consultor\u00eda y a la gesti\u00f3n inmobiliaria se integra como vocal. Por \u00faltimo, se puede mencionar a <strong>Eugenio Mart\u00ednez Bravo<\/strong>, quien opt\u00f3 a la presidencia del Real Madrid en el pasado. Es licenciado en econ\u00f3micas y vicepresidente de Comunicaci\u00f3n de la Real Federaci\u00f3n Espa\u00f1ola de Rugby.<\/p>\n<p>Sin presencia de Vox en la inauguraci\u00f3n<\/p>\n<p>Este mismo jueves, en una entrevista en Telecinco, Abascal afirm\u00f3 que no tiene \u00abtiempo para saraos\u00bb cuando se le pregunt\u00f3 si ir\u00eda a la presentaci\u00f3n. Tampoco lo har\u00e1 el vicepresidente de Vox, <strong>Ignacio Garriga<\/strong>, ni el portavoz nacional, <strong>Jos\u00e9 Antonio F\u00faster<\/strong>, o la parlamentaria, <strong>Pepa Mill\u00e1n<\/strong>.<\/p>\n<p>En cambio, este lunes G\u00e9nova confirm\u00f3 la asistencia al menos de <strong>Miguel Tellado<\/strong>, secretario general, y de <strong>Juan Bravo<\/strong>, el vicesecretario de Hacienda. Igualmente se espera que acuda la portavoz adjunta del PP en el Congreso, <strong>Cayetana \u00c1lvarez de Toledo<\/strong>. A falta de confirmaci\u00f3n, tambi\u00e9n se espera la asistencia de Rivera y <strong>Esperanza Aguirre<\/strong>. <a href=\"https:\/\/www.elindependiente.com\/espana\/2025\/09\/22\/el-pp-corteja-a-espinosa-de-los-monteros-nosotros-no-prescindiriamos-de-una-persona-como-el\/\" target=\"_blank\" rel=\"noreferrer noopener nofollow\">El PP &#8216;corteja&#8217; a Espinosa y le deja la puerta abierta<\/a> despu\u00e9s de que trascendiesen varias reuniones como de la que dio cuenta este diario. La vicesecretaria de Pol\u00edtica Sectorial, Alma Ezcurra, en una comparecencia el lunes afirm\u00f3 que a Espinosa \u00abVox se le qued\u00f3 peque\u00f1o\u00bb.<\/p>\n<p>            <a class=\"articulo-relacionado__media\" href=\"https:\/\/www.elindependiente.com\/espana\/2024\/01\/25\/un-alto-cargo-del-pp-tanteo-a-espinosa-de-los-monteros-y-a-ruben-manso-tras-dejar-vox\/\" title=\"Un &quot;alto cargo&quot; del PP tante\u00f3 a Espinosa de los Monteros y a Rub\u00e9n Manso tras dejar Vox\" rel=\"nofollow noopener\" target=\"_blank\"><\/p>\n<p>                <img loading=\"lazy\" decoding=\"async\" src=\"data:image\/svg+xml,%3Csvg%20xmlns=\" http:=\"\" width=\"390\" height=\"220\" alt=\"Un &quot;alto cargo&quot; del PP tante\u00f3 a Espinosa de los Monteros y a Rub\u00e9n Manso tras dejar Vox\" data-lazy-src=\"https:\/\/www.europesays.com\/es\/wp-content\/uploads\/2025\/09\/espinosa-abascal-garriga-390x220.jpg\"\/><\/p>\n<p>\t\t\t            <\/a><\/p>\n","protected":false},"excerpt":{"rendered":"Tal y como avanz\u00f3 Iv\u00e1n Espinosa de los Monteros, su centro de pensamiento, Atenea, estar\u00e1 integrado por figuras&hellip;\n","protected":false},"author":2,"featured_media":139226,"comment_status":"","ping_status":"","sticky":false,"template":"","format":"standard","meta":{"footnotes":""},"categories":[8],"tags":[17,18,25,24,13,14,11,43570,19,20,9,10,15,16,6066,23,12,21,22,624],"class_list":{"0":"post-139225","1":"post","2":"type-post","3":"status-publish","4":"format-standard","5":"has-post-thumbnail","7":"category-espana","8":"tag-breaking-news","9":"tag-breakingnews","10":"tag-es","11":"tag-espana","12":"tag-featured-news","13":"tag-featurednews","14":"tag-headlines","15":"tag-ivan-espinosa-de-los-monteros","16":"tag-latest-news","17":"tag-latestnews","18":"tag-news","19":"tag-noticias","20":"tag-noticias-destacadas","21":"tag-noticiasdestacadas","22":"tag-partido-popular-pp","23":"tag-spain","24":"tag-titulares","25":"tag-ultimas-noticias","26":"tag-ultimasnoticias","27":"tag-vox"},"share_on_mastodon":{"url":"","error":""},"_links":{"self":[{"href":"https:\/\/www.europesays.com\/es\/wp-json\/wp\/v2\/posts\/139225","targetHints":{"allow":["GET"]}}],"collection":[{"href":"https:\/\/www.europesays.com\/es\/wp-json\/wp\/v2\/posts"}],"about":[{"href":"https:\/\/www.europesays.com\/es\/wp-json\/wp\/v2\/types\/post"}],"author":[{"embeddable":true,"href":"https:\/\/www.europesays.com\/es\/wp-json\/wp\/v2\/users\/2"}],"replies":[{"embeddable":true,"href":"https:\/\/www.europesays.com\/es\/wp-json\/wp\/v2\/comments?post=139225"}],"version-history":[{"count":0,"href":"https:\/\/www.europesays.com\/es\/wp-json\/wp\/v2\/posts\/139225\/revisions"}],"wp:featuredmedia":[{"embeddable":true,"href":"https:\/\/www.europesays.com\/es\/wp-json\/wp\/v2\/media\/139226"}],"wp:attachment":[{"href":"https:\/\/www.europesays.com\/es\/wp-json\/wp\/v2\/media?parent=139225"}],"wp:term":[{"taxonomy":"category","embeddable":true,"href":"https:\/\/www.europesays.com\/es\/wp-json\/wp\/v2\/categories?post=139225"},{"taxonomy":"post_tag","embeddable":true,"href":"https:\/\/www.europesays.com\/es\/wp-json\/wp\/v2\/tags?post=139225"}],"curies":[{"name":"wp","href":"https:\/\/api.w.org\/{rel}","templated":true}]}}