{"id":139246,"date":"2025-09-26T03:46:10","date_gmt":"2025-09-26T03:46:10","guid":{"rendered":"https:\/\/www.europesays.com\/es\/139246\/"},"modified":"2025-09-26T03:46:10","modified_gmt":"2025-09-26T03:46:10","slug":"asi-lee-mariana-enriquez-asi-escribe-la-maestra-del-terror-babelia","status":"publish","type":"post","link":"https:\/\/www.europesays.com\/es\/139246\/","title":{"rendered":"As\u00ed lee Mariana Enriquez, as\u00ed escribe la maestra del terror | Babelia"},"content":{"rendered":"<p class=\"\">Qu\u00e9 maravilla para quienes leemos a <a href=\"https:\/\/elpais.com\/cultura\/2024-04-03\/mariana-enriquez-el-cuerpo-de-la-mujer-tiene-sus-miedos-muy-particulares.html\" target=\"_self\" rel=\"nofollow noopener\" title=\"https:\/\/elpais.com\/cultura\/2024-04-03\/mariana-enriquez-el-cuerpo-de-la-mujer-tiene-sus-miedos-muy-particulares.html\">Mariana Enriquez<\/a> en Espa\u00f1a que se hayan publicado simult\u00e1neamente su nuevo libro, Archipi\u00e9lago, algo as\u00ed como una memoria de lectora (sus libros favoritos, el modo en que lleg\u00f3 a ellos, los lugares, las resonancias que establecen con la m\u00fasica o el cine, etc\u00e9tera), y el rescate de su segunda novela, <a href=\"https:\/\/www.anagrama-ed.es\/libro\/narrativas-hispanicas\/como-desaparecer-completamente\/9788433946720\/NH_766\" target=\"_self\" rel=\"nofollow noopener\" title=\"https:\/\/www.anagrama-ed.es\/libro\/narrativas-hispanicas\/como-desaparecer-completamente\/9788433946720\/NH_766\">C\u00f3mo desaparecer completamente<\/a>, original de 2004 e in\u00e9dita en Espa\u00f1a. El primero es un libro para quedarse a vivir en \u00e9l, y el segundo, una buena novela, pero el caso es que, al compaginar ambas lecturas, a uno lo va ganando la sensaci\u00f3n de asistir a una lecci\u00f3n magistral (aunque sin tarima, engolamiento, pretensiones ni magisterio, es decir, que en realidad no es una lecci\u00f3n magistral en absoluto, sino una invitaci\u00f3n a la complicidad) y a su demo: \u00bfquiere usted saber c\u00f3mo las observaciones lectoras se transforman en escritura a lo largo de un proceso creativo? Pues en esta combinaci\u00f3n hallar\u00e1 muchas respuestas, y muy valiosas. <\/p>\n<blockquote class=\"a_q\">\n<p>Aborda a contempor\u00e1neos como Bret Easton Ellis a Elaine Vilar Madruga, por citar dos al tunt\u00fan, con un hambre insaciable de lenguajes con que experimentar el hecho de estar viva.<\/p>\n<\/blockquote>\n<p class=\"\">Por supuesto, esto no significa que exista obligaci\u00f3n alguna de leerlos juntos. Es el azar quien los ha unido en las librer\u00edas. En cuanto a <a href=\"https:\/\/www.edicionesampersand.com\/product-page\/archipi%C3%A9lago-mariana-enriquez\" target=\"_self\" rel=\"nofollow noopener\" title=\"https:\/\/www.edicionesampersand.com\/product-page\/archipi%C3%A9lago-mariana-enriquez\">Archipi\u00e9lago<\/a>, se trata de un libro adorable en el que Enriquez alterna cap\u00edtulos m\u00e1s extensos con otros que son un solo p\u00e1rrafo, entre tres y doce l\u00edneas, unos y otros al servicio de la tarea com\u00fan de explicar su relaci\u00f3n con los libros y la conformaci\u00f3n de su gusto literario. La peripecia de Enriquez, eso ya lo sab\u00edamos de antes, ha sido peculiar, con sus fuertes ra\u00edces en lo popular mezcl\u00e1ndose con el acceso a lo que el purismo considera can\u00f3nico y <a href=\"https:\/\/elpais.com\/cultura\/2022-04-02\/mariana-enriquez-el-mundo-se-ha-vuelto-mucho-mas-oscuro.html\" target=\"_self\" rel=\"nofollow noopener\" title=\"https:\/\/elpais.com\/cultura\/2022-04-02\/mariana-enriquez-el-mundo-se-ha-vuelto-mucho-mas-oscuro.html\">el terror como piedra de toque constante<\/a>. Que la autora llegue a los cl\u00e1sicos por el camino inesperado del pop o el rock, por ejemplo, condiciona el modo en que los interpreta y facilita que los lea como algo vivo, no material de estudio, y como documentos venerables, s\u00ed, pero no al modo de un archivista sino acerc\u00e1ndose a Rimbaud con el mismo abanico de emociones que la llevan a Nick Cave. En cuanto a los contempor\u00e1neos, de Bret Easton Ellis a <a href=\"https:\/\/elpais.com\/mexico\/2024-10-10\/elaine-vilar-madruga-escritora-aprendi-a-hacer-literatura-pegada-a-los-fogones-de-mi-abuela.html\" target=\"_self\" rel=\"nofollow noopener\" title=\"https:\/\/elpais.com\/mexico\/2024-10-10\/elaine-vilar-madruga-escritora-aprendi-a-hacer-literatura-pegada-a-los-fogones-de-mi-abuela.html\">Elaine Vilar Madruga<\/a>, por citar dos al tunt\u00fan, los aborda con un hambre insaciable de lenguajes con que experimentar el hecho de estar viva. <\/p>\n<p class=\"\">El asunto, entonces, es que Archipi\u00e9lago est\u00e1 escrito con un entusiasmo que roza lo m\u00e1gico: siendo adulto, en \u00e9l late la adolescencia, y una cosa y la otra est\u00e1n vivas por igual en estas p\u00e1ginas. As\u00ed, Enriquez construye un libro mod\u00e9lico, una preciosidad accesible y profunda, marcada por una transparencia y luminosidad constantes que, parad\u00f3jicamente, se parecen inmensamente a la oscuridad de su narrativa, y recordemos que la autora escribe novelas y relatos que est\u00e1n muy en deuda con esta confesi\u00f3n en Archipi\u00e9lago: \u201cLa Am\u00e9rica Latina que me gusta leer: la que no tiene luz\u201d.<\/p>\n<blockquote class=\"a_q\">\n<p>Enriquez construye un libro mod\u00e9lico, una preciosidad accesible y profunda, marcada por una transparencia y luminosidad constantes que, parad\u00f3jicamente, se parecen inmensamente a la oscuridad de su narrativa<\/p>\n<\/blockquote>\n<p class=\"\">En cuanto a C\u00f3mo desaparecer completamente, es una novela sin presencia de lo sobrenatural, ambientada en un terrible barrio porte\u00f1o y protagonizada por un personaje que viene del abuso en el seno familiar y se dirige no se sabe ad\u00f3nde, a la delincuencia, a la huida, al amor o a la enfermedad. Cruda y seca, en ella resuenan la crisis econ\u00f3mica, un realismo extra\u00f1o, los relatos adolescentes y, desde luego, el imaginario under. A m\u00ed me ha impresionado el retrato de Mat\u00edas, con ese peso del trauma que lo lleva a sentirse desplazado, impotente e insuficiente, cortocircuitado en su relaci\u00f3n con el mundo. Es, insisto, una buena novela, y desesperada. <\/p>\n<p class=\"\">Ocurre que disfrut\u00e9 especialmente prestando atenci\u00f3n a las pistas que Archipi\u00e9lago disemina para entender mejor de d\u00f3nde naci\u00f3 la novela o c\u00f3mo se forj\u00f3. Por ejemplo, hay di\u00e1logos sequ\u00edsimos y desorientados en C\u00f3mo desaparecer completamente que suenan a Menos que cero, pasajes en tren o a pie atravesando la ciudad que son pura psicogeograf\u00eda a lo <a href=\"https:\/\/elpais.com\/cultura\/2015\/05\/22\/actualidad\/1432310664_139657.html\" target=\"_self\" rel=\"nofollow noopener\" title=\"https:\/\/elpais.com\/cultura\/2015\/05\/22\/actualidad\/1432310664_139657.html\">Iain Sinclair<\/a>, y pasajes queer o tomados por el aura del fen\u00f3meno fan que ilustran todo lo que Enriquez explica sobre ambas realidades en su ensayo. Y est\u00e1 tambi\u00e9n, como un pedazo suelto de realidad so\u00f1ada, esa chica leyendo en el autob\u00fas frente a una gasolinera Shell, esa chica que podr\u00eda ser Enriquez llorando ante el final terrible de un libro de Cormac McCarthy, esa chica que provoca el deseo triste de otro lector que se cre\u00eda demasiado herido para desear a nadie, hasta que\u2026 <\/p>\n<p><a href=\"https:\/\/www.edicionesampersand.com\/product-page\/archipi%C3%A9lago-mariana-enriquez\" class=\"_db _pr\" rel=\"nofollow noopener\" target=\"_blank\"><img decoding=\"auto\" class=\"_re lazyload a_m-v\" height=\"718\"  width=\"414\" src=\"https:\/\/www.europesays.com\/es\/wp-content\/uploads\/2025\/09\/2IQMYG6BXNDLVK6K766KBSEAGY.jpg\" loading=\"lazy\"\/><\/a><\/p>\n<p>Mariana Enriquez\u00a0\u00a0<br \/>Ampersand, 2025<br \/>300 p\u00e1ginas. 15 euros<\/p>\n<p><a href=\"https:\/\/www.anagrama-ed.es\/libro\/narrativas-hispanicas\/como-desaparecer-completamente\/9788433946720\/NH_766\" class=\"_db _pr\" rel=\"nofollow noopener\" target=\"_blank\"><img decoding=\"auto\" class=\"_re lazyload a_m-v\" height=\"651\"  width=\"414\" src=\"https:\/\/www.europesays.com\/es\/wp-content\/uploads\/2025\/09\/XFVBPEP3NJDSNIDG6PQNVX4ZKE.jpg\" loading=\"lazy\"\/><\/a><\/p>\n<p>Mariana Enriquez\u00a0\u00a0<br \/>Anagrama, 2025<br \/>200 p\u00e1ginas. 19,90 euros<\/p>\n","protected":false},"excerpt":{"rendered":"Qu\u00e9 maravilla para quienes leemos a Mariana Enriquez en Espa\u00f1a que se hayan publicado simult\u00e1neamente su nuevo libro,&hellip;\n","protected":false},"author":2,"featured_media":139247,"comment_status":"","ping_status":"","sticky":false,"template":"","format":"standard","meta":{"footnotes":""},"categories":[172],"tags":[283,224,4026,209,2053,146,147,25,1598,24,1807,225,6845,38623,4027,1645,23],"class_list":{"0":"post-139246","1":"post","2":"type-post","3":"status-publish","4":"format-standard","5":"has-post-thumbnail","7":"category-libros","8":"tag-argentina","9":"tag-books","10":"tag-critica-literaria","11":"tag-cultura","12":"tag-ensayo","13":"tag-entertainment","14":"tag-entretenimiento","15":"tag-es","16":"tag-escritores","17":"tag-espana","18":"tag-lectura","19":"tag-libros","20":"tag-literatura-hispanoamericana","21":"tag-mariana-enriquez","22":"tag-narrativa","23":"tag-novela","24":"tag-spain"},"share_on_mastodon":{"url":"","error":""},"_links":{"self":[{"href":"https:\/\/www.europesays.com\/es\/wp-json\/wp\/v2\/posts\/139246","targetHints":{"allow":["GET"]}}],"collection":[{"href":"https:\/\/www.europesays.com\/es\/wp-json\/wp\/v2\/posts"}],"about":[{"href":"https:\/\/www.europesays.com\/es\/wp-json\/wp\/v2\/types\/post"}],"author":[{"embeddable":true,"href":"https:\/\/www.europesays.com\/es\/wp-json\/wp\/v2\/users\/2"}],"replies":[{"embeddable":true,"href":"https:\/\/www.europesays.com\/es\/wp-json\/wp\/v2\/comments?post=139246"}],"version-history":[{"count":0,"href":"https:\/\/www.europesays.com\/es\/wp-json\/wp\/v2\/posts\/139246\/revisions"}],"wp:featuredmedia":[{"embeddable":true,"href":"https:\/\/www.europesays.com\/es\/wp-json\/wp\/v2\/media\/139247"}],"wp:attachment":[{"href":"https:\/\/www.europesays.com\/es\/wp-json\/wp\/v2\/media?parent=139246"}],"wp:term":[{"taxonomy":"category","embeddable":true,"href":"https:\/\/www.europesays.com\/es\/wp-json\/wp\/v2\/categories?post=139246"},{"taxonomy":"post_tag","embeddable":true,"href":"https:\/\/www.europesays.com\/es\/wp-json\/wp\/v2\/tags?post=139246"}],"curies":[{"name":"wp","href":"https:\/\/api.w.org\/{rel}","templated":true}]}}