{"id":139248,"date":"2025-09-26T03:47:08","date_gmt":"2025-09-26T03:47:08","guid":{"rendered":"https:\/\/www.europesays.com\/es\/139248\/"},"modified":"2025-09-26T03:47:08","modified_gmt":"2025-09-26T03:47:08","slug":"jorge-javier-obligado-a-intervenir-por-una-lamentable-discusion-en-una-noche-con-otro-expulsado-en-supervivientes-eres-una-sinverguenza","status":"publish","type":"post","link":"https:\/\/www.europesays.com\/es\/139248\/","title":{"rendered":"Jorge Javier, obligado a intervenir por una lamentable discusi\u00f3n en una noche con otro expulsado en &#8216;Supervivientes&#8217;: \u00abEres una sinverg\u00fcenza\u00bb"},"content":{"rendered":"<p><img fetchpriority=\"high\" class=\"v-a-img\" src=\"https:\/\/www.europesays.com\/es\/wp-content\/uploads\/2025\/09\/sv-kGUB-U2303187001710ZoC-1200x840@Las Provincias.jpg\" loading=\"eager\" decoding=\"async\" alt=\"La discusion de Yola Berrocal y Elena Rodr\u00edguez.\"  width=\"1200\" height=\"840\"\/><\/p>\n<p>La discusion de Yola Berrocal y Elena Rodr\u00edguez.          T5        <\/p>\n<p>Yola Berrocal y Elena Rodr\u00edguez protagonizan un desafortunado momento<\/p>\n<p class=\"v-mdl-ath__p v-mdl-ath__p--6\">\nViernes, 26 de septiembre 2025, 00:33<\/p>\n<p>| Actualizado 01:35h.<\/p>\n<p class=\"v-p\">&#8216;Supervivientes viv\u00eda este jueves 25 de septiembre una nueva emisi\u00f3n en la que se iba a producir la expulsi\u00f3n definitiva de Adara, Fani o Jessica. En una edici\u00f3n que en la que <a href=\"https:\/\/www.lasprovincias.es\/culturas\/tv\/supervivientes-all-stars-adelanta-imagenes-ineditas-bronca-20250924001650-nt.html\" title=\"www.lasprovincias.es\" data-voc-vtm-id=\"in-text-traffic\" data-mrf-link=\"www.lasprovincias.es\" rel=\"nofollow noopener\" target=\"_blank\">no deja de haber discusiones<\/a>, Jorge Javier V\u00e1zquez y Laura Madrue\u00f1o conduc\u00edan la cuarta gala del reality.<\/p>\n<p class=\"v-p\">&#8216;El reto de Hydros&#8217; era el juego de localizaci\u00f3n que disputaban por equipos y en el que ten\u00edan que formar una gran torre utilizando una serie de piezas que deber\u00e1n rescatar del mar y desenterrar de la arena. El grupo que antes la construya pod\u00eda elegir el lugar en el que sobrevivir en los pr\u00f3ximos d\u00edas. La prueba era de m\u00e1xima igualdad y solo hab\u00eda 48 segundos de diferencia entre ambos equipos. Finalmente era el equipo Caos quien ganaba con una marca de 8:38 minutos.<\/p>\n<p class=\"v-p\">Posteriormente, era el momento de conocer qui\u00e9n era la primera superviviente que iba a continuar nominada era Fani, que se iba a enfrentar a la expulsi\u00f3n contra Adara, por lo que Jessica lograba salvarse. <\/p>\n<p class=\"v-p\">En la palapa, la tensi\u00f3n ha vuelto estar presente, esta vez entre Miri y Tony Spina. La joven le hab\u00eda dicho que era como una mosca por su pesadez y que estos insectos \u00abcomen mierda\u00bb. El hecho de que le dijera que era una mosca \u00abcome mierda\u00bb no ha gustado nada a su compa\u00f1ero, que le ha recalcado que no iba a permitir que le hablara as\u00ed.<\/p>\n<p class=\"v-p\">Mientras tanto, en plat\u00f3 tambi\u00e9n se produc\u00eda una fuerte discusi\u00f3n entre Yola Berrocal y Elena Rodr\u00edguez, madre de Adara. Jorge Javier ha preguntado qui\u00e9n cre\u00edan que iba a ser la expulsada y la intervenci\u00f3n de Yola ha desatado la guerra: \u00abA m\u00ed me encantar\u00eda que se fuera Drama Queen porque ha demostrado ser siempre una mentirosa. Ya lo demostr\u00f3 con \u00c1lex Guita y Hugo Sierra\u00bb.<\/p>\n<p class=\"v-p\">Elena Rodr\u00edguez no ha dudado en defender a su hija: \u00ab\u00bfSabes qu\u00e9 te pasa Yola? Eres muy sinverg\u00fcenza y no insultes que todos conocemos tu pasado. Todos conocemos vuestro pasado y si aqu\u00ed hay una Drama Queen eres t\u00fa y tu amiga. A m\u00ed hija no la insultes\u00bb.<\/p>\n<p class=\"v-p\">Pero el fuego se ha seguido avivando cuando Berrocal ha mencionado al hijo peque\u00f1o de Adara: \u00abLo que tienes que hacer es ocuparte ahora de a quien tienes que llevar al colegio\u00bb. Y la exconcursante del reality le ha contestado: \u00abMi nieto tiene un padre que se hace cargo de su hijo gracias a Dios, \u00bfte enteras?\u00bb. El error ha obligado a la tertuliana a pedir disculpas: \u00abQuiero pedir perd\u00f3n por haber mencionado a un menor. No deb\u00ed de hacer y me he equivocado. Le pido perd\u00f3n a ella, al programa y a todos los espectadores. Lo siento\u00bb<\/p>\n<p class=\"v-p\">M\u00e1s tarde, Jorge Javier anunciaba qui\u00e9n iba a ser el nuevo expulsado del reality. Adara lograba mantenerse una semana m\u00e1s y por tanto era Fani quien abandona Honduras.<\/p>\n<p>Comenta<\/p>\n<p>Reporta un error<\/p>\n","protected":false},"excerpt":{"rendered":"La discusion de Yola Berrocal y Elena Rodr\u00edguez. T5 Yola Berrocal y Elena Rodr\u00edguez protagonizan un desafortunado momento&hellip;\n","protected":false},"author":2,"featured_media":139249,"comment_status":"","ping_status":"","sticky":false,"template":"","format":"standard","meta":{"footnotes":""},"categories":[171],"tags":[12292,25266,146,147,25,24,9575,5264,2224,417,9721,43625,23,3947,214],"class_list":{"0":"post-139248","1":"post","2":"type-post","3":"status-publish","4":"format-standard","5":"has-post-thumbnail","7":"category-tv","8":"tag-discusion","9":"tag-enorme","10":"tag-entertainment","11":"tag-entretenimiento","12":"tag-es","13":"tag-espana","14":"tag-intervenir","15":"tag-javier","16":"tag-jorge","17":"tag-obligado","18":"tag-plato","19":"tag-sinverguenza","20":"tag-spain","21":"tag-supervivientes","22":"tag-tv"},"share_on_mastodon":{"url":"","error":""},"_links":{"self":[{"href":"https:\/\/www.europesays.com\/es\/wp-json\/wp\/v2\/posts\/139248","targetHints":{"allow":["GET"]}}],"collection":[{"href":"https:\/\/www.europesays.com\/es\/wp-json\/wp\/v2\/posts"}],"about":[{"href":"https:\/\/www.europesays.com\/es\/wp-json\/wp\/v2\/types\/post"}],"author":[{"embeddable":true,"href":"https:\/\/www.europesays.com\/es\/wp-json\/wp\/v2\/users\/2"}],"replies":[{"embeddable":true,"href":"https:\/\/www.europesays.com\/es\/wp-json\/wp\/v2\/comments?post=139248"}],"version-history":[{"count":0,"href":"https:\/\/www.europesays.com\/es\/wp-json\/wp\/v2\/posts\/139248\/revisions"}],"wp:featuredmedia":[{"embeddable":true,"href":"https:\/\/www.europesays.com\/es\/wp-json\/wp\/v2\/media\/139249"}],"wp:attachment":[{"href":"https:\/\/www.europesays.com\/es\/wp-json\/wp\/v2\/media?parent=139248"}],"wp:term":[{"taxonomy":"category","embeddable":true,"href":"https:\/\/www.europesays.com\/es\/wp-json\/wp\/v2\/categories?post=139248"},{"taxonomy":"post_tag","embeddable":true,"href":"https:\/\/www.europesays.com\/es\/wp-json\/wp\/v2\/tags?post=139248"}],"curies":[{"name":"wp","href":"https:\/\/api.w.org\/{rel}","templated":true}]}}