{"id":139261,"date":"2025-09-26T03:56:12","date_gmt":"2025-09-26T03:56:12","guid":{"rendered":"https:\/\/www.europesays.com\/es\/139261\/"},"modified":"2025-09-26T03:56:12","modified_gmt":"2025-09-26T03:56:12","slug":"la-investigacion-policial-contra-el-ratilla-destapa-los-lazos-de-los-ultras-del-futbol-con-el-narcotrafico-noticias-de-madrid","status":"publish","type":"post","link":"https:\/\/www.europesays.com\/es\/139261\/","title":{"rendered":"La investigaci\u00f3n policial contra \u2018El Ratilla\u2019 destapa los lazos de los ultras del f\u00fatbol con el narcotr\u00e1fico | Noticias de Madrid"},"content":{"rendered":"<p class=\"\">Buena parte del mundo ultra en Espa\u00f1a no se mov\u00eda sin el benepl\u00e1cito de El Ratilla, Daniel del Moral Fern\u00e1ndez, de 38 a\u00f1os. Desde su casa de Fuenlabrada ha controlado desde hace a\u00f1os los movimientos y acciones m\u00e1s violentas de las hinchadas neonazis del panorama deportivo espa\u00f1ol, empezando por la suya propia, <a href=\"https:\/\/elpais.com\/deportes\/2024-10-06\/ultras-al-amparo-de-los-clubes.html\" target=\"_self\" rel=\"nofollow noopener\" title=\"https:\/\/elpais.com\/deportes\/2024-10-06\/ultras-al-amparo-de-los-clubes.html\">Suburbios Firm. Se trata de una escisi\u00f3n del Frente Atl\u00e9tico<\/a> que opt\u00f3 hace a\u00f1os por incluir el narcotr\u00e1fico como fuente de financiaci\u00f3n, siguiendo los pasos de <a href=\"https:\/\/elpais.com\/deportes\/2015\/02\/19\/actualidad\/1424371536_885274.html\" target=\"_self\" rel=\"nofollow noopener\" title=\"https:\/\/elpais.com\/deportes\/2015\/02\/19\/actualidad\/1424371536_885274.html\">Antonio Men\u00e9ndez, el Ni\u00f1o Skin, <\/a>quien pas\u00f3 de ser un l\u00edder hincha colchonero a cabecilla de Ultras Sur en el Real Madrid, supuestamente por ese motivo. El Ni\u00f1o Skin, con quien el Ratilla ha mantenido siempre \u201cuna estrecha relaci\u00f3n en los negocios\u201d, seg\u00fan los investigadores policiales que han seguido sus pasos, fue <a href=\"https:\/\/cadenaser.com\/cmadrid\/2023\/02\/28\/detenido-en-madrid-el-nino-skin-un-lider-de-los-ultra-sur-por-trafico-de-drogas-radio-madrid\/\" target=\"_blank\" rel=\"noreferrer nofollow noopener\" title=\"https:\/\/cadenaser.com\/cmadrid\/2023\/02\/28\/detenido-en-madrid-el-nino-skin-un-lider-de-los-ultra-sur-por-trafico-de-drogas-radio-madrid\/\">detenido en febrero de 2023<\/a> por su vinculaci\u00f3n con un contenedor intervenido con media tonelada de coca\u00edna en el puerto de Valencia. <\/p>\n<p class=\"\">Este lunes, agentes de la Comisar\u00eda General de Informaci\u00f3n de la Polic\u00eda Nacional deten\u00edan a El Ratilla, junto a 12 de sus colaboradores m\u00e1s cercanos, cuando se dispon\u00eda a tomar un avi\u00f3n para irse de luna de miel tras celebrar su boda el pasado fin de semana. <\/p>\n<p>M\u00e1s informaci\u00f3n<\/p>\n<p class=\"\">Los 13 arrestados est\u00e1n acusados de pertenencia a organizaci\u00f3n criminal, tr\u00e1fico de drogas, tenencia il\u00edcita de armas y blanqueo de capitales. Tres de ellos, empezando por su cabecilla, El Ratilla, han ingresado ya en prisi\u00f3n. <\/p>\n<p class=\"\">La investigaci\u00f3n, que arranca en Pozuelo de Alarc\u00f3n (Madrid) y que es \u201cun fleco de otra anterior\u201d, seg\u00fan fuentes de la investigaci\u00f3n, ha dejado al aire <a href=\"https:\/\/elpais.com\/deportes\/2014\/12\/07\/actualidad\/1417983012_984826.html\" target=\"_self\" rel=\"nofollow noopener\" title=\"https:\/\/elpais.com\/deportes\/2014\/12\/07\/actualidad\/1417983012_984826.html\">los v\u00ednculos entre las hinchadas ultras de neonazis y el narcotr\u00e1fico<\/a>, as\u00ed como la actual estrategia policial de descubrir y atacar las fuentes de financiaci\u00f3n de estos grupos violentos que viajan por medio mundo para pegarse y dar rienda suelta a su agresividad con la excusa de ser aficionados de un equipo de f\u00fatbol y enfundados en una ideolog\u00eda radical. El juzgado n\u00famero 3 de Pozuelo es quien lleva la investigaci\u00f3n que permanece secreta.<b> <\/b><\/p>\n<p class=\"\">Los agentes realizaron un total de 11 registros domiciliarios simult\u00e1neos en los que intervinieron un arma de fuego, dos chalecos antibalas, dos pistolas t\u00e1ser, numerosas armas blancas, cinco kilos de coca\u00edna, m\u00e1s de 100.000 euros en efectivo, numeroso material de car\u00e1cter supremacista junto con parafernalia del propio grupo y de otros grupos ultras hermanados, seg\u00fan enumera la nota enviada por la Polic\u00eda. Adem\u00e1s, los polic\u00edas localizaron un veh\u00edculo caleteado (con un compartimento oculto) utilizado para el transporte de la droga. <\/p>\n<p class=\"\">La investigaci\u00f3n ha concluido que la principal fuente de financiaci\u00f3n del grupo eran las ganancias obtenidas como resultado de las actividades de narcotr\u00e1fico, que llevaban a cabo en locales de ocio y v\u00eda p\u00fablica principalmente en la zona sur de Madrid. \u201cPese a que Suburbios Firm no es un grupo especialmente numeroso, hablamos de unos 40 miembros, El Ratilla hab\u00eda conseguido con los a\u00f1os ganarse el respeto de otras organizaciones, tanto dentro como fuera de Espa\u00f1a, de ideolog\u00eda ultra y meramente del \u201dnegocio\u201d, explican fuentes de la investigaci\u00f3n, que aseguran que ya hab\u00edan empezado a tener contacto directo con c\u00e1rteles colombianos de la droga. <\/p>\n<p class=\"\">La evoluci\u00f3n de estos grupos y su poder corre en paralelo a sus finanzas. En este caso, aunque evitaban la ostentaci\u00f3n, viv\u00edan de manera muy acomodada, sin que se les conociera oficio ni beneficio y con la mayor parte de su patrimonio a nombre de terceras personas, seg\u00fan las mismas fuentes. La manera de blanquear el dinero procedente de la droga suele ser principalmente \u201ctratar de controlar la noche y sus locales\u201d, donde adem\u00e1s expanden sus contactos. En el caso de El Ratilla y sus secuaces, hab\u00edan conseguido \u201cno tocarla\u201d y dominar todo el mundo nocturno de la zona Sur de Madrid, aparte de haber abierto \u201cdelegaciones\u201d en Pozuelo, Parla, M\u00f3stoles y Coslada. <\/p>\n<p class=\"\">\u201cSus integrantes conformaban un grupo muy cohesionado y jerarquizado en torno a su l\u00edder, incitando al odio y a la violencia extrema contra colectivos antag\u00f3nicos y vulnerables. Este grupo particip\u00f3 activamente en la <a href=\"https:\/\/www.elespanol.com\/espana\/politica\/20210918\/grupos-neonazis-manifiestan-chueca-grito-maricas-barrios\/612939278_0.html?utm_cmp_rs=linksinline\" rel=\"nofollow noopener\" target=\"_blank\">protesta hom\u00f3foba y racista convocada en la plaza de Chueca<\/a> de Madrid en el a\u00f1o 2021\u2033, se\u00f1ala la nota policial.<\/p>\n<p class=\"\">La operaci\u00f3n ha sido liderada por la Comisar\u00eda General de Informaci\u00f3n con el apoyo de la Brigada Local de Polic\u00eda Judicial de Pozuelo y la Brigada Provincial de Informaci\u00f3n de Madrid. Las investigaciones contin\u00faan su curso bajo la direcci\u00f3n del titular del Juzgado de Instrucci\u00f3n n\u00famero 3 de Pozuelo de Alarc\u00f3n.<\/p>\n","protected":false},"excerpt":{"rendered":"Buena parte del mundo ultra en Espa\u00f1a no se mov\u00eda sin el benepl\u00e1cito de El Ratilla, Daniel del&hellip;\n","protected":false},"author":2,"featured_media":139262,"comment_status":"","ping_status":"","sticky":false,"template":"","format":"standard","meta":{"footnotes":""},"categories":[8],"tags":[17,18,1467,15705,25,24,13,14,282,11,19,20,205,7337,29216,9,10,15,16,11739,15079,43627,23,12,21,22,7662,36629],"class_list":{"0":"post-139261","1":"post","2":"type-post","3":"status-publish","4":"format-standard","5":"has-post-thumbnail","7":"category-espana","8":"tag-breaking-news","9":"tag-breakingnews","10":"tag-comunidad-de-madrid","11":"tag-detenciones","12":"tag-es","13":"tag-espana","14":"tag-featured-news","15":"tag-featurednews","16":"tag-futbol","17":"tag-headlines","18":"tag-latest-news","19":"tag-latestnews","20":"tag-madrid","21":"tag-narcotrafico","22":"tag-neonazis","23":"tag-news","24":"tag-noticias","25":"tag-noticias-destacadas","26":"tag-noticiasdestacadas","27":"tag-policia-nacional","28":"tag-prision-preventiva","29":"tag-proceso-judicial","30":"tag-spain","31":"tag-titulares","32":"tag-ultimas-noticias","33":"tag-ultimasnoticias","34":"tag-ultras","35":"tag-violencia-deportiva"},"share_on_mastodon":{"url":"","error":""},"_links":{"self":[{"href":"https:\/\/www.europesays.com\/es\/wp-json\/wp\/v2\/posts\/139261","targetHints":{"allow":["GET"]}}],"collection":[{"href":"https:\/\/www.europesays.com\/es\/wp-json\/wp\/v2\/posts"}],"about":[{"href":"https:\/\/www.europesays.com\/es\/wp-json\/wp\/v2\/types\/post"}],"author":[{"embeddable":true,"href":"https:\/\/www.europesays.com\/es\/wp-json\/wp\/v2\/users\/2"}],"replies":[{"embeddable":true,"href":"https:\/\/www.europesays.com\/es\/wp-json\/wp\/v2\/comments?post=139261"}],"version-history":[{"count":0,"href":"https:\/\/www.europesays.com\/es\/wp-json\/wp\/v2\/posts\/139261\/revisions"}],"wp:featuredmedia":[{"embeddable":true,"href":"https:\/\/www.europesays.com\/es\/wp-json\/wp\/v2\/media\/139262"}],"wp:attachment":[{"href":"https:\/\/www.europesays.com\/es\/wp-json\/wp\/v2\/media?parent=139261"}],"wp:term":[{"taxonomy":"category","embeddable":true,"href":"https:\/\/www.europesays.com\/es\/wp-json\/wp\/v2\/categories?post=139261"},{"taxonomy":"post_tag","embeddable":true,"href":"https:\/\/www.europesays.com\/es\/wp-json\/wp\/v2\/tags?post=139261"}],"curies":[{"name":"wp","href":"https:\/\/api.w.org\/{rel}","templated":true}]}}