{"id":139265,"date":"2025-09-26T03:58:27","date_gmt":"2025-09-26T03:58:27","guid":{"rendered":"https:\/\/www.europesays.com\/es\/139265\/"},"modified":"2025-09-26T03:58:27","modified_gmt":"2025-09-26T03:58:27","slug":"el-encuentro-de-ainhoa-armentia-e-inaki-urdangarin-con-su-hijo-pablo-en-su-ultimo-partido","status":"publish","type":"post","link":"https:\/\/www.europesays.com\/es\/139265\/","title":{"rendered":"El encuentro de Ainhoa Armentia e I\u00f1aki Urdangarin con su hijo, Pablo, en su \u00faltimo partido"},"content":{"rendered":"<p class=\"c-paragraph\">Se cumplen ya tres a\u00f1os desde que se diera a conocer la relaci\u00f3n entre <a href=\"https:\/\/www.20minutos.es\/tags\/personas\/inaki-urdangarin.html\" title=\"I\u00f1aki Urdangarin\" rel=\"nofollow noopener\" target=\"_blank\">I\u00f1aki Urdangarin <\/a>y <a href=\"https:\/\/www.20minutos.es\/tags\/personas\/ainhoa-armentia.html\" title=\"Ainhoa Armentia\" rel=\"nofollow noopener\" target=\"_blank\">Ainhoa Armentia<\/a>. Tras su divorcio con la <a href=\"https:\/\/www.20minutos.es\/tags\/personas\/infanta-cristina.html\" title=\"Infanta Cristina\" rel=\"nofollow noopener\" target=\"_blank\">infanta Cristina<\/a>, el que fuera jugador de balonmano comenz\u00f3 un nuevo amor alejado de la imagen p\u00fablica. Por ello, como cualquier pareja normal, est\u00e1n compartiendo cada vez m\u00e1s momentos con la familia y, recientemente,<b> acudieron al \u00faltimo partido de balonmano de <a href=\"https:\/\/www.20minutos.es\/tags\/personas\/pablo-urdangarin.html\" title=\"Pablo Urdangarin\" rel=\"nofollow noopener\" target=\"_blank\">Pablo<\/a>.<\/b><\/p>\n<p class=\"c-paragraph\">Como as\u00ed desvel\u00f3 en exclusiva la revista <a href=\"https:\/\/www.semana.es\/corazon\/exclusiva-fotos-encuentro-ainhoa-armentia-y-pablo-urdangarin_2804114\" rel=\"nofollow noreferrer noopener\" target=\"_blank\">Semana<\/a>, <b>ambos asistieron al evento deportivo del joven jugador para mostrarle todo su apoyo. <\/b>Un gesto especialmente destacado teniendo en cuenta que se trataba del \u00faltimo partido de la temporada.\u00a0<\/p>\n<p class=\"c-paragraph\">Por ello, ninguno de los dos quiso perderse la oportunidad de apoyar a Pablo. Y es que I\u00f1aki Urdangarin, m\u00e1s que nadie, sabe lo importante que es contar con la presencia de sus seres queridos durante sus partidos, pues <b>\u00e9l mismo fue jugador profesional hasta su retirada en el a\u00f1o 2000.<\/b> Sin embargo, lo m\u00e1s llamativo fue la presencia de su pareja, Ainhoa Armentia, pues apenas hace apariciones p\u00fablicas, y menos con los hijos de la infanta Cristina.<\/p>\n<p class=\"c-paragraph\">De hecho, a pesar de que el anuncio de su relaci\u00f3n supuso un gran revuelo, lo cierto es que ella ha mantenido un perfil bajo. <b>Ni los supuestos rumores sobre crisis o la presi\u00f3n medi\u00e1tica han afectado a su romance<\/b> y prueba de ello son sus viajes o la relaci\u00f3n que tiene con los hijos de su pareja.<\/p>\n<p class=\"c-paragraph\">As\u00ed, los dos espectadores de excepci\u00f3n <b>dejaron Vitoria, donde residen actualmente, para visitar el Palacio de Deportes de Le\u00f3n,<\/b> donde el Fraikin Granollers, el equipo de Pablo desde hace dos temporadas, se enfrent\u00f3 al Abanca Ademar por los \u00faltimos puntos de la liga de balonmano.\u00a0<\/p>\n<p class=\"c-paragraph\">Y es que este partido no solo supon\u00eda el final de la temporada, sino que tambi\u00e9n marcar\u00eda la posici\u00f3n del equipo del joven Urdangarin. As\u00ed, tras una pelea fren\u00e9tica, finalmente <b>el Frainkin se alz\u00f3 con la victoria gracias, en parte, a los cinco goles del hijo de la infanta Cristina. <\/b>Un triunfo con el que el equipo qued\u00f3 en tercera posici\u00f3n, empatando a puntos con el Bar\u00e7a.<\/p>\n","protected":false},"excerpt":{"rendered":"Se cumplen ya tres a\u00f1os desde que se diera a conocer la relaci\u00f3n entre I\u00f1aki Urdangarin y Ainhoa&hellip;\n","protected":false},"author":2,"featured_media":139266,"comment_status":"","ping_status":"","sticky":false,"template":"","format":"standard","meta":{"footnotes":""},"categories":[278],"tags":[43628,30973,376,168,437,25,24,375,6616,23,167,13928],"class_list":{"0":"post-139265","1":"post","2":"type-post","3":"status-publish","4":"format-standard","5":"has-post-thumbnail","7":"category-balonmano","8":"tag-ainoha","9":"tag-armentia","10":"tag-balonmano","11":"tag-deportes","12":"tag-encuentro","13":"tag-es","14":"tag-espana","15":"tag-handball","16":"tag-inaki","17":"tag-spain","18":"tag-sports","19":"tag-urdangarin"},"share_on_mastodon":{"url":"","error":""},"_links":{"self":[{"href":"https:\/\/www.europesays.com\/es\/wp-json\/wp\/v2\/posts\/139265","targetHints":{"allow":["GET"]}}],"collection":[{"href":"https:\/\/www.europesays.com\/es\/wp-json\/wp\/v2\/posts"}],"about":[{"href":"https:\/\/www.europesays.com\/es\/wp-json\/wp\/v2\/types\/post"}],"author":[{"embeddable":true,"href":"https:\/\/www.europesays.com\/es\/wp-json\/wp\/v2\/users\/2"}],"replies":[{"embeddable":true,"href":"https:\/\/www.europesays.com\/es\/wp-json\/wp\/v2\/comments?post=139265"}],"version-history":[{"count":0,"href":"https:\/\/www.europesays.com\/es\/wp-json\/wp\/v2\/posts\/139265\/revisions"}],"wp:featuredmedia":[{"embeddable":true,"href":"https:\/\/www.europesays.com\/es\/wp-json\/wp\/v2\/media\/139266"}],"wp:attachment":[{"href":"https:\/\/www.europesays.com\/es\/wp-json\/wp\/v2\/media?parent=139265"}],"wp:term":[{"taxonomy":"category","embeddable":true,"href":"https:\/\/www.europesays.com\/es\/wp-json\/wp\/v2\/categories?post=139265"},{"taxonomy":"post_tag","embeddable":true,"href":"https:\/\/www.europesays.com\/es\/wp-json\/wp\/v2\/tags?post=139265"}],"curies":[{"name":"wp","href":"https:\/\/api.w.org\/{rel}","templated":true}]}}