{"id":13927,"date":"2025-07-30T12:29:10","date_gmt":"2025-07-30T12:29:10","guid":{"rendered":"https:\/\/www.europesays.com\/es\/13927\/"},"modified":"2025-07-30T12:29:10","modified_gmt":"2025-07-30T12:29:10","slug":"todos-los-detalles-del-funeral-de-ozzy-osbourne-en-birmingham","status":"publish","type":"post","link":"https:\/\/www.europesays.com\/es\/13927\/","title":{"rendered":"todos los detalles del funeral de Ozzy Osbourne en Birmingham"},"content":{"rendered":"<p>Birmingham ya est\u00e1 preparada para despedir a su vecino m\u00e1s ilustre. El \u00faltimo adi\u00f3s de <b>Ozzy Osbourne<\/b>, <a href=\"https:\/\/www.eleconomista.es\/informalia\/famosos\/noticias\/13475570\/07\/25\/muere-el-legendario-cantante-ozzy-osbourne-a-los-76-anos-estaba-con-su-familia-y-rodeado-de-amor.html\" rel=\"nofollow noopener\" target=\"_blank\">fallecido el pasado 22 de julio a los 76 a\u00f1os<\/a>, ser\u00e1 este mi\u00e9rcoles y contar\u00e1, adem\u00e1s de su familia y amigos, con cantantes muy reconocidos que quieren rendir homenaje al legendario pr\u00edncipe de las tinieblas, como <b>Elton John<\/b> o <b>Metallica.<\/b><\/p>\n<p>El acto estar\u00e1 dividido en dos partes. El primero ser\u00e1 un cortejo f\u00fanebre por el centro de la ciudad en el que participar\u00e1n los m\u00fasicos locales Bostin&#8217; Brass, que fusionan m\u00fasica ?jazz, funk, soul y ska. El centro de Birmingham ha sido decorado espec\u00edficamente para el funeral con referencias a Black Sabbath, la banda con la que Ozzy se hizo conocido internacionalmente y con la que se reencontr\u00f3 hace apenas tres semanas para <a href=\"https:\/\/www.eleconomista.es\/informalia\/famosos\/noticias\/13475651\/07\/25\/homenaje-postumo-a-ozzy-osbourne-su-ultimo-concierto-back-to-the-beginning-llega-a-los-cines-en-2026.html\" rel=\"nofollow noopener\" target=\"_blank\">despedirse de los escenarios desde el Villa Park de su ciudad.<\/a><\/p>\n<p>La familia Osbourne seguir\u00e1 el coche f\u00fanebre en sus propios veh\u00edculos y se ha dispuesto un amplio dispositivo de seguridad, pues la previsi\u00f3n es que miles de vecinos y seguidores de todo el mundo acudan al homenaje. El \u00faltimo &#8216;viaje&#8217; de Osbourne, adem\u00e1s, ser\u00e1 retransmitido en directo y se ha puesto a disposici\u00f3n del p\u00fablico un libro de condolencias en el Museo Museo y Galer\u00eda de Arte de Birmingham y en la exposici\u00f3n Ozzy Osbourne Working Class Hero, que fue inaugurada por su viuda, Sharon Osbourne, el mes pasado.<\/p>\n<p>La segunda parte del homenaje ser\u00e1 privada. La familia celebrar\u00e1 una misa en una iglesia en Gerrards a la que acudir\u00e1 tambi\u00e9n el cantante <b>Yungblud<\/b>, que llevar\u00e1 a cabo una lectura, as\u00ed como los miembros de Black Sabbath, el grupo Metallica y tambi\u00e9n Elton John. Osbourne, que ser\u00e1 enterrado en el jard\u00edn de su mansi\u00f3n, comparti\u00f3 sus \u00faltimos deseos antes de morir y su familia est\u00e1 decidida a cumplirlos: \u00abSinceramente, no me importa lo que pongan en mi funeral; pueden poner un popurr\u00ed de Justin Bieber, Susan Boyle y We Are the Diddymen si eso les hace felices, pero quiero asegurarme de que sea una celebraci\u00f3n, no un festival de lamento\u00bb, dijo en The Times. \u00abPueden reproducir el sonido de golpes dentro del ata\u00fad o proyectar un video pidi\u00e9ndole a mi m\u00e9dico una segunda opini\u00f3n sobre mi muerte\u00bb, brome\u00f3.<\/p>\n<p>WhatsApp<a href=\"https:\/\/api.whatsapp.com\/send?text=https:\/\/www.eleconomista.es\/informalia\/famosos\/noticias\/13485186\/07\/25\/con-metallica-y-elton-john-todos-los-detalles-del-funeral-de-ozzy-osbourne-en-birmingham.html?utm_source%3Dwhatsapp%26utm_medium%3Dshare_button&amp;id=1648118629957_whatsapp\" target=\"_blank\" data-action=\"share\/whatsapp\/share\" aria-label=\"Compartir en Whatsapp\" rel=\"nofollow noopener\"><\/a>Facebook<a id=\"fb-share\" href=\"#\" target=\"_blank\" rel=\"noopener noreferrer\" aria-label=\"Compartir en Facebook\"><\/a>Twitter<a href=\"https:\/\/twitter.com\/share?text=Con+Metallica+y+Elton+John%3A+todos+los+detalles+del+funeral+de+Ozzy+Osbourne+en+Birmingham&amp;url=https:\/\/www.eleconomista.es\/informalia\/famosos\/noticias\/13485186\/07\/25\/con-metallica-y-elton-john-todos-los-detalles-del-funeral-de-ozzy-osbourne-en-birmingham.html&amp;via=Informalia&amp;id=1648118839245_twitter\" target=\"_blank\" aria-label=\"Compartir en Twitter\" rel=\"nofollow noopener\"><\/a>Linkedin<a onclick=\"return abrirLinkedin();\" href=\"https:\/\/www.linkedin.com\/shareArticle?text=Con+Metallica+y+Elton+John%3A+todos+los+detalles+del+funeral+de+Ozzy+Osbourne+en+Birmingham&amp;url=https:\/\/www.eleconomista.es\/informalia\/famosos\/noticias\/13485186\/07\/25\/con-metallica-y-elton-john-todos-los-detalles-del-funeral-de-ozzy-osbourne-en-birmingham.html&amp;mini=true\" target=\"_blank\" aria-label=\"Compartir en linkedin\" rel=\"nofollow noopener\"><\/a>Beloud<a href=\"https:\/\/beloud.com\/share?text=Con+Metallica+y+Elton+John%3A+todos+los+detalles+del+funeral+de+Ozzy+Osbourne+en+Birmingham&amp;url=https:\/\/www.eleconomista.es\/informalia\/famosos\/noticias\/13485186\/07\/25\/con-metallica-y-elton-john-todos-los-detalles-del-funeral-de-ozzy-osbourne-en-birmingham.html&amp;via=Informalia&amp;id=1648118839245_beloud\" target=\"_blank\" aria-label=\"Compartir en beloud\" rel=\"nofollow noopener\"><\/a>Bluesky<a href=\"https:\/\/bsky.app\/intent\/compose?text=https:\/\/bsky.app\/intent\/compose?text=https:\/\/www.eleconomista.es\/informalia\/famosos\/noticias\/13485186\/07\/25\/con-metallica-y-elton-john-todos-los-detalles-del-funeral-de-ozzy-osbourne-en-birmingham.html&amp;url=https:\/\/www.eleconomista.es\/informalia\/famosos\/noticias\/13485186\/07\/25\/con-metallica-y-elton-john-todos-los-detalles-del-funeral-de-ozzy-osbourne-en-birmingham.html&amp;via=elEconomistaes&amp;id=1648118839245_bluesky\" target=\"_blank\" aria-label=\"Compartir en bluesky\" rel=\"nofollow noopener\"><\/a><\/p>\n<p><script async src=\"https:\/\/platform.twitter.com\/widgets.js\" charset=\"utf-8\"><\/script><\/p>\n","protected":false},"excerpt":{"rendered":"Birmingham ya est\u00e1 preparada para despedir a su vecino m\u00e1s ilustre. El \u00faltimo adi\u00f3s de Ozzy Osbourne, fallecido&hellip;\n","protected":false},"author":2,"featured_media":13928,"comment_status":"","ping_status":"","sticky":false,"template":"","format":"standard","meta":{"footnotes":""},"categories":[170],"tags":[146,147,25,24,260,184,185,23],"class_list":{"0":"post-13927","1":"post","2":"type-post","3":"status-publish","4":"format-standard","5":"has-post-thumbnail","7":"category-musica","8":"tag-entertainment","9":"tag-entretenimiento","10":"tag-es","11":"tag-espana","12":"tag-gente","13":"tag-music","14":"tag-musica","15":"tag-spain"},"share_on_mastodon":{"url":"","error":""},"_links":{"self":[{"href":"https:\/\/www.europesays.com\/es\/wp-json\/wp\/v2\/posts\/13927","targetHints":{"allow":["GET"]}}],"collection":[{"href":"https:\/\/www.europesays.com\/es\/wp-json\/wp\/v2\/posts"}],"about":[{"href":"https:\/\/www.europesays.com\/es\/wp-json\/wp\/v2\/types\/post"}],"author":[{"embeddable":true,"href":"https:\/\/www.europesays.com\/es\/wp-json\/wp\/v2\/users\/2"}],"replies":[{"embeddable":true,"href":"https:\/\/www.europesays.com\/es\/wp-json\/wp\/v2\/comments?post=13927"}],"version-history":[{"count":0,"href":"https:\/\/www.europesays.com\/es\/wp-json\/wp\/v2\/posts\/13927\/revisions"}],"wp:featuredmedia":[{"embeddable":true,"href":"https:\/\/www.europesays.com\/es\/wp-json\/wp\/v2\/media\/13928"}],"wp:attachment":[{"href":"https:\/\/www.europesays.com\/es\/wp-json\/wp\/v2\/media?parent=13927"}],"wp:term":[{"taxonomy":"category","embeddable":true,"href":"https:\/\/www.europesays.com\/es\/wp-json\/wp\/v2\/categories?post=13927"},{"taxonomy":"post_tag","embeddable":true,"href":"https:\/\/www.europesays.com\/es\/wp-json\/wp\/v2\/tags?post=13927"}],"curies":[{"name":"wp","href":"https:\/\/api.w.org\/{rel}","templated":true}]}}