{"id":139273,"date":"2025-09-26T04:05:09","date_gmt":"2025-09-26T04:05:09","guid":{"rendered":"https:\/\/www.europesays.com\/es\/139273\/"},"modified":"2025-09-26T04:05:09","modified_gmt":"2025-09-26T04:05:09","slug":"diaz-exprimio-a-los-hombres-importantes","status":"publish","type":"post","link":"https:\/\/www.europesays.com\/es\/139273\/","title":{"rendered":"D\u00edaz exprimi\u00f3 a los hombres importantes"},"content":{"rendered":"<p><a class=\"v-mdl-ath__fig-a\" href=\"https:\/\/www.ideal.es\/autor\/victor-m-romero-394.html\" title=\"V\u00edctor M. Romero\" rel=\"nofollow noopener\" target=\"_blank\"><br \/>\n<img decoding=\"async\" class=\"v-mdl-ath__img\" src=\"https:\/\/www.europesays.com\/es\/wp-content\/uploads\/2025\/08\/1756261749_793_autor-394-foto-3.jpeg\" alt=\"V\u00edctor M. Romero\"\/><br \/>\n<\/a><\/p>\n<p class=\"v-mdl-ath__p v-mdl-ath__p--6\">\nJueves, 25 de septiembre 2025, 21:51<\/p>\n<p class=\"v-p\">Zach Hankins estuvo disponible y no fue necesario descarteRam\u00f3n D\u00edaz no tuvo que realizar ning\u00fan descarte, a pesar de disponer de los trece jugadores del primer equipo, al tratarse de un amistoso. <\/p>\n<p class=\"v-p\">El entrenador granadino recuper\u00f3 al &#8216;center&#8217; Zach Hankins tras un problema en el tobillo izquierdo sin importancia el s\u00e1bado en el entrenamiento abierto al p\u00fablico. <\/p>\n<p class=\"v-p\">Para el comienzo de la Liga Endesa contra el Joventut en casa hay que considerar que debe haber cuatro seleccionables, aunque Burjanadze y Kljajic lo son, algo que facilitar\u00e1 el descarte. Contra el UCAM Murcia el domingo por la ma\u00f1ana (12.30 horas) en la presentaci\u00f3n oficial dar\u00e1 igual. <\/p>\n<p class=\"v-p\">Ram\u00f3n D\u00edaz pudo contar con todos, aunque los espa\u00f1oles los utiliz\u00f3 bien poco. Ya en el tercer cuarto, apareci\u00f3 Edu Dur\u00e1n, y eso que la diferencia era amplia, por encima de los veinte puntos a favor.<\/p>\n<p>Comenta<\/p>\n<p>Reporta un error<\/p>\n","protected":false},"excerpt":{"rendered":"Jueves, 25 de septiembre 2025, 21:51 Zach Hankins estuvo disponible y no fue necesario descarteRam\u00f3n D\u00edaz no tuvo&hellip;\n","protected":false},"author":2,"featured_media":139274,"comment_status":"","ping_status":"","sticky":false,"template":"","format":"standard","meta":{"footnotes":""},"categories":[269],"tags":[299,298,168,779,25,24,43629,12257,21499,23,167],"class_list":{"0":"post-139273","1":"post","2":"type-post","3":"status-publish","4":"format-standard","5":"has-post-thumbnail","7":"category-baloncesto","8":"tag-baloncesto","9":"tag-basketball","10":"tag-deportes","11":"tag-diaz","12":"tag-es","13":"tag-espana","14":"tag-exprimio","15":"tag-hombres","16":"tag-importantes","17":"tag-spain","18":"tag-sports"},"share_on_mastodon":{"url":"","error":""},"_links":{"self":[{"href":"https:\/\/www.europesays.com\/es\/wp-json\/wp\/v2\/posts\/139273","targetHints":{"allow":["GET"]}}],"collection":[{"href":"https:\/\/www.europesays.com\/es\/wp-json\/wp\/v2\/posts"}],"about":[{"href":"https:\/\/www.europesays.com\/es\/wp-json\/wp\/v2\/types\/post"}],"author":[{"embeddable":true,"href":"https:\/\/www.europesays.com\/es\/wp-json\/wp\/v2\/users\/2"}],"replies":[{"embeddable":true,"href":"https:\/\/www.europesays.com\/es\/wp-json\/wp\/v2\/comments?post=139273"}],"version-history":[{"count":0,"href":"https:\/\/www.europesays.com\/es\/wp-json\/wp\/v2\/posts\/139273\/revisions"}],"wp:featuredmedia":[{"embeddable":true,"href":"https:\/\/www.europesays.com\/es\/wp-json\/wp\/v2\/media\/139274"}],"wp:attachment":[{"href":"https:\/\/www.europesays.com\/es\/wp-json\/wp\/v2\/media?parent=139273"}],"wp:term":[{"taxonomy":"category","embeddable":true,"href":"https:\/\/www.europesays.com\/es\/wp-json\/wp\/v2\/categories?post=139273"},{"taxonomy":"post_tag","embeddable":true,"href":"https:\/\/www.europesays.com\/es\/wp-json\/wp\/v2\/tags?post=139273"}],"curies":[{"name":"wp","href":"https:\/\/api.w.org\/{rel}","templated":true}]}}