{"id":139279,"date":"2025-09-26T04:08:12","date_gmt":"2025-09-26T04:08:12","guid":{"rendered":"https:\/\/www.europesays.com\/es\/139279\/"},"modified":"2025-09-26T04:08:12","modified_gmt":"2025-09-26T04:08:12","slug":"decoracion-arte-pop-y-diseno-eclectico-en-la-casa-estudio-de-una-pareja-creativa-queriamos-un-lugar-que-hablara-nuestro-idioma","status":"publish","type":"post","link":"https:\/\/www.europesays.com\/es\/139279\/","title":{"rendered":"Decoraci\u00f3n arte pop y dise\u00f1o ecl\u00e9ctico en la casa-estudio de una pareja creativa: \u201cQuer\u00edamos un lugar que hablara nuestro idioma\u201d"},"content":{"rendered":"<p><strong>La decoraci\u00f3n arte pop se cuela en la casa-estudio de una pareja creativa, que ha llenado de color y de <a href=\"https:\/\/www.revistaad.es\/tags\/diseno\" isautogenerated=\"true\" rel=\"nofollow noopener\" target=\"_blank\">dise\u00f1o<\/a> ecl\u00e9ctico.<\/strong><\/p>\n<p>En <a href=\"https:\/\/www.revistaad.es\/tags\/milan\" isautogenerated=\"true\" rel=\"nofollow noopener\" target=\"_blank\">Mil\u00e1n<\/a> jam\u00e1s faltan los contrastes. Siempre hay opciones, posibilidades y nunca est\u00e1 quieta. Y entre toda esta amalgama milanesa, <strong>Silvia y Alberto abren las puertas de su casa<\/strong>, o m\u00e1s bien de su estudio. Su casa-estudio, podr\u00edamos decir. Ella es dise\u00f1adora y \u00e9l fot\u00f3grafo, y ambos han convertido su pasi\u00f3n en <strong>una aventura creativa que lleva el nombre de Specchi Studio<\/strong>. \u201cNos dedicamos a dar forma a visiones, identidades y espacios que cuentan algo aut\u00e9ntico\u201d, dicen. \u201cDise\u00f1amos interiores, nos encargamos de la direcci\u00f3n art\u00edstica, creamos decorados y hacemos fotograf\u00edas. El contenido habla de un lenguaje coherente y reconocible\u201d. Para ellos, \u201ccada proyecto es una oportunidad para construir una imagen bella, fuerte y distintiva. Fiel a nosotros\u201d.<\/p>\n<p><img decoding=\"async\" alt=\"puerta de entrada pasillo blanco taburete amarillo y sof azul.\" loading=\"lazy\" class=\"ResponsiveImageContainer-eNxvmU cfBbTk responsive-image__image\"   src=\"https:\/\/www.europesays.com\/es\/wp-content\/uploads\/2025\/09\/_MG_0472-HDR-Modifica.jpg\"\/><\/p>\n<p>La entrada al loft es un diafragma blanco, que conduce directamente al sal\u00f3n, luminoso y con decoraci\u00f3n arte pop. Se han cuidado todos los detalles, incluido el felpudo.<\/p>\n<p>\u00a9 Specchi Studio<img decoding=\"async\" alt=\"hombre de pie y mujer morena sentada en un sof azul.\" loading=\"lazy\" class=\"ResponsiveImageContainer-eNxvmU cfBbTk responsive-image__image\"   src=\"https:\/\/www.europesays.com\/es\/wp-content\/uploads\/2025\/09\/SPECCHI_STUDIO_by_ElisaHassert_58.jpg\"\/><\/p>\n<p>Silvia es directora de arte, interiorista y escen\u00f3grafa; Alberto es director de arte, fot\u00f3grafo y realizador de v\u00eddeo.<\/p>\n<p>\u00a9 Elisa Hassert<strong>Diversi\u00f3n, color y dise\u00f1o en una oda a la decoraci\u00f3n arte pop<\/strong><\/p>\n<p>\u201cNos llamamos Specchi Studio (&#8216;Estudio de <a href=\"https:\/\/www.revistaad.es\/tags\/espejos\" isautogenerated=\"true\" rel=\"nofollow noopener\" target=\"_blank\">espejos<\/a>&#8216;) porque nuestra funci\u00f3n es reflejar, \u00bfno? Eso es exactamente lo que queremos hacer con nuestro trabajo. Cada proyecto para nosotros es un reflejo de la persona que nos elige\u201d, y eso es m\u00e1s o menos lo que hicieron al <strong>satisfacer las necesidades del m\u00e1s dif\u00edcil de los clientes: ellos mismos<\/strong>. \u201cPara nuestro laboratorio, quer\u00edamos un espacio que fuera aut\u00e9nticamente nuestro, que hablara nuestro idioma\u201d. Dicho y hecho.<\/p>\n<p>El resultado fue un <strong>piso fresco, ecl\u00e9ctico e irreverente<\/strong>. Absolutamente creativo. Silvia cuenta que \u201cimagin\u00e1bamos una casa-estudio habitable y funcional, en la que convivieran nuestros gustos y nuestra forma de trabajar. Hab\u00eda que combinar la vida cotidiana con el trabajo, mezclando est\u00e9tica y funcionalidad, \u201dcaptando enseguida el potencial del lugar y traduci\u00e9ndolo en un ambiente que no solo fuera pr\u00e1ctico y vers\u00e1til, sino que se caracterizara por nuestro inconfundible estilo funky: formas suaves, <a href=\"https:\/\/www.revistaad.es\/tags\/colores\" isautogenerated=\"true\" rel=\"nofollow noopener\" target=\"_blank\">colores<\/a> atrevidos e iron\u00eda\u00bb.<\/p>\n<p><img decoding=\"async\" alt=\"sala con cristalera sof azul taburete amarillo mesa de madera alargada.\" loading=\"lazy\" class=\"ResponsiveImageContainer-eNxvmU cfBbTk responsive-image__image\"   src=\"https:\/\/www.europesays.com\/es\/wp-content\/uploads\/2025\/09\/_MG_0101-HDR-Modifica.jpg\"\/><\/p>\n<p>\u00bfNueva York? No, Mil\u00e1n. Este loft ecl\u00e9ctico es una aut\u00e9ntica joya underground, mezclada con una est\u00e9tica funky. El sof\u00e1 azul de Hay forma el eje del sal\u00f3n, mientras que la mesa, realizada en colaboraci\u00f3n con Casa Fabbro, act\u00faa como elemento envolvente. Alrededor, una constelaci\u00f3n de colores, incluidos los jarrones de la dise\u00f1adora Alice Crepaldi.<\/p>\n<p>\u00a9 Specchi Studio<strong>Un espacio de estilo industrial para algo m\u00e1s que una vivienda<\/strong><\/p>\n<p>El piso elegido es un loft, pensado como si fuese subterr\u00e1neo, <strong>inspirado en las viviendas de tipo <a href=\"https:\/\/www.revistaad.es\/tags\/industrial\" isautogenerated=\"true\" rel=\"nofollow noopener\" target=\"_blank\">industrial<\/a> de <a href=\"https:\/\/www.revistaad.es\/tags\/nueva-york\" isautogenerated=\"true\" rel=\"nofollow noopener\" target=\"_blank\">Nueva York<\/a> y <a href=\"https:\/\/www.revistaad.es\/tags\/londres\" isautogenerated=\"true\" rel=\"nofollow noopener\" target=\"_blank\">Londres<\/a><\/strong>. Parece que, al mirar por las ventanas, vas a ver estas ciudades. Todo alrededor es blanco, absoluto, luminoso y neutro. Una caja blanca que parece el lienzo de un artista, que nunca cambia de forma sino de contenido. Silvia y Alberto destacan que \u201cpara hacer realidad esta visi\u00f3n con nosotros estuvo Casa Fabbro, una empresa de la zona de Biella que respetamos profundamente por su artesan\u00eda y el cuidado con el que trabaja. Dio forma concreta a nuestras <a href=\"https:\/\/www.revistaad.es\/tags\/ideas\" isautogenerated=\"true\" rel=\"nofollow noopener\" target=\"_blank\">ideas<\/a>, creando muebles a medida y proporcionando elementos que cuentan la historia del di\u00e1logo entre est\u00e9tica y funci\u00f3n\u201d, a\u00f1aden.<\/p>\n<p>Y a\u00fan hay m\u00e1s: \u201cPara Casa Fabbro se trata de su primer trabajo f\u00edsico en una ciudad como Mil\u00e1n. Es un punto de exposici\u00f3n estrat\u00e9gico, que les permitir\u00e1 entrar en contacto con una nueva comunidad, af\u00edn a nuestro mundo\u201d. <strong>La vivienda tambi\u00e9n acoger\u00e1 eventos<\/strong>: \u201cEl espacio ser\u00e1 sobre todo un lugar de encuentro, desde donde se podr\u00e1n organizar talleres, presentaciones y nuevos proyectos\u201d.<\/p>\n<p><img decoding=\"async\" alt=\"Divano lampada sedia sgabello libreria\" loading=\"lazy\" class=\"ResponsiveImageContainer-eNxvmU cfBbTk responsive-image__image\"   src=\"https:\/\/www.europesays.com\/es\/wp-content\/uploads\/2025\/09\/_MG_0056-HDR-Modifica.jpg\"\/><\/p>\n<p>El sof\u00e1 Mag Sofa de Hay domina el espacio central del loft, con un perfecto estilo industrial. Al fondo, de nuevo en tonos azules, la silla Nym 2845 de Pedrali junto a la mesa a medida de Casa Fabbro. El taburete, el modelo Arki ARKW 6\/2, tambi\u00e9n es de Pedrali.<\/p>\n<p>\u00a9 Specchi Studio<img decoding=\"async\" alt=\"Divano coffee table tappeto vasi\" loading=\"lazy\" class=\"ResponsiveImageContainer-eNxvmU cfBbTk responsive-image__image\"   src=\"https:\/\/www.europesays.com\/es\/wp-content\/uploads\/2025\/09\/_MG_0156-HDR-Modifica.jpg\"\/><\/p>\n<p>El sof\u00e1 es una isla de color y pop que destaca sobre la extensi\u00f3n de resina blanca que envuelve toda la casa. Cada rinc\u00f3n se ha dise\u00f1ado cuidadosamente, sin dejar nada al azar, con flexibilidad y transparencia. En el centro, la alfombra Lucid de Jaipur Rugs.<\/p>\n<p>\u00a9 Specchi Studio<strong>Combinaciones de colores inusuales<\/strong><\/p>\n<p>Formas exc\u00e9ntricas, colores pop y elementos ins\u00f3litos dan forma al interior de este moderno loft en Mil\u00e1n. \u201cEl laboratorio tambi\u00e9n ser\u00e1 un espacio de exposici\u00f3n, con muebles a la venta y mercadillos de fin de semana abiertos al p\u00fablico, donde las distribuciones cambiar\u00e1n de vez en cuando para dejar espacio a nuevas combinaciones y nuevas propuestas\u201d, dice la creativa pareja. Hoy la casa se presenta como <strong>una composici\u00f3n ecl\u00e9ctica con el <a href=\"https:\/\/www.revistaad.es\/tags\/salon\" isautogenerated=\"true\" rel=\"nofollow noopener\" target=\"_blank\">sal\u00f3n<\/a> como eje creativo del proyecto<\/strong>. En el centro, la mesa Clino, realizada por Casa Fabbro seg\u00fan un dise\u00f1o de Silvia y Alberto para la ocasi\u00f3n, y a su alrededor un conjunto de muebles de colores yuxtapuestos con estilo, como las <a href=\"https:\/\/www.revistaad.es\/tags\/sillas\" isautogenerated=\"true\" rel=\"nofollow noopener\" target=\"_blank\">sillas<\/a>, todas diferentes, el sof\u00e1 Mag de Hay, y la preciosa alfombra de Jaipur Rugs.<\/p>\n","protected":false},"excerpt":{"rendered":"La decoraci\u00f3n arte pop se cuela en la casa-estudio de una pareja creativa, que ha llenado de color&hellip;\n","protected":false},"author":2,"featured_media":139280,"comment_status":"","ping_status":"","sticky":false,"template":"","format":"standard","meta":{"footnotes":""},"categories":[173],"tags":[229,233,231,230,1530,232,234,146,147,25,24,628,23],"class_list":{"0":"post-139279","1":"post","2":"type-post","3":"status-publish","4":"format-standard","5":"has-post-thumbnail","7":"category-arte-y-diseno","8":"tag-arte","9":"tag-arte-y-diseno","10":"tag-arts","11":"tag-arts-and-design","12":"tag-casas-ad","13":"tag-design","14":"tag-diseno","15":"tag-entertainment","16":"tag-entretenimiento","17":"tag-es","18":"tag-espana","19":"tag-italia","20":"tag-spain"},"share_on_mastodon":{"url":"","error":""},"_links":{"self":[{"href":"https:\/\/www.europesays.com\/es\/wp-json\/wp\/v2\/posts\/139279","targetHints":{"allow":["GET"]}}],"collection":[{"href":"https:\/\/www.europesays.com\/es\/wp-json\/wp\/v2\/posts"}],"about":[{"href":"https:\/\/www.europesays.com\/es\/wp-json\/wp\/v2\/types\/post"}],"author":[{"embeddable":true,"href":"https:\/\/www.europesays.com\/es\/wp-json\/wp\/v2\/users\/2"}],"replies":[{"embeddable":true,"href":"https:\/\/www.europesays.com\/es\/wp-json\/wp\/v2\/comments?post=139279"}],"version-history":[{"count":0,"href":"https:\/\/www.europesays.com\/es\/wp-json\/wp\/v2\/posts\/139279\/revisions"}],"wp:featuredmedia":[{"embeddable":true,"href":"https:\/\/www.europesays.com\/es\/wp-json\/wp\/v2\/media\/139280"}],"wp:attachment":[{"href":"https:\/\/www.europesays.com\/es\/wp-json\/wp\/v2\/media?parent=139279"}],"wp:term":[{"taxonomy":"category","embeddable":true,"href":"https:\/\/www.europesays.com\/es\/wp-json\/wp\/v2\/categories?post=139279"},{"taxonomy":"post_tag","embeddable":true,"href":"https:\/\/www.europesays.com\/es\/wp-json\/wp\/v2\/tags?post=139279"}],"curies":[{"name":"wp","href":"https:\/\/api.w.org\/{rel}","templated":true}]}}