{"id":139281,"date":"2025-09-26T04:09:17","date_gmt":"2025-09-26T04:09:17","guid":{"rendered":"https:\/\/www.europesays.com\/es\/139281\/"},"modified":"2025-09-26T04:09:17","modified_gmt":"2025-09-26T04:09:17","slug":"jaume-clotet-presenta-en-lleida-su-nuevo-thriller-historico","status":"publish","type":"post","link":"https:\/\/www.europesays.com\/es\/139281\/","title":{"rendered":"Jaume Clotet presenta en Lleida su nuevo thriller hist\u00f3rico"},"content":{"rendered":"<p class=\"paragraph\">El escritor y periodista barcelon\u00e9s Jaume Clotet (1974) present\u00f3 ayer en la librer\u00eda Caselles de Lleida La calavera de l\u2019ap\u00f2stol (Columna, en castellano en Destino), una novela repleta de enigmas religiosos, intrigas ocultas y revelaciones impactantes con la que el autor sigue la estela de La germandat de l\u2019\u00e0ngel caigut, que public\u00f3 a principios del a\u00f1o pasado. En el acto de presentaci\u00f3n, Clotet estuvo acompa\u00f1ado por la directora de SEGRE, Anna S\u00e0ez.<\/p>\n<p class=\"paragraph\">Clotet explic\u00f3 c\u00f3mo aquella historia protagonizada por el monje benedictino de Montserrat Bernat Balaguer y la subinspectora de los Mossos Berta Bosch se ha convertido en una trilog\u00eda, que el autor culminar\u00e1 el a\u00f1o que viene, a las puertas de Sant Jordi, con la publicaci\u00f3n del tercer libro de la serie, L\u2019espasa del rei. En esta segunda novela, el autor mantiene dos hilos narrativos: completa la historia iniciada en la primera obra con Satan\u00e1s capturado en Montserrat, mientras que abre una segunda trama sobre una conspiraci\u00f3n en el seno de la Iglesia cat\u00f3lica. Eso s\u00ed, Clotet asegura que La calavera de l\u2019ap\u00f2stol \u201cpuede leerse sin conocer el primer t\u00edtulo\u201d.<\/p>\n","protected":false},"excerpt":{"rendered":"El escritor y periodista barcelon\u00e9s Jaume Clotet (1974) present\u00f3 ayer en la librer\u00eda Caselles de Lleida La calavera&hellip;\n","protected":false},"author":2,"featured_media":139282,"comment_status":"","ping_status":"","sticky":false,"template":"","format":"standard","meta":{"footnotes":""},"categories":[172],"tags":[224,146,147,25,24,225,23],"class_list":{"0":"post-139281","1":"post","2":"type-post","3":"status-publish","4":"format-standard","5":"has-post-thumbnail","7":"category-libros","8":"tag-books","9":"tag-entertainment","10":"tag-entretenimiento","11":"tag-es","12":"tag-espana","13":"tag-libros","14":"tag-spain"},"share_on_mastodon":{"url":"","error":""},"_links":{"self":[{"href":"https:\/\/www.europesays.com\/es\/wp-json\/wp\/v2\/posts\/139281","targetHints":{"allow":["GET"]}}],"collection":[{"href":"https:\/\/www.europesays.com\/es\/wp-json\/wp\/v2\/posts"}],"about":[{"href":"https:\/\/www.europesays.com\/es\/wp-json\/wp\/v2\/types\/post"}],"author":[{"embeddable":true,"href":"https:\/\/www.europesays.com\/es\/wp-json\/wp\/v2\/users\/2"}],"replies":[{"embeddable":true,"href":"https:\/\/www.europesays.com\/es\/wp-json\/wp\/v2\/comments?post=139281"}],"version-history":[{"count":0,"href":"https:\/\/www.europesays.com\/es\/wp-json\/wp\/v2\/posts\/139281\/revisions"}],"wp:featuredmedia":[{"embeddable":true,"href":"https:\/\/www.europesays.com\/es\/wp-json\/wp\/v2\/media\/139282"}],"wp:attachment":[{"href":"https:\/\/www.europesays.com\/es\/wp-json\/wp\/v2\/media?parent=139281"}],"wp:term":[{"taxonomy":"category","embeddable":true,"href":"https:\/\/www.europesays.com\/es\/wp-json\/wp\/v2\/categories?post=139281"},{"taxonomy":"post_tag","embeddable":true,"href":"https:\/\/www.europesays.com\/es\/wp-json\/wp\/v2\/tags?post=139281"}],"curies":[{"name":"wp","href":"https:\/\/api.w.org\/{rel}","templated":true}]}}