{"id":139283,"date":"2025-09-26T04:10:10","date_gmt":"2025-09-26T04:10:10","guid":{"rendered":"https:\/\/www.europesays.com\/es\/139283\/"},"modified":"2025-09-26T04:10:10","modified_gmt":"2025-09-26T04:10:10","slug":"jorge-javier-vazquez-frena-en-seco-a-yola-berrocal-tras-su-ataque-a-elena-rodriguez","status":"publish","type":"post","link":"https:\/\/www.europesays.com\/es\/139283\/","title":{"rendered":"Jorge Javier V\u00e1zquez frena en seco a Yola Berrocal tras su ataque a Elena Rodr\u00edguez"},"content":{"rendered":"<p data-journey-content=\"true\" data-node-id=\"3\" class=\"css-6wxqfj emevuu60\">La tensi\u00f3n de <a href=\"https:\/\/diezminutos.es\/supervivientes-television\" target=\"_blank\" data-node-id=\"3.1\" class=\"css-177bzfx emevuu60\" rel=\"nofollow noopener\">Supervivientes All Stars<\/a> de esta gala 4 no ha estado en Honduras, sino en Espa\u00f1a. Mientras que en la isla se viv\u00edan momentos emotivos como la despedida de Adara Molinero y Fani Carvajo, en el plat\u00f3 el ambiente no era del todo tranquilo. Precisamente, la <a href=\"https:\/\/www.diezminutos.es\/teleprograma\/programas-tv\/a68023681\/elena-rodriguez-supervivientes-reaccion-abandono-adara\/\" target=\"_blank\" data-vars-ga-outbound-link=\"https:\/\/www.diezminutos.es\/teleprograma\/programas-tv\/a68023681\/elena-rodriguez-supervivientes-reaccion-abandono-adara\/\" data-vars-ga-ux-element=\"Hyperlink\" data-vars-ga-call-to-action=\"madre de Adara, Elena Rodr\u00edguez,\" data-node-id=\"3.3\" class=\"body-link css-177bzfx emevuu60\" rel=\"nofollow noopener\">madre de Adara, Elena Rodr\u00edguez,<\/a> sufr\u00eda un duro enfrentamiento con<a href=\"https:\/\/www.diezminutos.es\/famosos-corazon\/famosos-espanoles\/a30065872\/adara-hugo-sierra-perdon-gh-vip7\/\" target=\"_blank\" data-vars-ga-outbound-link=\"https:\/\/www.diezminutos.es\/famosos-corazon\/famosos-espanoles\/a30065872\/adara-hugo-sierra-perdon-gh-vip7\/\" data-vars-ga-ux-element=\"Hyperlink\" data-vars-ga-call-to-action=\" Yola Berrocal, amiga de Hugo Sierra\" data-node-id=\"3.5\" class=\"body-link css-177bzfx emevuu60\" rel=\"nofollow noopener\"> Yola Berrocal, amiga de Hugo Sierra<\/a> que <strong data-node-id=\"3.7\">tiene todav\u00eda muy presente la infidelidad de Adara a su amigo<\/strong>, por lo que la relaci\u00f3n con la concursante no es del todo buena. Y tampoco con su madre.<\/p>\n<p data-journey-content=\"true\" data-node-id=\"6\" class=\"css-6wxqfj emevuu60\">De hecho, una cr\u00edtica a Adara era lo que encend\u00eda la chispa entre ambas. Jorge Javier preguntaba qui\u00e9n quer\u00eda que se fuera esta semana, a lo que Yola lo ten\u00eda muy claro. <strong data-node-id=\"6.1\">\u00abQuiero que se vaya Drama Queen porque ha demostrado ser una mentirosa<\/strong>. <a href=\"https:\/\/www.diezminutos.es\/teleprograma\/programas-tv\/a66475983\/alex-ghita-denuncia-adara-molinero-supervivientes-all-stars\/\" target=\"_blank\" data-vars-ga-outbound-link=\"https:\/\/www.diezminutos.es\/teleprograma\/programas-tv\/a66475983\/alex-ghita-denuncia-adara-molinero-supervivientes-all-stars\/\" data-vars-ga-ux-element=\"Hyperlink\" data-vars-ga-call-to-action=\"Ya lo demostr\u00f3 con Alex Ghitta\" data-node-id=\"6.3\" class=\"body-link css-177bzfx emevuu60\" rel=\"nofollow noopener\">Ya lo demostr\u00f3 con Alex Ghitta<\/a> y Hugo Sierra\u00bb, en referencia a Adara. Unas palabras que, como era evidente, no gustaban a Elena que saltaba enseguida. \u00abEres una sinverg\u00fcenza. No insultes\u00bb, respond\u00eda. <\/p>\n<p><img draggable=\"true\" alt=\"supervivientes all stars marta pe\u00f1ate yola berrocal montoya\" title=\"supervivientes all stars marta pe\u00f1ate yola berrocal montoya\" loading=\"lazy\" width=\"2524\" height=\"1419\" decoding=\"async\" data-nimg=\"1\" style=\"color:transparent;width:100%;height:auto;\"   src=\"https:\/\/www.europesays.com\/es\/wp-content\/uploads\/2025\/09\/montoya-javier-supervivientes-68d5b41c7c976.jpg\" class=\"css-0 e1g79fud0\"\/><\/p>\n<p>Telecinco<\/p>\n<p data-journey-content=\"true\" data-node-id=\"9\" class=\"css-6wxqfj emevuu60\">A gritos, Yola continuaba mientras que Elena le criticaba que hablara del pasado de su hija. <strong data-node-id=\"9.1\">\u00abNo saques el pasado, que todos conocemos vuestro pasado. <\/strong>Si aqu\u00ed hay una &#8216;drama queen&#8217; eres t\u00fa. T\u00fa no la insultes que no la llegas ni a la suela de los zapatos\u00bb, continuaba Elena quien llegaba a llamar a Yola \u00abestrellita estrellada\u00bb. La tensi\u00f3n entre ellas era evidente, e incluso Yola se llegaba a acercar a Elena, quien se manten\u00eda impasible mientras que Jorge Javier la cog\u00eda del brazo para llevarla a su sof\u00e1.  <\/p>\n<p data-journey-content=\"true\" data-node-id=\"13\" class=\"css-6wxqfj emevuu60\">Una discusi\u00f3n que tambi\u00e9n se ve\u00eda en Honduras, puesto que Sonia Monroy y Adara tambi\u00e9n estallaban en la Palapa. Adara le criticaba llam\u00e1ndola mentirosa y fantasiosa, mientras que <strong data-node-id=\"13.1\">Sonia Monroy la respond\u00eda llam\u00e1ndola falsa y cansina<\/strong>: \u00abPor eso te dejan todos tus ex\u00bb, dec\u00eda la actriz. Un comentario que Jorge Javier le critic\u00f3 por falta de sororidad: \u00ab\u00bfCuando ella se rio de lo que me pasa con mi exmarido lo fue?\u00bb.<br data-node-id=\"13.3\"\/><\/p>\n<p>Elena Rodr\u00edguez pide respeto<\/p>\n<p data-journey-content=\"true\" data-node-id=\"16\" class=\"css-6wxqfj emevuu60\">Mientras, en el plat\u00f3, el enfrentamiento de Elena y Yola fue a m\u00e1s y, pese a un momento de tregua, ambas volvieron a enzarzarse cuando Elena alab\u00f3 el respeto con el que la madre de Alejandro Albal\u00e1 contestaba a la cr\u00edtica de Marta Pe\u00f1ate. \u00ab<strong data-node-id=\"16.1\">Eso es respeto, que es como tienes que hablar t\u00fa, que necesitas vestirte de brillos. <\/strong>Ella tiene que hablar con educaci\u00f3n, por muchos brillos y vestidos.. habla con educaci\u00f3n y respeto\u00bb. Mientras, Yola le criticaba a Elena \u00ablos aires de superioridad\u00bb.<\/p>\n<p>Yola Berrocal pide perd\u00f3n<\/p>\n<p data-journey-content=\"true\" data-node-id=\"19\" class=\"css-6wxqfj emevuu60\">Un fuerte enfrentamiento que acababa con Yola Berrocal echando en cara a Elena no estar con su nieto, algo que tanto Jorge Javier V\u00e1zquez como Marta Pe\u00f1ate le afeaban fren\u00e1ndola en seco. <strong data-node-id=\"19.1\">\u00abPido perd\u00f3n a todo el mundo por haber mencionado a un menor. <\/strong>No deber\u00eda haberlo hecho\u00bb, dec\u00eda Yola Berrocal al volver de publicidad. Un gesto con el que se quer\u00eda rebajar la tensi\u00f3n y al que Jorge Javier V\u00e1zquez contribu\u00eda con Malaje, el peluche de la representante, consiguiendo hacer sonre\u00edr a Elena. <\/p>\n<p><img src=\"https:\/\/www.europesays.com\/es\/wp-content\/uploads\/2025\/09\/1758859810_78_323095e3-d675-4360-ad79-c3a735f161a1_1681830139.file\" alt=\"Headshot of Aroa D\u00edaz\" title=\"Headshot of Aroa D\u00edaz\" width=\"100%\" height=\"100%\" decoding=\"async\" loading=\"lazy\" class=\"css-o0wq4v ev8dhu53\"\/><\/p>\n<p>Aroa D\u00edaz es experta en realities, televisi\u00f3n y actualidad en general. No hay momento del d\u00eda en el que no tenga encendida la televisi\u00f3n conociendo los \u00faltimos desvelos de los famosos, disfrutando de los realities como Supervivientes o de los concursos m\u00e1s rocambolescos. Las \u00faltimas novedades de los famosos del coraz\u00f3n son su perdici\u00f3n y la actualidad de las Casas Reales, su gran pasi\u00f3n. \u00a0\u00a0<\/p>\n<p>En sus ratos libres disfruta de las pel\u00edculas y series de moda, y bucea por los cat\u00e1logos de las plataformas de podcast buscando nuevas entrevistas y charlas de famosos.<\/p>\n<p>Adem\u00e1s, no ha parado de formarse en todos los aspectos convirti\u00e9ndose en una periodista 360: locuci\u00f3n, doblaje, grabaci\u00f3n de v\u00eddeo, periodismo m\u00f3vil, producci\u00f3n de podcast y SEO. Actualmente est\u00e1 form\u00e1ndose en el M\u00e1ster universitario de Periodismo y Comunicaci\u00f3n Digital: Datos y Nuevas Narrativas de la UOC.<\/p>\n<p>Graduada en periodismo por la Universidad Rey Juan Carlos, no ha parado de trabajar desde que obtuvo su t\u00edtulo all\u00e1 por el 2013. Despu\u00e9s de un breve impass en Palma de Mallorca, volvi\u00f3 a Legan\u00e9s donde arranc\u00f3 su experiencia con Legan\u00e9s Activo. En este tiempo he pasado por las redacciones de varios medios recayendo finalmente en Hearst Espa\u00f1a (Telenovela, Qu\u00e9 me dices y Diez Minutos). Tambi\u00e9n tiene experiencia en diferentes radios. \u00a0<\/p>\n","protected":false},"excerpt":{"rendered":"La tensi\u00f3n de Supervivientes All Stars de esta gala 4 no ha estado en Honduras, sino en Espa\u00f1a.&hellip;\n","protected":false},"author":2,"featured_media":139284,"comment_status":"","ping_status":"","sticky":false,"template":"","format":"standard","meta":{"footnotes":""},"categories":[171],"tags":[253,146,147,25,24,23,214],"class_list":{"0":"post-139283","1":"post","2":"type-post","3":"status-publish","4":"format-standard","5":"has-post-thumbnail","7":"category-tv","8":"tag-discover","9":"tag-entertainment","10":"tag-entretenimiento","11":"tag-es","12":"tag-espana","13":"tag-spain","14":"tag-tv"},"share_on_mastodon":{"url":"","error":""},"_links":{"self":[{"href":"https:\/\/www.europesays.com\/es\/wp-json\/wp\/v2\/posts\/139283","targetHints":{"allow":["GET"]}}],"collection":[{"href":"https:\/\/www.europesays.com\/es\/wp-json\/wp\/v2\/posts"}],"about":[{"href":"https:\/\/www.europesays.com\/es\/wp-json\/wp\/v2\/types\/post"}],"author":[{"embeddable":true,"href":"https:\/\/www.europesays.com\/es\/wp-json\/wp\/v2\/users\/2"}],"replies":[{"embeddable":true,"href":"https:\/\/www.europesays.com\/es\/wp-json\/wp\/v2\/comments?post=139283"}],"version-history":[{"count":0,"href":"https:\/\/www.europesays.com\/es\/wp-json\/wp\/v2\/posts\/139283\/revisions"}],"wp:featuredmedia":[{"embeddable":true,"href":"https:\/\/www.europesays.com\/es\/wp-json\/wp\/v2\/media\/139284"}],"wp:attachment":[{"href":"https:\/\/www.europesays.com\/es\/wp-json\/wp\/v2\/media?parent=139283"}],"wp:term":[{"taxonomy":"category","embeddable":true,"href":"https:\/\/www.europesays.com\/es\/wp-json\/wp\/v2\/categories?post=139283"},{"taxonomy":"post_tag","embeddable":true,"href":"https:\/\/www.europesays.com\/es\/wp-json\/wp\/v2\/tags?post=139283"}],"curies":[{"name":"wp","href":"https:\/\/api.w.org\/{rel}","templated":true}]}}