{"id":139285,"date":"2025-09-26T04:12:18","date_gmt":"2025-09-26T04:12:18","guid":{"rendered":"https:\/\/www.europesays.com\/es\/139285\/"},"modified":"2025-09-26T04:12:18","modified_gmt":"2025-09-26T04:12:18","slug":"la-voz-de-hind-la-voz-postuma-de-una-nina-palestina","status":"publish","type":"post","link":"https:\/\/www.europesays.com\/es\/139285\/","title":{"rendered":"La voz de Hind, la voz p\u00f3stuma de una ni\u00f1a palestina"},"content":{"rendered":"<p><img decoding=\"async\" class=\"voc-author__img\" src=\"https:\/\/www.europesays.com\/es\/wp-content\/uploads\/2025\/09\/autor-1721-foto-12.jpeg\" alt=\"Oti Rodr\u00edguez Marchante\"\/><\/p>\n<p>23\/09\/2025<br \/>\n<br \/><strong><br \/>\nActualizado 24\/09\/2025 a las 06:54h.<br \/>\n<\/strong><\/p>\n<p class=\"voc-p\" style=\"\">Esta pel\u00edcula, dirigida por la tunecina Kaouther Ben Hania, gan\u00f3 un Le\u00f3n de Plata en el reciente Festival de Venecia y hubo protestas porque no le dieron el de Oro. Y contiene en su interior, siendo francos, el material m\u00e1s preciado que una <a href=\"https:\/\/www.abc.es\/play\/cine\/noticias\/proximo-oscar-mejor-pelicula-internacional-pasea-san-20250923030916-nt.html\" target=\"_self\" data-voc-vtm-id=\"in-text-traffic\" title=\"pel\u00edcula\" rel=\"nofollow noopener\">pel\u00edcula<\/a>  &#8230; puede tener: la voz real de una ni\u00f1a de seis a\u00f1os, viva en el interior de un coche bombardeado, y que pide ayuda durante horas para que alguien vaya a rescatarla. Es una <a href=\"https:\/\/www.abc.es\/play\/cine\/criticas\/alberto-rodriguez-busca-concha-oro-dos-tristes-20250920180709-nt.html\" target=\"_self\" data-voc-vtm-id=\"in-text-traffic\" title=\"historia\" rel=\"nofollow noopener\">historia<\/a> real, como las grabaciones telef\u00f3nicas de la ni\u00f1a usadas por la directora, que es el testimonio tr\u00e1gico de la deshumanizaci\u00f3n de una guerra, probablemente de cualquier guerra.<\/p>\n<p class=\"voc-p\" style=\"\">Ese es el valor cinematogr\u00e1fico de &#8216;La voz de Hind&#8217;, el <a href=\"https:\/\/www.abc.es\/play\/cine\/noticias\/linklater-captura-jeanluc-godard-hollywood-bastante-terrible-20250920015123-nt.html\" target=\"_self\" data-voc-vtm-id=\"in-text-traffic\" title=\"plano\" rel=\"nofollow noopener\">plano<\/a> sonoro y real de la tragedia; el contraplano tiene otros valores, pero no exactamente los cinematogr\u00e1ficos. Visualmente, la pel\u00edcula ocurre de principio a fin en un escenario, en el Centro de la Media Luna Roja Palestina que mantiene contacto telef\u00f3nico con la ni\u00f1a, unos cuantos trabajadores humanitarios se turnan para hablar con ella, tranquilizarla y darle esperanzas de rescate. Es lo que ve el espectador, y es una ficci\u00f3n con un excesivo tono melodram\u00e1tico que no alcanza la inaguantable situaci\u00f3n tr\u00e1gica, que est\u00e1 al otro lado de la l\u00ednea. Lo que se oye es tremendo, lo que se ve est\u00e1 en exceso teatralizado. Y adem\u00e1s, todo el mundo sabe, y supo, c\u00f3mo termin\u00f3 aquella historia, con lo que los niveles de inquietud, de impaciencia, de intriga, se diluyen por el camino.<\/p>\n<p class=\"voc-p\" style=\"\">Es una voz de alarma, un alarido, un lamento sobre la situaci\u00f3n que se ha vivido y se vive en Gaza, y lleva en su interior no solo la ferocidad de las tropas israel\u00eds, sino tambi\u00e9n la inoperancia y la falta de voluntad en los canales burocr\u00e1ticos que deber\u00edan garantizar la humanidad que se le debe al ser humano. La muerte de un inocente, a cualquier lado de la Franja, no se justifica con la muerte de diez culpables.<\/p>\n<p><img loading=\"lazy\" decoding=\"async\" width=\"530\" height=\"64\" class=\"logo-premium\" src=\"data:image\/gif;base64,R0lGODlhAQABAAAAACH5BAEKAAEALAAAAAABAAEAAAICTAEAOw==\" alt=\"ABC Premium\"\/><br \/>\nL\u00edmite de sesiones alcanzadas<\/p>\n<ul class=\"listado\">\n<li>El acceso al contenido Premium est\u00e1 abierto por cortes\u00eda del establecimiento donde te encuentras, pero ahora mismo hay demasiados usuarios conectados a la vez. Por favor, int\u00e9ntalo pasados unos minutos.<\/li>\n<\/ul>\n<p>Volver a intentar<\/p>\n<p><img loading=\"lazy\" decoding=\"async\" width=\"530\" height=\"64\" class=\"logo-premium\" src=\"data:image\/gif;base64,R0lGODlhAQABAAAAACH5BAEKAAEALAAAAAABAAEAAAICTAEAOw==\" alt=\"ABC Premium\"\/><br \/>\nHas superado el l\u00edmite de sesiones<\/p>\n<ul class=\"listado\">\n<li>S\u00f3lo puedes tener tres sesiones iniciadas a la vez. Hemos cerrado la sesi\u00f3n m\u00e1s antigua para que sigas navegando sin l\u00edmites en el resto.<\/li>\n<\/ul>\n<p>Sigue navegando<\/p>\n<p>\nArt\u00edculo solo para suscriptores\n<\/p>\n<p>Reportar un error<\/p>\n","protected":false},"excerpt":{"rendered":"23\/09\/2025 Actualizado 24\/09\/2025 a las 06:54h. Esta pel\u00edcula, dirigida por la tunecina Kaouther Ben Hania, gan\u00f3 un Le\u00f3n&hellip;\n","protected":false},"author":2,"featured_media":139286,"comment_status":"","ping_status":"","sticky":false,"template":"","format":"standard","meta":{"footnotes":""},"categories":[169],"tags":[177,146,147,25,24,176,33647,175,1388,76,42085,23,1447],"class_list":{"0":"post-139285","1":"post","2":"type-post","3":"status-publish","4":"format-standard","5":"has-post-thumbnail","7":"category-cine","8":"tag-cine","9":"tag-entertainment","10":"tag-entretenimiento","11":"tag-es","12":"tag-espana","13":"tag-film","14":"tag-hind","15":"tag-movies","16":"tag-nina","17":"tag-palestina","18":"tag-postuma","19":"tag-spain","20":"tag-voz"},"share_on_mastodon":{"url":"","error":""},"_links":{"self":[{"href":"https:\/\/www.europesays.com\/es\/wp-json\/wp\/v2\/posts\/139285","targetHints":{"allow":["GET"]}}],"collection":[{"href":"https:\/\/www.europesays.com\/es\/wp-json\/wp\/v2\/posts"}],"about":[{"href":"https:\/\/www.europesays.com\/es\/wp-json\/wp\/v2\/types\/post"}],"author":[{"embeddable":true,"href":"https:\/\/www.europesays.com\/es\/wp-json\/wp\/v2\/users\/2"}],"replies":[{"embeddable":true,"href":"https:\/\/www.europesays.com\/es\/wp-json\/wp\/v2\/comments?post=139285"}],"version-history":[{"count":0,"href":"https:\/\/www.europesays.com\/es\/wp-json\/wp\/v2\/posts\/139285\/revisions"}],"wp:featuredmedia":[{"embeddable":true,"href":"https:\/\/www.europesays.com\/es\/wp-json\/wp\/v2\/media\/139286"}],"wp:attachment":[{"href":"https:\/\/www.europesays.com\/es\/wp-json\/wp\/v2\/media?parent=139285"}],"wp:term":[{"taxonomy":"category","embeddable":true,"href":"https:\/\/www.europesays.com\/es\/wp-json\/wp\/v2\/categories?post=139285"},{"taxonomy":"post_tag","embeddable":true,"href":"https:\/\/www.europesays.com\/es\/wp-json\/wp\/v2\/tags?post=139285"}],"curies":[{"name":"wp","href":"https:\/\/api.w.org\/{rel}","templated":true}]}}