{"id":139312,"date":"2025-09-26T04:36:09","date_gmt":"2025-09-26T04:36:09","guid":{"rendered":"https:\/\/www.europesays.com\/es\/139312\/"},"modified":"2025-09-26T04:36:09","modified_gmt":"2025-09-26T04:36:09","slug":"prosa-del-mirar-y-del-vivir","status":"publish","type":"post","link":"https:\/\/www.europesays.com\/es\/139312\/","title":{"rendered":"Prosa del mirar y del vivir"},"content":{"rendered":"<p>Digamos que no existen vidas anodinas. Que cada existencia es tan compleja y amplia que bien podr\u00eda pensarse como un abismo apenas entrevisto por aquel que la habita. La literatura, en especial en su forma novelesca, ha dado buena cuenta de ello. Pensemos en el gris copista de Herman Melville, cuya vida es un enigma; en los dilemas secretos del narrador de Intimidad, de Hanif Kureishi, o en el escritor casi invisible que decide ocupar la ausencia de su amigo en el \u00faltimo texto de La trilog\u00eda de Nueva York. Estos ejemplos, aunque arbitrarios, podr\u00edan servir para respaldar esa premisa inicial y, por qu\u00e9 no, para justificar y saltar a un g\u00e9nero distinto y considerado menor, el de las memorias, esas \u00abprosas del mirar y del vivir\u00bb, al decir de Carlos Real de Az\u00faa, que dan \u00abcuenta del curso de u&#8230;<\/p>\n","protected":false},"excerpt":{"rendered":"Digamos que no existen vidas anodinas. Que cada existencia es tan compleja y amplia que bien podr\u00eda pensarse&hellip;\n","protected":false},"author":2,"featured_media":139313,"comment_status":"","ping_status":"","sticky":false,"template":"","format":"standard","meta":{"footnotes":""},"categories":[172],"tags":[45,224,43632,146,147,25,24,43633,225,43634,43635,23,17186],"class_list":{"0":"post-139312","1":"post","2":"type-post","3":"status-publish","4":"format-standard","5":"has-post-thumbnail","7":"category-libros","8":"tag-45","9":"tag-books","10":"tag-detras-de-las-memoria","11":"tag-entertainment","12":"tag-entretenimiento","13":"tag-es","14":"tag-espana","15":"tag-juan-francisco-costa","16":"tag-libros","17":"tag-linardi-y-risso","18":"tag-sol-de-marzo","19":"tag-spain","20":"tag-suscriptores"},"share_on_mastodon":{"url":"","error":""},"_links":{"self":[{"href":"https:\/\/www.europesays.com\/es\/wp-json\/wp\/v2\/posts\/139312","targetHints":{"allow":["GET"]}}],"collection":[{"href":"https:\/\/www.europesays.com\/es\/wp-json\/wp\/v2\/posts"}],"about":[{"href":"https:\/\/www.europesays.com\/es\/wp-json\/wp\/v2\/types\/post"}],"author":[{"embeddable":true,"href":"https:\/\/www.europesays.com\/es\/wp-json\/wp\/v2\/users\/2"}],"replies":[{"embeddable":true,"href":"https:\/\/www.europesays.com\/es\/wp-json\/wp\/v2\/comments?post=139312"}],"version-history":[{"count":0,"href":"https:\/\/www.europesays.com\/es\/wp-json\/wp\/v2\/posts\/139312\/revisions"}],"wp:featuredmedia":[{"embeddable":true,"href":"https:\/\/www.europesays.com\/es\/wp-json\/wp\/v2\/media\/139313"}],"wp:attachment":[{"href":"https:\/\/www.europesays.com\/es\/wp-json\/wp\/v2\/media?parent=139312"}],"wp:term":[{"taxonomy":"category","embeddable":true,"href":"https:\/\/www.europesays.com\/es\/wp-json\/wp\/v2\/categories?post=139312"},{"taxonomy":"post_tag","embeddable":true,"href":"https:\/\/www.europesays.com\/es\/wp-json\/wp\/v2\/tags?post=139312"}],"curies":[{"name":"wp","href":"https:\/\/api.w.org\/{rel}","templated":true}]}}